{"id":13811,"date":"2026-04-29T08:08:22","date_gmt":"2026-04-29T08:08:22","guid":{"rendered":"https:\/\/akdenizolay.com.tr\/index.php\/2026\/04\/29\/guvenli-gidaya-ulasimin-merkezi-kectas-glutensiz-kafe-firin\/"},"modified":"2026-04-29T08:08:23","modified_gmt":"2026-04-29T08:08:23","slug":"guvenli-gidaya-ulasimin-merkezi-kectas-glutensiz-kafe-firin","status":"publish","type":"post","link":"https:\/\/akdenizolay.com.tr\/index.php\/2026\/04\/29\/guvenli-gidaya-ulasimin-merkezi-kectas-glutensiz-kafe-firin\/","title":{"rendered":"G\u00fcvenli G\u0131daya Ula\u015f\u0131m\u0131n Merkezi KE\u00c7TA\u015e Gl\u00fctensiz Kafe-F\u0131r\u0131n"},"content":{"rendered":"<p> Ke\u00e7i\u00f6ren Belediyesi taraf\u0131ndan \u00e7\u00f6lyak hastalar\u0131 ve gl\u00fctensiz beslenmek zorunda olan vatanda\u015flar\u0131n g\u00fcvenli ve s\u00fcrd\u00fcr\u00fclebilir g\u0131daya ula\u015fabilmesi i\u00e7in hizmete a\u00e7\u0131lan\u00a0<b>Gl\u00fctensiz Kafe-F\u0131r\u0131n<\/b>, gl\u00fctensiz \u00fcretim standartlar\u0131na uygun altyap\u0131s\u0131yla misafirlerini a\u011f\u0131rlamaya devam ediyor. A\u015fa\u011f\u0131 E\u011flence Mahallesi Kanuni Park\u0131 i\u00e7erisinde yer alan Kafe-F\u0131r\u0131n yo\u011fun ilgi g\u00f6r\u00fcrken, t\u00fcm \u00fcretim s\u00fcre\u00e7leri \u00e7apraz bula\u015fma riskini ortadan kald\u0131racak \u015fekilde \u00f6zel olarak planlanarak ger\u00e7ekle\u015ftiriliyor.<\/p>\n<p><b>Sosyalle\u015fme imk\u00e2n\u0131 da sunuyor<\/b><\/p>\n<p>Kafe-F\u0131r\u0131nda kullan\u0131lan t\u00fcm hammaddeler, sertifikal\u0131 ve y\u00fcksek kalite standartlar\u0131na sahip gl\u00fctensiz \u00fcr\u00fcnlerden se\u00e7ilirken; i\u00e7ecekler de d\u00e2hil olmak \u00fczere sunulan hi\u00e7bir \u00fcr\u00fcnde gl\u00fcten bulunmuyor. Meyve suyu ve kahve \u00e7e\u015fitlerinden unlu mamullere kadar geni\u015f \u00fcr\u00fcn yelpazesi, t\u00fcketicilere g\u00fcvenli ve eri\u015filebilir se\u00e7enekler sunuyor. \u00dcretimler, alan\u0131nda uzman ustalar ve g\u0131da m\u00fchendislerinin koordinasyonunda y\u00fcr\u00fct\u00fclerek hem hijyen hem de g\u0131da g\u00fcvenli\u011fi en \u00fcst seviyede tutuluyor. Gl\u00fctensiz Kafe-F\u0131r\u0131n, bir yeme-i\u00e7me alan\u0131 olman\u0131n \u00f6tesinde; g\u00fcvenli t\u00fcketim ve sosyal ya\u015fam imk\u00e2n\u0131 sunan nitelikli bir merkez olarak da ilgi \u00e7ekiyor.<\/p>\n<p><b>Ba\u015fkan \u00d6zarslan\u2019a te\u015fekk\u00fcr<\/b><\/p>\n<p>\u00c7\u00f6lyak hastalar\u0131 ve gl\u00fctensiz beslenmek zorunda olan vatanda\u015flar, b\u00f6yle bir merkezin hayata ge\u00e7irilmesinden duyduklar\u0131 memnuniyeti dile getirerek, Kafe-F\u0131r\u0131n\u0131n a\u00e7\u0131lmas\u0131na \u00f6nc\u00fcl\u00fck eden Ke\u00e7i\u00f6ren Belediye Ba\u015fkan\u0131 Dr. Mesut \u00d6zarslan\u2019a te\u015fekk\u00fcr ediyor.\u00a0<\/p>\n<p>\u00a0<\/p>\n<p>Kaynak: (BYZHA) Beyaz Haber Ajans\u0131<\/p>\n","protected":false},"excerpt":{"rendered":"<p>Ke\u00e7i\u00f6ren Belediyesi taraf\u0131ndan \u00e7\u00f6lyak hastalar\u0131 ve gl\u00fctensiz beslenmek zorunda olan vatanda\u015flar\u0131n g\u00fcvenli ve s\u00fcrd\u00fcr\u00fclebilir g\u0131daya ula\u015fabilmesi i\u00e7in hizmete a\u00e7\u0131lan\u00a0Gl\u00fctensiz Kafe-F\u0131r\u0131n, gl\u00fctensiz \u00fcretim standartlar\u0131na uygun altyap\u0131s\u0131yla misafirlerini a\u011f\u0131rlamaya devam ediyor.<\/p>\n","protected":false},"author":1,"featured_media":13812,"comment_status":"open","ping_status":"open","sticky":false,"template":"","format":"standard","meta":{"footnotes":""},"categories":[20],"tags":[],"class_list":["post-13811","post","type-post","status-publish","format-standard","has-post-thumbnail","hentry","category-gundem"],"_links":{"self":[{"href":"https:\/\/akdenizolay.com.tr\/index.php\/wp-json\/wp\/v2\/posts\/13811","targetHints":{"allow":["GET"]}}],"collection":[{"href":"https:\/\/akdenizolay.com.tr\/index.php\/wp-json\/wp\/v2\/posts"}],"about":[{"href":"https:\/\/akdenizolay.com.tr\/index.php\/wp-json\/wp\/v2\/types\/post"}],"author":[{"embeddable":true,"href":"https:\/\/akdenizolay.com.tr\/index.php\/wp-json\/wp\/v2\/users\/1"}],"replies":[{"embeddable":true,"href":"https:\/\/akdenizolay.com.tr\/index.php\/wp-json\/wp\/v2\/comments?post=13811"}],"version-history":[{"count":1,"href":"https:\/\/akdenizolay.com.tr\/index.php\/wp-json\/wp\/v2\/posts\/13811\/revisions"}],"predecessor-version":[{"id":13813,"href":"https:\/\/akdenizolay.com.tr\/index.php\/wp-json\/wp\/v2\/posts\/13811\/revisions\/13813"}],"wp:featuredmedia":[{"embeddable":true,"href":"https:\/\/akdenizolay.com.tr\/index.php\/wp-json\/wp\/v2\/media\/13812"}],"wp:attachment":[{"href":"https:\/\/akdenizolay.com.tr\/index.php\/wp-json\/wp\/v2\/media?parent=13811"}],"wp:term":[{"taxonomy":"category","embeddable":true,"href":"https:\/\/akdenizolay.com.tr\/index.php\/wp-json\/wp\/v2\/categories?post=13811"},{"taxonomy":"post_tag","embeddable":true,"href":"https:\/\/akdenizolay.com.tr\/index.php\/wp-json\/wp\/v2\/tags?post=13811"}],"curies":[{"name":"wp","href":"https:\/\/api.w.org\/{rel}","templated":true}]}}