{"id":13820,"date":"2026-04-29T08:19:12","date_gmt":"2026-04-29T08:19:12","guid":{"rendered":"https:\/\/akdenizolay.com.tr\/index.php\/2026\/04\/29\/buca-metrosunda-2028-hedefi-icin-calismalar-suruyor\/"},"modified":"2026-04-29T08:19:13","modified_gmt":"2026-04-29T08:19:13","slug":"buca-metrosunda-2028-hedefi-icin-calismalar-suruyor","status":"publish","type":"post","link":"https:\/\/akdenizolay.com.tr\/index.php\/2026\/04\/29\/buca-metrosunda-2028-hedefi-icin-calismalar-suruyor\/","title":{"rendered":"Buca Metrosu\u2019nda 2028 hedefi i\u00e7in \u00e7al\u0131\u015fmalar s\u00fcr\u00fcyor"},"content":{"rendered":"<p> \u0130zmir B\u00fcy\u00fck\u015fehir Belediyesi, \u0130zmir tarihinin tek kalemde ger\u00e7ekle\u015ftirilen en b\u00fcy\u00fck yat\u0131r\u0131m\u0131\u00a0 Buca Metrosu\u2019nu hedeflendi\u011fi gibi 2028 y\u0131l\u0131nda tamamlamak i\u00e7in \u00e7al\u0131\u015fmalar\u0131na devam ediyor. \u0130zmir B\u00fcy\u00fck\u015fehir Belediyesi Rayl\u0131 Sistemler Dairesi Ba\u015fkan\u0131 Alpaslan Kara, \u201cG\u00fcnde 400 bin yolcuya hizmet verecek, konforlu, g\u00fcvenli ve h\u0131zl\u0131 bir ula\u015f\u0131m altyap\u0131s\u0131n\u0131 \u0130zmir halk\u0131na sunmu\u015f olaca\u011f\u0131z. Bir an evvel i\u015fletmeye ba\u015flamak i\u00e7in sab\u0131rs\u0131zl\u0131kla \u00e7al\u0131\u015fmalar\u0131m\u0131z\u0131 s\u00fcrd\u00fcr\u00fcyoruz\u201d \u015feklinde konu\u015ftu.<\/p>\n<p>Son iki y\u0131lda rayl\u0131 sistem yat\u0131r\u0131mlar\u0131nda \u00f6nemli bir ivme yakalayan \u0130zmir B\u00fcy\u00fck\u015fehir Belediyesi, \u00f6z kaynaklar\u0131yla y\u00fcr\u00fctt\u00fc\u011f\u00fc 765 milyon Euro b\u00fct\u00e7eli Buca Metrosu\u2019nda \u00e7al\u0131\u015fmalar\u0131n\u0131 s\u00fcrd\u00fcr\u00fcyor. 13,5 kilometrelik \u00c7aml\u0131kule-\u00dc\u00e7yol aras\u0131nda t\u00fcnel kaz\u0131lar\u0131n\u0131n tamamlanmas\u0131n\u0131n ard\u0131ndan hatt\u0131n Fuar \u0130zmir\u2019e ula\u015ft\u0131r\u0131lmas\u0131 i\u00e7in de t\u00fcnel a\u00e7ma makineleriyle kaz\u0131ya ba\u015flayan B\u00fcy\u00fck\u015fehir Belediyesi, projeyi 2028 y\u0131l\u0131nda tamamlamay\u0131 hedefliyor. 17,8 kilometrelik hatt\u0131n bitirilmesiyle Buca Metrosu \u00dc\u00e7yol\u2019da mevcut metro hatt\u0131na, \u015eirinyer\u2019de ise \u0130ZBAN\u2019a entegre olacak ve Buca\u2019dan kent merkezine ula\u015f\u0131m b\u00fcy\u00fck \u00f6l\u00e7\u00fcde h\u0131zlanacak.<\/p>\n<p><strong>Kara: Projenin y\u00fczde 45\u2019ini tamamlam\u0131\u015f bulunuyoruz<\/strong><br \/>\u0130zmir B\u00fcy\u00fck\u015fehir Belediyesi Rayl\u0131 Sistemler Dairesi Ba\u015fkan\u0131 Alpaslan Kara, \u201cTamamland\u0131\u011f\u0131nda 17,8 kilometre uzunlu\u011funda olacak Buca Metrosu projesi, 14 istasyondan olu\u015facak. Projenin y\u00fczde 45\u2019ini tamamlam\u0131\u015f bulunuyoruz. T\u00fcnellerde ise y\u00fczde 67 seviyesindeyiz. \u00dc\u00e7yol\u2019dan \u00c7aml\u0131kule istasyonuna kadar olan \u00e7ift hat t\u00fcnelimiz tamamlanm\u0131\u015f durumda. Proje y\u00fcr\u00fct\u00fcl\u00fcrken uzat\u0131lmas\u0131na karar verilen \u00c7aml\u0131kule-Fuar \u0130zmir aras\u0131ndaki t\u00fcnellerin imalat\u0131na ba\u015flad\u0131k. Bu uzatma hatt\u0131 i\u00e7in Ula\u015ft\u0131rma ve Altyap\u0131 Bakanl\u0131\u011f\u0131 Altyap\u0131 Yat\u0131r\u0131mlar\u0131 Genel M\u00fcd\u00fcrl\u00fc\u011f\u00fc\u2019nden onay\u0131m\u0131z\u0131 da ald\u0131k. Projenin tamam\u0131nda 4 TBM ile t\u00fcnellerimizi kazd\u0131k. Bug\u00fcn itibariyle 3 TBM \u00e7al\u0131\u015fmakta. 4. TBM\u2019nin de k\u0131sa s\u00fcrede \u00e7al\u0131\u015fmalar\u0131n\u0131n ba\u015flamas\u0131n\u0131 bekliyoruz\u201d dedi.\u00a0<\/p>\n<p><strong>\u201cSab\u0131rs\u0131zlan\u0131yoruz\u201d<\/strong><br \/>Bir\u00e7ok istasyonda in\u015fa faaliyetlerinin s\u00fcrd\u00fc\u011f\u00fcn\u00fc belirten Kara, \u201cBir metro projesinde zaman zaman t\u00fcm istasyonlarda ayn\u0131 ilerleme olmaz. Zaman zaman teknik ve lojistik haz\u0131rl\u0131klar yap\u0131l\u0131r. Kimi zaman da istasyonlardaki in\u015fa faaliyetleri s\u00fcrer. \u0130n\u015fa faaliyetinin s\u00fcrd\u00fc\u011f\u00fc Buca Koop istasyonunda TBM\u2019nin hafriyat \u00e7al\u0131\u015fmalar\u0131 ve betonarme \u00e7al\u0131\u015fmalar\u0131m\u0131z devam ediyor. General As\u0131m G\u00fcnd\u00fcz, \u015eirinyer, \u00c7aml\u0131kule\u2019de in\u015fa faaliyetlerimiz devam ediyor. Hem betonarme hem de beton imalatlar\u0131m\u0131z s\u00fcr\u00fcyor. 3 TBM de faal olarak \u00e7al\u0131\u015fmaya devam ediyor. 2028 itibariyle projemizde trenlerin de temininin ard\u0131ndan i\u015fletmeye ba\u015flamay\u0131 planl\u0131yoruz. Proje tamamland\u0131\u011f\u0131nda g\u00fcnde 400 bin yolcuya hizmet verecek, konforlu, g\u00fcvenli ve h\u0131zl\u0131 bir ula\u015f\u0131m altyap\u0131s\u0131n\u0131 \u0130zmir halk\u0131na sunmu\u015f olaca\u011f\u0131z. Bir an evvel i\u015fletmeye ba\u015flamak i\u00e7in sab\u0131rs\u0131zl\u0131kla \u00e7al\u0131\u015fmalar\u0131m\u0131z\u0131 s\u00fcrd\u00fcr\u00fcyoruz\u201d \u015feklinde konu\u015ftu.\u00a0<\/p>\n<p><strong>\u201cFizibilite \u00e7al\u0131\u015fmalar\u0131 da tamamlanma a\u015famas\u0131na geldi\u201d<\/strong><br \/>Hatt\u0131n Fuar \u0130zmir\u2019e uzat\u0131lmas\u0131 \u00e7al\u0131\u015fmalar\u0131n\u0131n da s\u00fcrd\u00fc\u011f\u00fcn\u00fc kaydeden Kara, \u201c\u00c7aml\u0131kule \u2013 Fuar \u0130zmir aras\u0131 yakla\u015f\u0131k 4,5 kilometre. Buras\u0131n\u0131 2027 y\u0131l\u0131 i\u00e7inde tamamlamay\u0131 planl\u0131yoruz. 2 TBM, Fuar \u0130zmir\u2019de \u00c7aml\u0131kule\u2019ye, 2 TBM de \u00c7aml\u0131kule\u2019den Fuar \u0130zmir\u2019e do\u011fru gidecek. Bunlar\u0131n tahminimize g\u00f6re Buca Anadolu Lisesi b\u00f6lgesinde a\u00e7aca\u011f\u0131m\u0131z TBM \u015faft\u0131nda bulu\u015fmalar\u0131n\u0131 \u00f6ng\u00f6r\u00fcyoruz. Buras\u0131 ayn\u0131 zamanda fizibilite \u00e7al\u0131\u015fmalar\u0131n\u0131 s\u00fcrd\u00fcrd\u00fc\u011f\u00fcm\u00fcz Buca Anadolu Lisesi istasyonu olacakt\u0131r. Bu uzatma hatt\u0131nda yapaca\u011f\u0131m\u0131z 3 rezerv istasyonla ilgili fizibilite \u00e7al\u0131\u015fmalar\u0131 da tamamlanma a\u015famas\u0131na geldi. Tahmin ediyorum \u00f6n\u00fcm\u00fczdeki ay Ula\u015ft\u0131rma ve Altyap\u0131 Bakanl\u0131\u011f\u0131 ile g\u00f6r\u00fc\u015fmelere ba\u015flayaca\u011f\u0131z, son halini verece\u011fiz. Buca halk\u0131n\u0131n da konforlu bir ula\u015f\u0131ma sahip olmas\u0131 i\u00e7in gerekli istasyonlar\u0131n in\u015fas\u0131na ba\u015flayaca\u011f\u0131z\u201d dedi.\u00a0<\/p>\n<p><strong>\u201cKaraba\u011flar Metrosu projemiz bakanl\u0131k taraf\u0131ndan onayland\u0131\u201d<\/strong><br \/>Son olarak kent genelinde ula\u015f\u0131m projelerine yo\u011funla\u015ft\u0131klar\u0131n\u0131 kaydeden Kara, \u201c\u0130zmir\u2019in \u00f6zellikle Karaba\u011flar ve Buca il\u00e7esi gibi \u00e7ok b\u00fcy\u00fck bir n\u00fcfus yo\u011funlu\u011funa ve ula\u015f\u0131m altyap\u0131s\u0131na ihtiyac\u0131 olan b\u00f6lgelerimiz. \u0130ki b\u00f6lge i\u00e7in de \u00e7ok ciddi ula\u015f\u0131m projelerimiz var. Karaba\u011flar Metrosu projemiz bakanl\u0131k taraf\u0131ndan onayland\u0131, \u00f6n\u00fcm\u00fczdeki d\u00f6nemde ihalesi i\u00e7in finansman ve ihale \u00e7al\u0131\u015fmalar\u0131 ba\u015flayacak. Buca Metrosu da bu d\u00f6nem i\u00e7inde tamamlanacak \u015fekilde \u00e7al\u0131\u015fmalar\u0131m\u0131z s\u00fcr\u00fcyor. Bu sene bitmeden Buca Metrosu ara\u00e7lar\u0131 i\u00e7in ihale haz\u0131rl\u0131klar\u0131m\u0131z\u0131 tamamlam\u0131\u015f olaca\u011f\u0131z. \u0130n\u015faat \u00e7al\u0131\u015fmalar\u0131n\u0131n tamamlanmas\u0131yla, ara\u00e7lar\u0131n da burada olmas\u0131n\u0131 hedefliyoruz. Ara\u00e7lar geldi\u011finde bir an evvel testlere ba\u015flay\u0131p hatt\u0131m\u0131z\u0131n i\u015fletmeye a\u00e7\u0131lmas\u0131 s\u00f6z konusu olacak\u201d ifadelerini kulland\u0131.\u00a0<\/p>\n<p>\u00a0<\/p>\n<p>\u00a0<\/p>\n<p>Kaynak: (BYZHA) Beyaz Haber Ajans\u0131<\/p>\n","protected":false},"excerpt":{"rendered":"<p>\u0130zmir B\u00fcy\u00fck\u015fehir Belediyesi, \u0130zmir tarihinin tek kalemde ger\u00e7ekle\u015ftirilen en b\u00fcy\u00fck yat\u0131r\u0131m\u0131\u00a0 Buca Metrosu\u2019nu hedeflendi\u011fi gibi 2028 y\u0131l\u0131nda tamamlamak i\u00e7in \u00e7al\u0131\u015fmalar\u0131na devam ediyor.<\/p>\n","protected":false},"author":1,"featured_media":13821,"comment_status":"open","ping_status":"open","sticky":false,"template":"","format":"standard","meta":{"footnotes":""},"categories":[20],"tags":[],"class_list":["post-13820","post","type-post","status-publish","format-standard","has-post-thumbnail","hentry","category-gundem"],"_links":{"self":[{"href":"https:\/\/akdenizolay.com.tr\/index.php\/wp-json\/wp\/v2\/posts\/13820","targetHints":{"allow":["GET"]}}],"collection":[{"href":"https:\/\/akdenizolay.com.tr\/index.php\/wp-json\/wp\/v2\/posts"}],"about":[{"href":"https:\/\/akdenizolay.com.tr\/index.php\/wp-json\/wp\/v2\/types\/post"}],"author":[{"embeddable":true,"href":"https:\/\/akdenizolay.com.tr\/index.php\/wp-json\/wp\/v2\/users\/1"}],"replies":[{"embeddable":true,"href":"https:\/\/akdenizolay.com.tr\/index.php\/wp-json\/wp\/v2\/comments?post=13820"}],"version-history":[{"count":1,"href":"https:\/\/akdenizolay.com.tr\/index.php\/wp-json\/wp\/v2\/posts\/13820\/revisions"}],"predecessor-version":[{"id":13822,"href":"https:\/\/akdenizolay.com.tr\/index.php\/wp-json\/wp\/v2\/posts\/13820\/revisions\/13822"}],"wp:featuredmedia":[{"embeddable":true,"href":"https:\/\/akdenizolay.com.tr\/index.php\/wp-json\/wp\/v2\/media\/13821"}],"wp:attachment":[{"href":"https:\/\/akdenizolay.com.tr\/index.php\/wp-json\/wp\/v2\/media?parent=13820"}],"wp:term":[{"taxonomy":"category","embeddable":true,"href":"https:\/\/akdenizolay.com.tr\/index.php\/wp-json\/wp\/v2\/categories?post=13820"},{"taxonomy":"post_tag","embeddable":true,"href":"https:\/\/akdenizolay.com.tr\/index.php\/wp-json\/wp\/v2\/tags?post=13820"}],"curies":[{"name":"wp","href":"https:\/\/api.w.org\/{rel}","templated":true}]}}