{"id":13844,"date":"2026-04-29T08:38:35","date_gmt":"2026-04-29T08:38:35","guid":{"rendered":"https:\/\/akdenizolay.com.tr\/index.php\/2026\/04\/29\/cenaze-hizmetleri-emin-ellerde\/"},"modified":"2026-04-29T08:38:36","modified_gmt":"2026-04-29T08:38:36","slug":"cenaze-hizmetleri-emin-ellerde","status":"publish","type":"post","link":"https:\/\/akdenizolay.com.tr\/index.php\/2026\/04\/29\/cenaze-hizmetleri-emin-ellerde\/","title":{"rendered":"Cenaze hizmetleri emin ellerde"},"content":{"rendered":"<p> B\u00fcy\u00fck\u015fehir Belediyesi\u2019nin cenaze hizmetleri, sosyal belediyecilik \u00f6rne\u011fi olarak \u00f6ne \u00e7\u0131k\u0131yor. 7 g\u00fcn 24 saat g\u00f6revlerinin ba\u015f\u0131nda olan ekipler, vatanda\u015flar\u0131n en zor g\u00fcnlerinde yanlar\u0131nda oluyor.<\/p>\n<p><b>VATANDA\u015eIN ZOR ANLARI KOLAYLA\u015eTIRILIYOR<\/b><\/p>\n<p>Kocaeli B\u00fcy\u00fck\u015fehir Belediyesi Mezarl\u0131klar \u015eube M\u00fcd\u00fcrl\u00fc\u011f\u00fc, vatanda\u015flar\u0131n en zor ve en hassas anlar\u0131nda kesintisiz hizmet anlay\u0131\u015f\u0131yla \u00e7al\u0131\u015fmalar\u0131n\u0131 s\u00fcrd\u00fcr\u00fcyor. Alan\u0131nda deneyimli personel taraf\u0131ndan sunulan cenaze nakil, gasilhane, defin i\u015flemleri ve mezarl\u0131k bak\u0131m hizmetleri; h\u0131zl\u0131, d\u00fczenli ve koordineli bir \u015fekilde ger\u00e7ekle\u015ftiriliyor. Vatanda\u015flar\u0131n bu zorlu s\u00fcre\u00e7te yaln\u0131z kalmamas\u0131 i\u00e7in t\u00fcm a\u015famalar planl\u0131 bir \u015fekilde ilerletilirken, gerekli bilgilendirmeler de eksiksiz olarak sa\u011flan\u0131yor.<\/p>\n<p><strong>KES\u0130NT\u0130S\u0130Z CENAZE H\u0130ZMETLER\u0130<\/strong><\/p>\n<p>B\u00fcy\u00fck\u015fehir Belediyesi taraf\u0131ndan sunulan cenaze nakil, gasilhane, defin ve mezarl\u0131k hizmetlerinin tamam\u0131 vatanda\u015flara \u00fccretsiz olarak sa\u011flan\u0131yor. Sosyal belediyecilik anlay\u0131\u015f\u0131 do\u011frultusunda, hi\u00e7bir vatanda\u015f\u0131n bu zorlu s\u00fcre\u00e7te maddi y\u00fck alt\u0131nda kalmamas\u0131 hedefleniyor. \u0130l genelindeki mezarl\u0131klarda defin i\u015flemleri d\u00fczenli ve planl\u0131 \u015fekilde s\u00fcrd\u00fcr\u00fcl\u00fcrken, \u015fehir i\u00e7i ve \u015fehir d\u0131\u015f\u0131 cenaze nakil hizmetleri de kesintisiz olarak devam ediyor. Resmi i\u015flemler konusunda vatanda\u015flara rehberlik edilerek s\u00fcrecin sa\u011fl\u0131kl\u0131 ve h\u0131zl\u0131 ilerlemesi sa\u011flan\u0131yor.<\/p>\n<p><strong>MEZARLIKLARDA D\u00dcZENL\u0130 BAKIM VE TEM\u0130ZL\u0130K<\/strong><\/p>\n<p>Mezarl\u0131k alanlar\u0131nda bak\u0131m, onar\u0131m, budama ve temizlik \u00e7al\u0131\u015fmalar\u0131 periyodik olarak ger\u00e7ekle\u015ftiriliyor. Yap\u0131lan \u00e7al\u0131\u015fmalarla mezarl\u0131klar daha d\u00fczenli ve ziyaretler i\u00e7in daha uygun hale getirilirken, ekipler sahada aktif g\u00f6rev al\u0131yor. Mezarl\u0131klar \u015eube M\u00fcd\u00fcrl\u00fc\u011f\u00fc, y\u00fcr\u00fctt\u00fc\u011f\u00fc hizmetleri yaln\u0131zca bir g\u00f6rev olarak de\u011fil, ayn\u0131 zamanda \u00f6nemli bir manevi sorumluluk olarak de\u011ferlendiriyor. Emanet bilinciyle hareket eden ekipler; sayg\u0131, titizlik ve kurumsal disiplin anlay\u0131\u015f\u0131yla vatanda\u015flar\u0131n yan\u0131nda olmaya devam ediyor.<\/p>\n<p>\u00a0<\/p>\n<p>Kaynak: (BYZHA) Beyaz Haber Ajans\u0131<\/p>\n","protected":false},"excerpt":{"rendered":"<p>B\u00fcy\u00fck\u015fehir Belediyesi\u2019nin cenaze hizmetleri, sosyal belediyecilik \u00f6rne\u011fi olarak \u00f6ne \u00e7\u0131k\u0131yor.<\/p>\n","protected":false},"author":1,"featured_media":13845,"comment_status":"open","ping_status":"open","sticky":false,"template":"","format":"standard","meta":{"footnotes":""},"categories":[20],"tags":[],"class_list":["post-13844","post","type-post","status-publish","format-standard","has-post-thumbnail","hentry","category-gundem"],"_links":{"self":[{"href":"https:\/\/akdenizolay.com.tr\/index.php\/wp-json\/wp\/v2\/posts\/13844","targetHints":{"allow":["GET"]}}],"collection":[{"href":"https:\/\/akdenizolay.com.tr\/index.php\/wp-json\/wp\/v2\/posts"}],"about":[{"href":"https:\/\/akdenizolay.com.tr\/index.php\/wp-json\/wp\/v2\/types\/post"}],"author":[{"embeddable":true,"href":"https:\/\/akdenizolay.com.tr\/index.php\/wp-json\/wp\/v2\/users\/1"}],"replies":[{"embeddable":true,"href":"https:\/\/akdenizolay.com.tr\/index.php\/wp-json\/wp\/v2\/comments?post=13844"}],"version-history":[{"count":1,"href":"https:\/\/akdenizolay.com.tr\/index.php\/wp-json\/wp\/v2\/posts\/13844\/revisions"}],"predecessor-version":[{"id":13846,"href":"https:\/\/akdenizolay.com.tr\/index.php\/wp-json\/wp\/v2\/posts\/13844\/revisions\/13846"}],"wp:featuredmedia":[{"embeddable":true,"href":"https:\/\/akdenizolay.com.tr\/index.php\/wp-json\/wp\/v2\/media\/13845"}],"wp:attachment":[{"href":"https:\/\/akdenizolay.com.tr\/index.php\/wp-json\/wp\/v2\/media?parent=13844"}],"wp:term":[{"taxonomy":"category","embeddable":true,"href":"https:\/\/akdenizolay.com.tr\/index.php\/wp-json\/wp\/v2\/categories?post=13844"},{"taxonomy":"post_tag","embeddable":true,"href":"https:\/\/akdenizolay.com.tr\/index.php\/wp-json\/wp\/v2\/tags?post=13844"}],"curies":[{"name":"wp","href":"https:\/\/api.w.org\/{rel}","templated":true}]}}