{"id":13853,"date":"2026-04-29T08:49:02","date_gmt":"2026-04-29T08:49:02","guid":{"rendered":"https:\/\/akdenizolay.com.tr\/index.php\/2026\/04\/29\/karbonsuzlasma-karbon-piyasasi-ve-iklim-teknolojileri-icin-is-dunyasi-itude\/"},"modified":"2026-04-29T08:49:04","modified_gmt":"2026-04-29T08:49:04","slug":"karbonsuzlasma-karbon-piyasasi-ve-iklim-teknolojileri-icin-is-dunyasi-itude","status":"publish","type":"post","link":"https:\/\/akdenizolay.com.tr\/index.php\/2026\/04\/29\/karbonsuzlasma-karbon-piyasasi-ve-iklim-teknolojileri-icin-is-dunyasi-itude\/","title":{"rendered":"Karbonsuzla\u015fma, Karbon Piyasas\u0131 ve \u0130klim Teknolojileri \u0130\u00e7in \u0130\u015f D\u00fcnyas\u0131 \u0130T\u00dc\u2019de"},"content":{"rendered":"<p> <strong>\u0130klim krizinin ya\u015famdaki zorluklar\u0131n\u0131 ya\u015farken, do\u011frudan ve dolayl\u0131 etkilerimizle her birimiz ve end\u00fcstrimiz iklimimizi de\u011fi\u015ftirmeyi s\u00fcrd\u00fcr\u00fcyoruz. Bu gidi\u015fata dur demek i\u00e7in\u00a0\u201cKarbonsuzla\u015fma, Karbon Piyasas\u0131 ve \u0130klim Teknolojileri\u201d temas\u0131yla payda\u015flar\u00a011. \u0130stanbul Karbon Zirvesi\u2019nde bir araya gelirken liderler \u00fclkemiz ve gezegenimiz i\u00e7in \u0130T\u00dc\u2019de konu\u015facak.<\/strong><\/p>\n<p>\u00c7evre, \u015eehircilik ve \u0130klim De\u011fi\u015fikli\u011fi Bakanl\u0131\u011f\u0131 (\u00c7\u015e\u0130DB) ve \u0130stanbul Teknik \u00dcniversitesi (\u0130T\u00dc) ana deste\u011finde S\u00fcrd\u00fcr\u00fclebilir \u00dcretim ve T\u00fcketim Derne\u011fi (S\u00dcT-D), 11. \u0130stanbul Karbon Zirvesi\u2019nde i\u015f d\u00fcnyas\u0131, resm\u00ee erk, yerel y\u00f6netim, akademi, \u00f6\u011frenci,sivil toplum ve medyay\u0131 Karbonsuz Karbon Zirvesi\u2019nde 4-5 May\u0131s 2026 tarihlerinde \u0130T\u00dc\u2019de bir araya getirirken karbon cimrilerini \u00f6d\u00fcllendirecek.<\/p>\n<p><strong>Karbonsuz karbon zirvesinde liderler \u00fclkemiz ve gezegenimiz i\u00e7in konu\u015facak\u00a0\u00a0<\/strong><\/p>\n<p>\u0130T\u00dc \u00d6\u011fretim \u00dcyesi ve S\u00dcT-D Ba\u015fkan\u0131\u00a0<strong>Prof.Dr.Filiz Karaosmano\u011flu,<\/strong>\u00a04-5 May\u0131s 2026 tarihlerinde\u00a0<strong>ST Climate<\/strong>\u00a0deste\u011finde \u201cKarbon N\u00f6tr\u201d ger\u00e7ekle\u015ftirece\u011fimiz \u201cKarbonsuzla\u015fma, Karbon Piyasas\u0131 ve \u0130klim Teknolojileri\u201d temal\u0131 11.\u0130stanbul Karbon Zirvesi a\u00e7\u0131l\u0131\u015f\u0131n\u0131 \u0130T\u00dc Rekt\u00f6r\u00fc\u00a0<strong>Prof.Dr. Hasan Mandal<\/strong>\u00a0ve \u00c7\u015e\u0130DB \u00c7evre Y\u00f6netimi Genel M\u00fcd\u00fcr\u00fc\u00a0<strong>Fatih Turan<\/strong>\u00a0yapacak. Etkinli\u011fimizin ikinci g\u00fcn\u00fcne Enerji ve Tabii Kaynaklar Bakan Yard\u0131mc\u0131s\u0131\u00a0<strong>Dr.Zafer Demircan<\/strong>\u2019\u0131n te\u015frifini bekliyoruz. \u00c7\u015e\u0130DB \u0130klim De\u011fi\u015fikli\u011fi Ba\u015fkan Yard\u0131mc\u0131s\u0131\u00a0<strong>Orhan Solak<\/strong>\u00a0delegelere hitap ederken \u201cBelirsizli\u011fin G\u00f6lgesinde, \u0130nk\u00e2r ve \u015e\u00fcpheye Ra\u011fmen \u0130klim Teknolojileri ve Yenilik\u00e7i Finansman; Karbonsuzla\u015fma Yolunda \u00dclkemiz; Tekstil Sekt\u00f6r\u00fc ve Karbon Y\u00f6netimi; Karbon Y\u00f6netimi ve End\u00fcstri; Karbon Y\u00f6netimi ve Enerji\u201d adl\u0131 oturumlar\u0131m\u0131zda liderler \u00fclkemiz ve gezegenimiz i\u00e7in konu\u015facak. Antalya\u2019da Kas\u0131m 2026\u2019da yap\u0131lacak Birle\u015fmi\u015f Milletler \u0130klim De\u011fi\u015fikli\u011fi \u00c7er\u00e7eve S\u00f6zle\u015fmesi 31. Taraflar Konferans\u0131 (COP31) \u00f6ncesinde zirvemiz ayr\u0131cal\u0131kl\u0131 konumda bilgisini vererek 2048 Karbon N\u00f6tr \u00a0 hedefiyle ilerleyen\u00a0<strong>\u0130T\u00dc<\/strong>\u2019n\u00fcn\u00a02025 UI GreenMetric s\u0131ralamas\u0131nda \u201cD\u00fcnyan\u0131n En\u00a0S\u00fcrd\u00fcr\u00fclebilir 25.; Avrupa\u2019da 15.; T\u00fcrkiye\u2019de\u00a01\u2019inci,\u00a0baharda ayr\u0131 g\u00fczel Ayaza\u011fa Yerle\u015fkesi\u2019ndeki konusunun ilki ve teki etkinlik i\u00e7in davetini sundu.<\/p>\n<p><strong>S\u00dcT-D karbon cimrilerini \u00f6d\u00fcllendirecek\u00a0<\/strong><\/p>\n<p>Faaliyetlerinde T\u00fcrkiye karbon y\u00f6netimi kapasitesini art\u0131rma ile karbonsuzla\u015fma yolunda, s\u00fcrd\u00fcr\u00fclebilir ya\u015famda bilgi ve fark\u0131ndal\u0131\u011f\u0131 yayman\u0131n \u00f6ncelikli oldu\u011funu vurgulayan\u00a0<strong>Prof. Karaosmano\u011flu<\/strong>, S\u00dcT-D K\u00fc\u00e7\u00fck Karbon Kahraman\u0131 \u00d6d\u00fcl\u00fc ve S\u00dcT-D D\u00fc\u015f\u00fck Karbon Kahraman\u0131 \u00d6d\u00fcl\u00fc ile karbon cimrilerini, \u00f6d\u00fcll\u00fc zirvemizde \u00f6d\u00fcllendiriyoruz. S\u00dcT-D\u2019nin de \u00f6d\u00fclleri var.S\u00dcT-D\u2019nin\u00a0<strong>T\u00fcrkiye \u0130n\u015faat Malzemesi Sanayicileri Derne\u011fi<\/strong>\u00a0<strong>Gelece\u011fe Yat\u0131r\u0131m \u00d6d\u00fclleri-Sivil Toplum \u00a0Etkinlik kategorisinde 2023 y\u0131l\u0131 birincisi \u0130stanbul Karbon Zirve\u2019miz ile 2021 y\u0131l\u0131 birincisi de<\/strong>\u00a0S\u00dcT-D K\u00fc\u00e7\u00fck Karbon Kahraman\u0131 \u00d6d\u00fcl\u00fc\u2019m\u00fcz gururlar\u0131m\u0131z. Be\u015fikta\u015f Bilim ve Sanat Merkezi (B\u0130LSEM)\u00a02025-2026\u00a0E\u011fitim Y\u0131l\u0131 payda\u015f okulumuz. Zirvenin ilk g\u00fcn\u00fcnde S\u00dcT-D 2026 D\u00fc\u015f\u00fck Karbon Kahraman\u0131\u00a0<strong>Be\u015fikta\u015f Bilim ve Sanat Merkezi (B\u0130LSEM) \u0130psiz Karbon Tak\u0131m\u0131<\/strong>\u00a0G\u00f6sterisi, ikinci g\u00fcn\u00fcnde, ba\u015fvuru rekoru k\u0131r\u0131lan \u00a0S\u00dcT-D 2026 D\u00fc\u015f\u00fck Karbon Kahraman\u0131 \u00d6d\u00fcl T\u00f6reni\u2019nde heyecan ve ne\u015fe e\u015fli\u011finde umudumuzu, \u00fclkemizin iklim de\u011fi\u015fikli\u011fi m\u00fccadelesi ba\u015far\u0131lar\u0131n\u0131, karbon cimrilerini alk\u0131\u015flayaca\u011f\u0131z, dedi.<\/p>\n<p>\u00a0<strong>S\u00fcrd\u00fcr\u00fclebilir \u00dcretim ve T\u00fcketim Derne\u011fi(S\u00dcT-D):\u00a0<\/strong>Eyl\u00fcl 2013\u2019te kurulan<strong>\u00a0<\/strong>S\u00fcrd\u00fcr\u00fclebilir \u00dcretim ve T\u00fcketim Derne\u011fi (S\u00dcT-D),s\u00fcrd\u00fcr\u00fclebilir \u00fcretim ve t\u00fcketim konusunda toplumda g\u00fc\u00e7l\u00fc etki yaratmak i\u00e7in faaliyetler yaparak, en iyi enerji, su, at\u0131k y\u00f6netimi ile kaynak verimli, mevcut en iyi teknolojilerin kullan\u0131lmas\u0131; biyo\u00e7e\u015fitlilik kayb\u0131;\u00e7evre kirlili\u011fi ve iklim de\u011fi\u015fikli\u011fi ile m\u00fccadele edilmesi; insan ve do\u011fa dostu s\u00fcrd\u00fcr\u00fclebilir ya\u015fam k\u00fclt\u00fcr\u00fc ile s\u00fcrd\u00fcr\u00fclebilir kalk\u0131nma fark\u0131ndal\u0131\u011f\u0131n\u0131n art\u0131r\u0131lmas\u0131 i\u00e7in \u00e7al\u0131\u015farak bilgi ve kapasite olu\u015fturmak hedefi ile 2013 y\u0131l\u0131nda kamu, i\u015f ve akademi temsilcilerince kuruldu. S\u00dcT-D etkinliklerinde akademi, e\u011fitim kurumlar\u0131,i\u015f d\u00fcnyas\u0131, medya, resmi erk, sivil toplum \u00f6rg\u00fctleri ve yerel y\u00f6netimler ile yak\u0131n i\u015f birli\u011finde olma, \u201cS\u00fcrd\u00fcr\u00fclebilirlik Y\u00f6netimi\u201d sosyal ve teknik y\u00f6nleriyle u\u011fra\u015f vermeyi \u00f6ncelikli g\u00f6rmekte, bug\u00fcn ve yar\u0131nda insano\u011flunun refah ve konforu i\u00e7in sivil toplum ye\u015fil ve mavi g\u00fcc\u00fcn\u00fc sunmaktad\u0131r.<\/p>\n<p>\u00a0<\/p>\n<p>\u00a0<\/p>\n<p>Kaynak: (BYZHA) Beyaz Haber Ajans\u0131<\/p>\n","protected":false},"excerpt":{"rendered":"<p>\u0130klim krizinin ya\u015famdaki zorluklar\u0131n\u0131 ya\u015farken, do\u011frudan ve dolayl\u0131 etkilerimizle her birimiz ve end\u00fcstrimiz iklimimizi de\u011fi\u015ftirmeyi s\u00fcrd\u00fcr\u00fcyoruz.<\/p>\n","protected":false},"author":1,"featured_media":13854,"comment_status":"open","ping_status":"open","sticky":false,"template":"","format":"standard","meta":{"footnotes":""},"categories":[22],"tags":[],"class_list":["post-13853","post","type-post","status-publish","format-standard","has-post-thumbnail","hentry","category-egitim"],"_links":{"self":[{"href":"https:\/\/akdenizolay.com.tr\/index.php\/wp-json\/wp\/v2\/posts\/13853","targetHints":{"allow":["GET"]}}],"collection":[{"href":"https:\/\/akdenizolay.com.tr\/index.php\/wp-json\/wp\/v2\/posts"}],"about":[{"href":"https:\/\/akdenizolay.com.tr\/index.php\/wp-json\/wp\/v2\/types\/post"}],"author":[{"embeddable":true,"href":"https:\/\/akdenizolay.com.tr\/index.php\/wp-json\/wp\/v2\/users\/1"}],"replies":[{"embeddable":true,"href":"https:\/\/akdenizolay.com.tr\/index.php\/wp-json\/wp\/v2\/comments?post=13853"}],"version-history":[{"count":1,"href":"https:\/\/akdenizolay.com.tr\/index.php\/wp-json\/wp\/v2\/posts\/13853\/revisions"}],"predecessor-version":[{"id":13855,"href":"https:\/\/akdenizolay.com.tr\/index.php\/wp-json\/wp\/v2\/posts\/13853\/revisions\/13855"}],"wp:featuredmedia":[{"embeddable":true,"href":"https:\/\/akdenizolay.com.tr\/index.php\/wp-json\/wp\/v2\/media\/13854"}],"wp:attachment":[{"href":"https:\/\/akdenizolay.com.tr\/index.php\/wp-json\/wp\/v2\/media?parent=13853"}],"wp:term":[{"taxonomy":"category","embeddable":true,"href":"https:\/\/akdenizolay.com.tr\/index.php\/wp-json\/wp\/v2\/categories?post=13853"},{"taxonomy":"post_tag","embeddable":true,"href":"https:\/\/akdenizolay.com.tr\/index.php\/wp-json\/wp\/v2\/tags?post=13853"}],"curies":[{"name":"wp","href":"https:\/\/api.w.org\/{rel}","templated":true}]}}