{"id":13856,"date":"2026-04-29T08:49:06","date_gmt":"2026-04-29T08:49:06","guid":{"rendered":"https:\/\/akdenizolay.com.tr\/index.php\/2026\/04\/29\/isgucu-istatistikleri-mart-2026\/"},"modified":"2026-04-29T08:49:08","modified_gmt":"2026-04-29T08:49:08","slug":"isgucu-istatistikleri-mart-2026","status":"publish","type":"post","link":"https:\/\/akdenizolay.com.tr\/index.php\/2026\/04\/29\/isgucu-istatistikleri-mart-2026\/","title":{"rendered":"\u0130\u015fg\u00fcc\u00fc \u0130statistikleri, Mart 2026"},"content":{"rendered":"<p> \u00a0<\/p>\n<p><strong>Mevsim etkisinden ar\u0131nd\u0131r\u0131lm\u0131\u015f i\u015fsizlik oran\u0131 %8,1 seviyesinde ger\u00e7ekle\u015fti<\/strong><\/p>\n<p>Hanehalk\u0131 \u0130\u015fg\u00fcc\u00fc Ara\u015ft\u0131rmas\u0131 sonu\u00e7lar\u0131na g\u00f6re; 15 ve daha yukar\u0131 ya\u015ftaki ki\u015filerde i\u015fsiz say\u0131s\u0131 2026 y\u0131l\u0131 Mart ay\u0131nda bir \u00f6nceki aya g\u00f6re 96 bin ki\u015fi azalarak 2 milyon 873 bin ki\u015fi oldu. \u0130\u015fsizlik oran\u0131 ise 0,3 puan azalarak %8,1 seviyesinde ger\u00e7ekle\u015fti. \u0130\u015fsizlik oran\u0131 erkeklerde %6,8 iken kad\u0131nlarda %10,7 olarak tahmin edildi.<\/p>\n<p><strong>Mevsim etkisinden ar\u0131nd\u0131r\u0131lm\u0131\u015f i\u015fsizlik oran\u0131, Mart 2024 &#8211; Mart 2026<\/strong><br \/>(%)<img loading=\"lazy\" decoding=\"async\" height=\"800\" src=\"https:\/\/www.beyazhaberajansi.com\/images\/files\/2026\/04\/69f1c57fd5b97.png\" width=\"1830\" \/><\/p>\n<p><strong>Mevsim etkisinden ar\u0131nd\u0131r\u0131lm\u0131\u015f istihdam oran\u0131 %48,5 oldu<\/strong><\/p>\n<p>\u0130stihdam edilenlerin say\u0131s\u0131 2026 y\u0131l\u0131 Mart ay\u0131nda bir \u00f6nceki aya g\u00f6re 226 bin ki\u015fi artarak 32 milyon 425 bin ki\u015fi, istihdam oran\u0131 ise 0,3 puan artarak %48,5 oldu. Bu oran erkeklerde %66,0 iken kad\u0131nlarda %31,5 olarak ger\u00e7ekle\u015fti.<\/p>\n<p><strong>Mevsim etkisinden ar\u0131nd\u0131r\u0131lm\u0131\u015f istihdam oran\u0131, Mart 2024 &#8211; Mart 2026<\/strong><br \/>(%)<img loading=\"lazy\" decoding=\"async\" height=\"800\" src=\"https:\/\/www.beyazhaberajansi.com\/images\/files\/2026\/04\/69f1c588032bc.png\" width=\"1830\" \/><\/p>\n<p><strong>Mevsim etkisinden ar\u0131nd\u0131r\u0131lm\u0131\u015f i\u015fg\u00fcc\u00fcne kat\u0131lma oran\u0131 %52,8 olarak ger\u00e7ekle\u015fti<\/strong><\/p>\n<p>\u0130\u015fg\u00fcc\u00fc, 2026 y\u0131l\u0131 Mart ay\u0131nda bir \u00f6nceki aya g\u00f6re 129 bin ki\u015fi artarak 35 milyon 298 bin ki\u015fi, i\u015fg\u00fcc\u00fcne kat\u0131lma oran\u0131 ise 0,1 puan artarak %52,8 olarak ger\u00e7ekle\u015fti. \u0130\u015fg\u00fcc\u00fcne kat\u0131lma oran\u0131 erkeklerde %70,8 iken kad\u0131nlarda %35,3 oldu.<\/p>\n<p><strong>Gen\u00e7 n\u00fcfusta mevsim etkisinden ar\u0131nd\u0131r\u0131lm\u0131\u015f i\u015fsizlik oran\u0131 %15,3 oldu<\/strong><\/p>\n<p>15-24 ya\u015f grubunu kapsayan gen\u00e7 n\u00fcfusta i\u015fsizlik oran\u0131 bir \u00f6nceki aya g\u00f6re 0,5 puan azalarak %15,3 oldu. Bu ya\u015f grubunda i\u015fsizlik oran\u0131; erkeklerde %12,8, kad\u0131nlarda ise %20,4 olarak tahmin edildi.<\/p>\n<p><strong>Mevsim etkisinden ar\u0131nd\u0131r\u0131lm\u0131\u015f temel i\u015fg\u00fcc\u00fc g\u00f6stergeleri, 15+ ya\u015f, Mart 2026<\/strong><\/p>\n<table>\n<thead>\n<tr>\n<th rowspan=\"2\" valign=\"bottom\">\u00a0<\/th>\n<th colspan=\"3\">Mart 2026<\/th>\n<th colspan=\"3\">Bir \u00f6nceki ay<\/th>\n<th colspan=\"3\">Bir \u00f6nceki aya g\u00f6re fark<\/th>\n<\/tr>\n<tr>\n<td>Toplam<\/td>\n<td>Erkek<\/td>\n<td>Kad\u0131n<\/td>\n<td>Toplam<\/td>\n<td>Erkek<\/td>\n<td>Kad\u0131n<\/td>\n<td>Toplam<\/td>\n<td>Erkek<\/td>\n<td>Kad\u0131n<\/td>\n<\/tr>\n<\/thead>\n<tbody>\n<tr>\n<td colspan=\"10\">(Bin ki\u015fi)<\/td>\n<\/tr>\n<tr>\n<td>15 ve daha yukar\u0131 ya\u015ftaki n\u00fcfus<\/td>\n<td>66 798<\/td>\n<td>33 025<\/td>\n<td>33 773<\/td>\n<td>66 742<\/td>\n<td>32 998<\/td>\n<td>33 744<\/td>\n<td>56<\/td>\n<td>27<\/td>\n<td>29<\/td>\n<\/tr>\n<tr>\n<td>\u0130\u015fg\u00fcc\u00fc<\/td>\n<td>35 298<\/td>\n<td>23 386<\/td>\n<td>11 912<\/td>\n<td>35 169<\/td>\n<td>23 292<\/td>\n<td>11 877<\/td>\n<td>129<\/td>\n<td>94<\/td>\n<td>35<\/td>\n<\/tr>\n<tr>\n<td>\u0130stihdam<\/td>\n<td>32 425<\/td>\n<td>21 792<\/td>\n<td>10 633<\/td>\n<td>32 199<\/td>\n<td>21 686<\/td>\n<td>10 514<\/td>\n<td>226<\/td>\n<td>106<\/td>\n<td>119<\/td>\n<\/tr>\n<tr>\n<td>\u0130\u015fsiz<\/td>\n<td>2 873<\/td>\n<td>1 593<\/td>\n<td>1 280<\/td>\n<td>2 969<\/td>\n<td>1 606<\/td>\n<td>1 363<\/td>\n<td>-96<\/td>\n<td>-13<\/td>\n<td>-83<\/td>\n<\/tr>\n<tr>\n<td>\u0130\u015fg\u00fcc\u00fcne dahil olmayanlar<\/td>\n<td>31 500<\/td>\n<td>9 639<\/td>\n<td>21 861<\/td>\n<td>31 573<\/td>\n<td>9 707<\/td>\n<td>21 867<\/td>\n<td>-73<\/td>\n<td>-68<\/td>\n<td>-6<\/td>\n<\/tr>\n<tr>\n<td colspan=\"10\">(%)<\/td>\n<\/tr>\n<tr>\n<td>\u0130\u015fg\u00fcc\u00fcne kat\u0131lma oran\u0131<\/td>\n<td>52,8<\/td>\n<td>70,8<\/td>\n<td>35,3<\/td>\n<td>52,7<\/td>\n<td>70,6<\/td>\n<td>35,2<\/td>\n<td>0,1<\/td>\n<td>0,2<\/td>\n<td>0,1<\/td>\n<\/tr>\n<tr>\n<td>\u0130stihdam oran\u0131<\/td>\n<td>48,5<\/td>\n<td>66,0<\/td>\n<td>31,5<\/td>\n<td>48,2<\/td>\n<td>65,7<\/td>\n<td>31,2<\/td>\n<td>0,3<\/td>\n<td>0,3<\/td>\n<td>0,3<\/td>\n<\/tr>\n<tr>\n<td>\u0130\u015fsizlik oran\u0131<\/td>\n<td>8,1<\/td>\n<td>6,8<\/td>\n<td>10,7<\/td>\n<td>8,4<\/td>\n<td>6,9<\/td>\n<td>11,5<\/td>\n<td>-0,3<\/td>\n<td>-0,1<\/td>\n<td>-0,8<\/td>\n<\/tr>\n<tr>\n<td>Gen\u00e7 n\u00fcfusta i\u015fsizlik oran\u0131<br \/>(15-24 ya\u015f)<\/td>\n<td>15,3<\/td>\n<td>12,8<\/td>\n<td>20,4<\/td>\n<td>15,8<\/td>\n<td>13,0<\/td>\n<td>21,7<\/td>\n<td>-0,5<\/td>\n<td>-0,2<\/td>\n<td>-1,3<\/td>\n<\/tr>\n<\/tbody>\n<\/table>\n<p><small>Tablodaki rakamlar yuvarlamadan dolay\u0131 toplam\u0131 vermeyebilir.<br \/>Mevsimsel etkilerden ar\u0131nd\u0131rma y\u00f6ntemi gere\u011fi ge\u00e7mi\u015f aylara ili\u015fkin tahminler revize edilerek yay\u0131mlanmaktad\u0131r.<\/small><\/p>\n<p><strong>Mevsim ve takvim etkilerinden ar\u0131nd\u0131r\u0131lm\u0131\u015f haftal\u0131k ortalama fiili \u00e7al\u0131\u015fma s\u00fcresi 41,7 saat oldu<\/strong><\/p>\n<p>\u0130stihdam edilenlerden referans d\u00f6neminde i\u015fba\u015f\u0131nda olanlar\u0131n, mevsim ve takvim etkilerinden ar\u0131nd\u0131r\u0131lm\u0131\u015f haftal\u0131k ortalama fiili \u00e7al\u0131\u015fma s\u00fcresi 2026 y\u0131l\u0131 Mart ay\u0131nda bir \u00f6nceki aya g\u00f6re 0,8 saat azalarak 41,7 saat olarak ger\u00e7ekle\u015fti.<\/p>\n<p><strong>Mevsim ve takvim etkilerinden ar\u0131nd\u0131r\u0131lm\u0131\u015f haftal\u0131k ortalama fiili \u00e7al\u0131\u015fma s\u00fcresi, Mart 2024 &#8211; Mart 2026<\/strong><br \/>(Saat)<img loading=\"lazy\" decoding=\"async\" height=\"800\" src=\"https:\/\/www.beyazhaberajansi.com\/images\/files\/2026\/04\/69f1c592a192d.png\" width=\"1830\" \/><\/p>\n<p>\u00a0<\/p>\n<p><strong>Mevsim ve takvim etkilerinden ar\u0131nd\u0131r\u0131lm\u0131\u015f at\u0131l i\u015fg\u00fcc\u00fc oran\u0131 %31,5 oldu<\/strong><\/p>\n<p>Zamana ba\u011fl\u0131 eksik istihdam, potansiyel i\u015fg\u00fcc\u00fc ve i\u015fsizlerden olu\u015fan at\u0131l i\u015fg\u00fcc\u00fc oran\u0131 2026 y\u0131l\u0131 Mart ay\u0131nda bir \u00f6nceki aya g\u00f6re 1,6 puan artarak %31,5 oldu. Zamana ba\u011fl\u0131 eksik istihdam ve i\u015fsizlerin b\u00fct\u00fcnle\u015fik oran\u0131 %21,0 iken i\u015fsiz ve potansiyel i\u015fg\u00fcc\u00fcn\u00fcn b\u00fct\u00fcnle\u015fik oran\u0131 %20,4 olarak tahmin edildi.<\/p>\n<p><strong>Mevsim ve takvim etkilerinden ar\u0131nd\u0131r\u0131lm\u0131\u015f i\u015fg\u00fcc\u00fcne ili\u015fkin tamamlay\u0131c\u0131 g\u00f6stergeler, Mart 2024 &#8211; Mart 2026<\/strong><br \/>(%)<img loading=\"lazy\" decoding=\"async\" height=\"800\" src=\"https:\/\/www.beyazhaberajansi.com\/images\/files\/2026\/04\/69f1c59c4937a.png\" width=\"1830\" \/><\/p>\n<p>\u00a0<\/p>\n<p>Kaynak: (BYZHA) Beyaz Haber Ajans\u0131<\/p>\n","protected":false},"excerpt":{"rendered":"<p>\u00a0    Mevsim etkisinden ar\u0131nd\u0131r\u0131lm\u0131\u015f i\u015fsizlik oran\u0131 %8,1 seviyesinde ger\u00e7ekle\u015fti    Hanehalk\u0131 \u0130\u015fg\u00fcc\u00fc Ara\u015ft\u0131rmas\u0131 sonu\u00e7lar\u0131na g\u00f6re; 15 ve daha yukar\u0131 ya\u015ftaki ki\u015filerde i\u015fsiz say\u0131s\u0131 2026 y\u0131l\u0131 Mart ay\u0131nda bir \u00f6nceki aya g\u00f6re 96 bin ki\u015fi azalarak 2 milyon 873 bin ki\u015fi oldu.<\/p>\n","protected":false},"author":1,"featured_media":13857,"comment_status":"open","ping_status":"open","sticky":false,"template":"","format":"standard","meta":{"footnotes":""},"categories":[21],"tags":[],"class_list":["post-13856","post","type-post","status-publish","format-standard","has-post-thumbnail","hentry","category-ekonomi"],"_links":{"self":[{"href":"https:\/\/akdenizolay.com.tr\/index.php\/wp-json\/wp\/v2\/posts\/13856","targetHints":{"allow":["GET"]}}],"collection":[{"href":"https:\/\/akdenizolay.com.tr\/index.php\/wp-json\/wp\/v2\/posts"}],"about":[{"href":"https:\/\/akdenizolay.com.tr\/index.php\/wp-json\/wp\/v2\/types\/post"}],"author":[{"embeddable":true,"href":"https:\/\/akdenizolay.com.tr\/index.php\/wp-json\/wp\/v2\/users\/1"}],"replies":[{"embeddable":true,"href":"https:\/\/akdenizolay.com.tr\/index.php\/wp-json\/wp\/v2\/comments?post=13856"}],"version-history":[{"count":1,"href":"https:\/\/akdenizolay.com.tr\/index.php\/wp-json\/wp\/v2\/posts\/13856\/revisions"}],"predecessor-version":[{"id":13858,"href":"https:\/\/akdenizolay.com.tr\/index.php\/wp-json\/wp\/v2\/posts\/13856\/revisions\/13858"}],"wp:featuredmedia":[{"embeddable":true,"href":"https:\/\/akdenizolay.com.tr\/index.php\/wp-json\/wp\/v2\/media\/13857"}],"wp:attachment":[{"href":"https:\/\/akdenizolay.com.tr\/index.php\/wp-json\/wp\/v2\/media?parent=13856"}],"wp:term":[{"taxonomy":"category","embeddable":true,"href":"https:\/\/akdenizolay.com.tr\/index.php\/wp-json\/wp\/v2\/categories?post=13856"},{"taxonomy":"post_tag","embeddable":true,"href":"https:\/\/akdenizolay.com.tr\/index.php\/wp-json\/wp\/v2\/tags?post=13856"}],"curies":[{"name":"wp","href":"https:\/\/api.w.org\/{rel}","templated":true}]}}