{"id":13865,"date":"2026-04-29T08:59:28","date_gmt":"2026-04-29T08:59:28","guid":{"rendered":"https:\/\/akdenizolay.com.tr\/index.php\/2026\/04\/29\/uskudarda-caz-ruzgari-uluslararasi-caz-gunu-sahilde-kutlanacak\/"},"modified":"2026-04-29T08:59:29","modified_gmt":"2026-04-29T08:59:29","slug":"uskudarda-caz-ruzgari-uluslararasi-caz-gunu-sahilde-kutlanacak","status":"publish","type":"post","link":"https:\/\/akdenizolay.com.tr\/index.php\/2026\/04\/29\/uskudarda-caz-ruzgari-uluslararasi-caz-gunu-sahilde-kutlanacak\/","title":{"rendered":"\u00dcsk\u00fcdar\u2019da Caz R\u00fczg\u00e2r\u0131: Uluslararas\u0131 Caz G\u00fcn\u00fc Sahilde Kutlanacak"},"content":{"rendered":"<p> \u00dcsk\u00fcdar Belediyesi, m\u00fczi\u011fin evrensel dili caz\u0131 \u0130stanbullularla bulu\u015fturuyor. UNESCO taraf\u0131ndan ilan edilen Uluslararas\u0131 Caz G\u00fcn\u00fc kapsam\u0131nda d\u00fczenlenen \u00f6zel konser program\u0131, 30 Nisan Per\u015fembe g\u00fcn\u00fc \u00dcsk\u00fcdar Sahil Meydan\u0131\u2019nda m\u00fczikseverlerle bulu\u015facak.<\/p>\n<p>\u00dcsk\u00fcdar Belediyesi K\u00fclt\u00fcr ve Sosyal \u0130\u015fler M\u00fcd\u00fcrl\u00fc\u011f\u00fc taraf\u0131ndan organize edilen etkinlikte, caz m\u00fczi\u011finin sevilen isimleri sahne alacak. Program kapsam\u0131nda saat 17.00\u2019de \u0130ris Do\u011fru Quartet, saat 18.00\u2019de ise Bark\u0131n \u015eim\u015fek Trio dinleyicilere keyifli anlar ya\u015fatacak.<\/p>\n<p>\u00dcsk\u00fcdar Sahil Meydan\u0131\u2019nda ger\u00e7ekle\u015ftirilecek konser etkinli\u011fi, 17.00 ile 19.00 saatleri aras\u0131nda a\u00e7\u0131k havada m\u00fczik \u015f\u00f6leni sunacak. Kat\u0131l\u0131m\u0131n \u00fccretsiz oldu\u011fu etkinlikte, caz\u0131n ritmi Bo\u011faz k\u0131y\u0131s\u0131nda yank\u0131lanacak.<\/p>\n<p>\u00dcsk\u00fcdar Belediyesi, Uluslararas\u0131 Caz G\u00fcn\u00fc dolay\u0131s\u0131yla d\u00fczenledi\u011fi bu \u00f6zel etkinlikle sanat\u0131n birle\u015ftirici g\u00fcc\u00fcn\u00fc vurgularken, t\u00fcm \u0130stanbullular\u0131 bu e\u015fsiz atmosferi payla\u015fmaya davet ediyor.<\/p>\n<p>Ayr\u0131nt\u0131l\u0131 bilgi i\u00e7in \u00dcsk\u00fcdar Belediyesi\u2019nin resmi sosyal medya hesaplar\u0131n\u0131 takip edebilir veya \u201cuskudar.bel.tr\u201d adresini ziyaret edebilirsiniz.<\/p>\n<p>\u00a0<\/p>\n<p>Kaynak: (BYZHA) Beyaz Haber Ajans\u0131<\/p>\n","protected":false},"excerpt":{"rendered":"<p>\u00dcsk\u00fcdar Belediyesi, m\u00fczi\u011fin evrensel dili caz\u0131 \u0130stanbullularla bulu\u015fturuyor.<\/p>\n","protected":false},"author":1,"featured_media":13866,"comment_status":"open","ping_status":"open","sticky":false,"template":"","format":"standard","meta":{"footnotes":""},"categories":[24],"tags":[],"class_list":["post-13865","post","type-post","status-publish","format-standard","has-post-thumbnail","hentry","category-kultur-sanat"],"_links":{"self":[{"href":"https:\/\/akdenizolay.com.tr\/index.php\/wp-json\/wp\/v2\/posts\/13865","targetHints":{"allow":["GET"]}}],"collection":[{"href":"https:\/\/akdenizolay.com.tr\/index.php\/wp-json\/wp\/v2\/posts"}],"about":[{"href":"https:\/\/akdenizolay.com.tr\/index.php\/wp-json\/wp\/v2\/types\/post"}],"author":[{"embeddable":true,"href":"https:\/\/akdenizolay.com.tr\/index.php\/wp-json\/wp\/v2\/users\/1"}],"replies":[{"embeddable":true,"href":"https:\/\/akdenizolay.com.tr\/index.php\/wp-json\/wp\/v2\/comments?post=13865"}],"version-history":[{"count":1,"href":"https:\/\/akdenizolay.com.tr\/index.php\/wp-json\/wp\/v2\/posts\/13865\/revisions"}],"predecessor-version":[{"id":13867,"href":"https:\/\/akdenizolay.com.tr\/index.php\/wp-json\/wp\/v2\/posts\/13865\/revisions\/13867"}],"wp:featuredmedia":[{"embeddable":true,"href":"https:\/\/akdenizolay.com.tr\/index.php\/wp-json\/wp\/v2\/media\/13866"}],"wp:attachment":[{"href":"https:\/\/akdenizolay.com.tr\/index.php\/wp-json\/wp\/v2\/media?parent=13865"}],"wp:term":[{"taxonomy":"category","embeddable":true,"href":"https:\/\/akdenizolay.com.tr\/index.php\/wp-json\/wp\/v2\/categories?post=13865"},{"taxonomy":"post_tag","embeddable":true,"href":"https:\/\/akdenizolay.com.tr\/index.php\/wp-json\/wp\/v2\/tags?post=13865"}],"curies":[{"name":"wp","href":"https:\/\/api.w.org\/{rel}","templated":true}]}}