{"id":13868,"date":"2026-04-29T08:59:30","date_gmt":"2026-04-29T08:59:30","guid":{"rendered":"https:\/\/akdenizolay.com.tr\/index.php\/2026\/04\/29\/balcovada-hafta-sonu-kultur-ve-sanatla-renklenecek\/"},"modified":"2026-04-29T08:59:31","modified_gmt":"2026-04-29T08:59:31","slug":"balcovada-hafta-sonu-kultur-ve-sanatla-renklenecek","status":"publish","type":"post","link":"https:\/\/akdenizolay.com.tr\/index.php\/2026\/04\/29\/balcovada-hafta-sonu-kultur-ve-sanatla-renklenecek\/","title":{"rendered":"Bal\u00e7ova\u2019da Hafta Sonu K\u00fclt\u00fcr ve Sanatla Renklenecek"},"content":{"rendered":"<p> Bal\u00e7ova Belediyesi, hafta sonuna yay\u0131lan k\u00fclt\u00fcr ve sanat etkinlikleriyle il\u00e7eyi m\u00fczikten tiyatroya, sinemadan sahne g\u00f6sterilerine uzanan dopdolu bir programla bulu\u015fturacak. Her ya\u015f grubuna hitap eden etkinlikler, Bal\u00e7ova\u2019da sosyal ya\u015fam\u0131n enerjisini yeniden y\u00fckseltecek.<\/p>\n<p>Bal\u00e7ova Belediyesi, k\u00fclt\u00fcr ve sanat etkinlikleriyle il\u00e7ede sosyal ya\u015fam\u0131 canland\u0131rmaya devam ediyor. Hafta sonu boyunca d\u00fczenlenecek etkinliklerde m\u00fczik, tiyatro ve sinema bir araya gelirken, Bal\u00e7oval\u0131lar farkl\u0131 alanlarda keyifli anlar ya\u015fama f\u0131rsat\u0131 bulacak.<\/p>\n<p>Program kapsam\u0131nda gen\u00e7 yeteneklerin sahne alaca\u011f\u0131 \u201cModern Jazz Yar\u0131\u015fmas\u0131\u201d, tiyatroseverleri bulu\u015fturacak \u201cYalanc\u0131 Aran\u0131yor\u201d oyunu ve mahalle kad\u0131nlar\u0131n\u0131n emekleriyle haz\u0131rlanan \u201cGALA\u201d g\u00f6sterimi sanatseverlerle bulu\u015facak. Etkinlikler boyunca Bal\u00e7ova\u2019da k\u00fclt\u00fcr ve sanat\u0131n birle\u015ftirici g\u00fcc\u00fc \u00f6n plana \u00e7\u0131kacak.<\/p>\n<p>Bal\u00e7ova Belediye Ba\u015fkan\u0131 Onur Yi\u011fit de etkinliklere ili\u015fkin yapt\u0131\u011f\u0131 a\u00e7\u0131klamada, il\u00e7ede k\u00fclt\u00fcr ve sanat\u0131n daha g\u00fc\u00e7l\u00fc bir \u015fekilde ya\u015fam\u0131n par\u00e7as\u0131 olmas\u0131 i\u00e7in \u00e7al\u0131\u015fmalar\u0131n\u0131 s\u00fcrd\u00fcrd\u00fcklerini belirtti. Yi\u011fit, \u201cBal\u00e7ova\u2019y\u0131 yaln\u0131zca hizmet \u00fcreten de\u011fil, ayn\u0131 zamanda sanat\u0131n, payla\u015fman\u0131n ve birlikte ya\u015fam k\u00fclt\u00fcr\u00fcn\u00fcn g\u00fc\u00e7lendi\u011fi bir kent haline getirmek istiyoruz. Her ya\u015ftan vatanda\u015f\u0131m\u0131z\u0131n kendine ait bir alan bulabildi\u011fi etkinlikleri \u00e7o\u011faltmaya devam edece\u011fiz.\u201d ifadelerini kulland\u0131.<\/p>\n<p dir=\"auto\">Bal\u00e7ova Belediyesi taraf\u0131ndan d\u00fczenlenen etkinliklerin hafta sonu boyunca yo\u011fun kat\u0131l\u0131mla ger\u00e7ekle\u015fmesi bekleniyor.\u00a0<\/p>\n<p dir=\"auto\">\u00a0<\/p>\n<p>Kaynak: (BYZHA) Beyaz Haber Ajans\u0131<\/p>\n","protected":false},"excerpt":{"rendered":"<p>Bal\u00e7ova Belediyesi, hafta sonuna yay\u0131lan k\u00fclt\u00fcr ve sanat etkinlikleriyle il\u00e7eyi m\u00fczikten tiyatroya, sinemadan sahne g\u00f6sterilerine uzanan dopdolu bir programla bulu\u015fturacak.<\/p>\n","protected":false},"author":1,"featured_media":13869,"comment_status":"open","ping_status":"open","sticky":false,"template":"","format":"standard","meta":{"footnotes":""},"categories":[24],"tags":[],"class_list":["post-13868","post","type-post","status-publish","format-standard","has-post-thumbnail","hentry","category-kultur-sanat"],"_links":{"self":[{"href":"https:\/\/akdenizolay.com.tr\/index.php\/wp-json\/wp\/v2\/posts\/13868","targetHints":{"allow":["GET"]}}],"collection":[{"href":"https:\/\/akdenizolay.com.tr\/index.php\/wp-json\/wp\/v2\/posts"}],"about":[{"href":"https:\/\/akdenizolay.com.tr\/index.php\/wp-json\/wp\/v2\/types\/post"}],"author":[{"embeddable":true,"href":"https:\/\/akdenizolay.com.tr\/index.php\/wp-json\/wp\/v2\/users\/1"}],"replies":[{"embeddable":true,"href":"https:\/\/akdenizolay.com.tr\/index.php\/wp-json\/wp\/v2\/comments?post=13868"}],"version-history":[{"count":1,"href":"https:\/\/akdenizolay.com.tr\/index.php\/wp-json\/wp\/v2\/posts\/13868\/revisions"}],"predecessor-version":[{"id":13870,"href":"https:\/\/akdenizolay.com.tr\/index.php\/wp-json\/wp\/v2\/posts\/13868\/revisions\/13870"}],"wp:featuredmedia":[{"embeddable":true,"href":"https:\/\/akdenizolay.com.tr\/index.php\/wp-json\/wp\/v2\/media\/13869"}],"wp:attachment":[{"href":"https:\/\/akdenizolay.com.tr\/index.php\/wp-json\/wp\/v2\/media?parent=13868"}],"wp:term":[{"taxonomy":"category","embeddable":true,"href":"https:\/\/akdenizolay.com.tr\/index.php\/wp-json\/wp\/v2\/categories?post=13868"},{"taxonomy":"post_tag","embeddable":true,"href":"https:\/\/akdenizolay.com.tr\/index.php\/wp-json\/wp\/v2\/tags?post=13868"}],"curies":[{"name":"wp","href":"https:\/\/api.w.org\/{rel}","templated":true}]}}