{"id":13877,"date":"2026-04-29T09:09:42","date_gmt":"2026-04-29T09:09:42","guid":{"rendered":"https:\/\/akdenizolay.com.tr\/index.php\/2026\/04\/29\/baskan-vekili-busra-ozdemirden-veteriner-hekimlere-ziyaret\/"},"modified":"2026-04-29T09:09:43","modified_gmt":"2026-04-29T09:09:43","slug":"baskan-vekili-busra-ozdemirden-veteriner-hekimlere-ziyaret","status":"publish","type":"post","link":"https:\/\/akdenizolay.com.tr\/index.php\/2026\/04\/29\/baskan-vekili-busra-ozdemirden-veteriner-hekimlere-ziyaret\/","title":{"rendered":"Ba\u015fkan Vekili B\u00fc\u015fra \u00d6zdemir\u2019den veteriner hekimlere ziyaret"},"content":{"rendered":"<p> \u00a0<\/p>\n<p><span style=\"font-size:12pt\"><span style=\"background:white\"><span style=\",serif\"><span style=\"color:black\">Antalya B\u00fcy\u00fck\u015fehir Belediyesi Ba\u015fkan Vekili B\u00fc\u015fra \u00d6zdemir, D\u00fcnya Veteriner Hekimler G\u00fcn\u00fc dolay\u0131s\u0131yla Antalya B\u00fcy\u00fck\u015fehir Belediyesi Do\u011fal Ya\u015fam Park\u0131 \u00e7al\u0131\u015fanlar\u0131yla bir araya geldi. Do\u011fal Ya\u015fam Park\u0131\u2019n\u0131 gezen ve veteriner hekimlerle sohbet eden Ba\u015fkan Vekili \u00d6zdemir, sokaktaki canlardan yaban hayat\u0131na uzanan geni\u015f bir sorumlulukla \u00e7al\u0131\u015fan, her ko\u015fulda ya\u015fam\u0131 koruyan t\u00fcm veteriner hekimler ile personele, emekleri ve \u00f6zverileri i\u00e7in te\u015fekk\u00fcr etti. <\/span><\/span><\/span><\/span><\/p>\n<p><span style=\"font-size:12pt\"><span style=\"background:white\"><span style=\",serif\"><span style=\"color:black\">Antalya B\u00fcy\u00fck\u015fehir Belediyesi Do\u011fal Ya\u015fam Park\u0131\u2019ndaki hayvanlar\u0131n ya\u015fam alanlar\u0131n\u0131 tek tek gezen B\u00fcy\u00fck\u015fehir Belediyesi Ba\u015fkan Vekili B\u00fc\u015fra \u00d6zdemir, hayvanlar\u0131n bak\u0131m s\u00fcre\u00e7leri, tedavi hizmetleri ve rehabilitasyon \u00e7al\u0131\u015fmalar\u0131 hakk\u0131nda da veterinerlerden detayl\u0131 bilgi ald\u0131. Parkta y\u00fcr\u00fct\u00fclen \u00e7al\u0131\u015fmalar\u0131n titizlikle s\u00fcrd\u00fcr\u00fcld\u00fc\u011f\u00fcn\u00fc belirten \u00d6zdemir, \u00f6zellikle Antalya B\u00fcy\u00fck\u015fehir Belediyesi\u2019ne ait Sokak Hayvanlar\u0131 Ge\u00e7ici Bak\u0131mevi ve Rehabilitasyon Merkezi\u2019nde bulunan can dostlar\u0131na y\u00f6nelik hizmetlerin de \u00f6nemine dikkat \u00e7ekti. <\/span><\/span><\/span><\/span><\/p>\n<p><span style=\"font-size:12pt\"><span style=\"background:white\"><span style=\",serif\"><span style=\"color:black\">\u00dcSTLEND\u0130KLER\u0130 SORUMLULUK \u00c7OK KIYMETL\u0130<\/span><\/span><\/span><\/span><\/p>\n<p><span style=\"font-size:12pt\"><span style=\"background:white\"><span style=\",serif\"><span style=\"color:black\">Ba\u015fkan Vekili \u00d6zdemir\u2019in ziyareti s\u0131ras\u0131nda Do\u011fal Ya\u015fam Park\u0131\u2019nda d\u00fcnyaya gelen iki c\u00fcce ke\u00e7i ilgi oda\u011f\u0131 oldu. B\u00fc\u015fra \u00d6zdemir, yeni do\u011fan ke\u00e7ilere \u201cAk\u00e7a\u201d ve \u201cKaraca\u201d isimlerini verdi. Ba\u015fkan Vekili B\u00fc\u015fra \u00d6zdemir, daha sonra veteriner hekimler ve Do\u011fal Ya\u015fam Park\u0131 \u00e7al\u0131\u015fanlar\u0131yla kahvalt\u0131 yapt\u0131. \u00dcstlendikleri sorumlulu\u011fun \u00e7ok k\u0131ymetli oldu\u011funu belirten B\u00fc\u015fra \u00d6zdemir; \u201cVeteriner hekimlerimizin g\u00fcn\u00fcn\u00fc kutlamak istedik. Onlar\u0131n bu \u00f6zel g\u00fcn\u00fcnde yanlar\u0131nda olmak istedik. Beraber g\u00fcne g\u00fczel bir ba\u015flang\u0131\u00e7 yapt\u0131k. Bu zorlu s\u00fcre\u00e7te \u00f6zveriyle g\u00f6rev yapan t\u00fcm \u00e7al\u0131\u015fma arkada\u015flar\u0131ma \u00e7ok te\u015fekk\u00fcr ediyorum. \u0130yi ki vars\u0131n\u0131z\u201d diyerek \u00e7al\u0131\u015fma arkada\u015flar\u0131n\u0131n D\u00fcnya Veteriner Hekimler G\u00fcn\u00fc\u2019n\u00fc kutlad\u0131.<\/span><\/span><\/span><\/span><\/p>\n<p>\u00a0<\/p>\n<p>\u00a0<\/p>\n<p>Kaynak: (BYZHA) Beyaz Haber Ajans\u0131<\/p>\n","protected":false},"excerpt":{"rendered":"<p>\u00a0    Antalya B\u00fcy\u00fck\u015fehir Belediyesi Ba\u015fkan Vekili B\u00fc\u015fra \u00d6zdemir, D\u00fcnya Veteriner Hekimler G\u00fcn\u00fc dolay\u0131s\u0131yla Antalya B\u00fcy\u00fck\u015fehir Belediyesi Do\u011fal Ya\u015fam Park\u0131 \u00e7al\u0131\u015fanlar\u0131yla bir araya geldi.<\/p>\n","protected":false},"author":1,"featured_media":13878,"comment_status":"open","ping_status":"open","sticky":false,"template":"","format":"standard","meta":{"footnotes":""},"categories":[20],"tags":[],"class_list":["post-13877","post","type-post","status-publish","format-standard","has-post-thumbnail","hentry","category-gundem"],"_links":{"self":[{"href":"https:\/\/akdenizolay.com.tr\/index.php\/wp-json\/wp\/v2\/posts\/13877","targetHints":{"allow":["GET"]}}],"collection":[{"href":"https:\/\/akdenizolay.com.tr\/index.php\/wp-json\/wp\/v2\/posts"}],"about":[{"href":"https:\/\/akdenizolay.com.tr\/index.php\/wp-json\/wp\/v2\/types\/post"}],"author":[{"embeddable":true,"href":"https:\/\/akdenizolay.com.tr\/index.php\/wp-json\/wp\/v2\/users\/1"}],"replies":[{"embeddable":true,"href":"https:\/\/akdenizolay.com.tr\/index.php\/wp-json\/wp\/v2\/comments?post=13877"}],"version-history":[{"count":1,"href":"https:\/\/akdenizolay.com.tr\/index.php\/wp-json\/wp\/v2\/posts\/13877\/revisions"}],"predecessor-version":[{"id":13879,"href":"https:\/\/akdenizolay.com.tr\/index.php\/wp-json\/wp\/v2\/posts\/13877\/revisions\/13879"}],"wp:featuredmedia":[{"embeddable":true,"href":"https:\/\/akdenizolay.com.tr\/index.php\/wp-json\/wp\/v2\/media\/13878"}],"wp:attachment":[{"href":"https:\/\/akdenizolay.com.tr\/index.php\/wp-json\/wp\/v2\/media?parent=13877"}],"wp:term":[{"taxonomy":"category","embeddable":true,"href":"https:\/\/akdenizolay.com.tr\/index.php\/wp-json\/wp\/v2\/categories?post=13877"},{"taxonomy":"post_tag","embeddable":true,"href":"https:\/\/akdenizolay.com.tr\/index.php\/wp-json\/wp\/v2\/tags?post=13877"}],"curies":[{"name":"wp","href":"https:\/\/api.w.org\/{rel}","templated":true}]}}