{"id":13907,"date":"2026-04-29T10:30:21","date_gmt":"2026-04-29T10:30:21","guid":{"rendered":"https:\/\/akdenizolay.com.tr\/index.php\/2026\/04\/29\/maltepede-temizlik-seferberliginin-son-duragi-cevizli-mahallesi-oldu\/"},"modified":"2026-04-29T10:30:21","modified_gmt":"2026-04-29T10:30:21","slug":"maltepede-temizlik-seferberliginin-son-duragi-cevizli-mahallesi-oldu","status":"publish","type":"post","link":"https:\/\/akdenizolay.com.tr\/index.php\/2026\/04\/29\/maltepede-temizlik-seferberliginin-son-duragi-cevizli-mahallesi-oldu\/","title":{"rendered":"Maltepe\u2019de temizlik seferberli\u011finin son dura\u011f\u0131 Cevizli Mahallesi oldu"},"content":{"rendered":"<p> Maltepe Belediyesi, il\u00e7e genelinde ba\u015flatt\u0131\u011f\u0131 kapsaml\u0131 temizlik ve bak\u0131m \u00e7al\u0131\u015fmalar\u0131n\u0131 h\u0131z kesmeden s\u00fcrd\u00fcr\u00fcyor. Program kapsam\u0131nda t\u00fcm mahallelerde d\u00f6n\u00fc\u015f\u00fcml\u00fc ger\u00e7ekle\u015ftirilen \u201cBahar Seferberli\u011fi\u201d \u00e7al\u0131\u015fmalar\u0131n\u0131n yeni dura\u011f\u0131 Cevizli Mahallesi oldu. Belediye ekiplerinin mahalle bazl\u0131 y\u00fcr\u00fctt\u00fc\u011f\u00fc program d\u00e2hilinde Cevizli sokaklar\u0131nda geni\u015f \u00e7apl\u0131 bir temizlik \u00e7al\u0131\u015fmas\u0131 ger\u00e7ekle\u015ftirildi.<\/p>\n<p><b>SOKAKLAR K\u00d6\u015eE BUCAK TEM\u0130ZLEND\u0130<\/b><\/p>\n<p>Sabah\u0131n erken saatlerinde ba\u015flayan \u00e7al\u0131\u015fmalarda, Cevizli Mahallesi\u2019ndeki ana arterler ve ara sokaklar s\u00fcp\u00fcrme ara\u00e7lar\u0131 ve personel deste\u011fiyle temizlendi. \u00c7al\u0131\u015fmalar kapsam\u0131nda yollar tazyikli suyla y\u0131kand\u0131.<\/p>\n<p><b>KONTEYNERLERDE H\u0130JYEN \u00d6NCEL\u0130\u011e\u0130<\/b><\/p>\n<p>Mahalle genelindeki hem yer alt\u0131 hem de yer \u00fcst\u00fc \u00e7\u00f6p konteynerleri, \u00f6zel donan\u0131ml\u0131 ara\u00e7larla yerinde y\u0131kand\u0131 ve dezenfekte edildi.\u00a0 Ayr\u0131ca \u00e7al\u0131\u015fmalar esnas\u0131nda toplu temizlik ekibi, mahalledeki bo\u015f arsalarda biriken \u00e7\u00f6pleri de toplad\u0131. K\u00f6t\u00fc koku ve bakteri olu\u015fumunun \u00f6n\u00fcne ge\u00e7meyi hedefleyen bu uygulama, mahalle sakinlerinden tam not ald\u0131.<\/p>\n<p><b>SIRAYLA T\u00dcM MAHALLELERE ULA\u015eILACAK<\/b><\/p>\n<p>Maltepe Belediyesi yetkilileri, temizlik seferberli\u011finin belirli bir program d\u00e2hilinde y\u00fcr\u00fct\u00fcld\u00fc\u011f\u00fcn\u00fc ve il\u00e7edeki t\u00fcm mahallelerin s\u0131rayla bu kapsaml\u0131 bak\u0131mdan ge\u00e7ece\u011fini belirtti. \u201cDaha temiz bir Maltepe\u201d hedefiyle y\u00fcr\u00fct\u00fclen \u00e7al\u0131\u015fmalar\u0131n periyodik olarak devam edece\u011fi vurguland\u0131.\u00a0<\/p>\n<p>\u00a0<\/p>\n<p>\u00a0<\/p>\n<p>Kaynak: (BYZHA) Beyaz Haber Ajans\u0131<\/p>\n","protected":false},"excerpt":{"rendered":"<p>Maltepe Belediyesi, il\u00e7e genelinde ba\u015flatt\u0131\u011f\u0131 kapsaml\u0131 temizlik ve bak\u0131m \u00e7al\u0131\u015fmalar\u0131n\u0131 h\u0131z kesmeden s\u00fcrd\u00fcr\u00fcyor.<\/p>\n","protected":false},"author":1,"featured_media":13908,"comment_status":"open","ping_status":"open","sticky":false,"template":"","format":"standard","meta":{"footnotes":""},"categories":[20],"tags":[],"class_list":["post-13907","post","type-post","status-publish","format-standard","has-post-thumbnail","hentry","category-gundem"],"_links":{"self":[{"href":"https:\/\/akdenizolay.com.tr\/index.php\/wp-json\/wp\/v2\/posts\/13907","targetHints":{"allow":["GET"]}}],"collection":[{"href":"https:\/\/akdenizolay.com.tr\/index.php\/wp-json\/wp\/v2\/posts"}],"about":[{"href":"https:\/\/akdenizolay.com.tr\/index.php\/wp-json\/wp\/v2\/types\/post"}],"author":[{"embeddable":true,"href":"https:\/\/akdenizolay.com.tr\/index.php\/wp-json\/wp\/v2\/users\/1"}],"replies":[{"embeddable":true,"href":"https:\/\/akdenizolay.com.tr\/index.php\/wp-json\/wp\/v2\/comments?post=13907"}],"version-history":[{"count":1,"href":"https:\/\/akdenizolay.com.tr\/index.php\/wp-json\/wp\/v2\/posts\/13907\/revisions"}],"predecessor-version":[{"id":13909,"href":"https:\/\/akdenizolay.com.tr\/index.php\/wp-json\/wp\/v2\/posts\/13907\/revisions\/13909"}],"wp:featuredmedia":[{"embeddable":true,"href":"https:\/\/akdenizolay.com.tr\/index.php\/wp-json\/wp\/v2\/media\/13908"}],"wp:attachment":[{"href":"https:\/\/akdenizolay.com.tr\/index.php\/wp-json\/wp\/v2\/media?parent=13907"}],"wp:term":[{"taxonomy":"category","embeddable":true,"href":"https:\/\/akdenizolay.com.tr\/index.php\/wp-json\/wp\/v2\/categories?post=13907"},{"taxonomy":"post_tag","embeddable":true,"href":"https:\/\/akdenizolay.com.tr\/index.php\/wp-json\/wp\/v2\/tags?post=13907"}],"curies":[{"name":"wp","href":"https:\/\/api.w.org\/{rel}","templated":true}]}}