{"id":13919,"date":"2026-04-29T10:38:53","date_gmt":"2026-04-29T10:38:53","guid":{"rendered":"https:\/\/akdenizolay.com.tr\/index.php\/2026\/04\/29\/bucada-kitap-degisim-gunleri-basliyor\/"},"modified":"2026-04-29T10:38:54","modified_gmt":"2026-04-29T10:38:54","slug":"bucada-kitap-degisim-gunleri-basliyor","status":"publish","type":"post","link":"https:\/\/akdenizolay.com.tr\/index.php\/2026\/04\/29\/bucada-kitap-degisim-gunleri-basliyor\/","title":{"rendered":"Buca\u2019da  \u201cKitap De\u011fi\u015fim G\u00fcnleri\u201d ba\u015fl\u0131yor"},"content":{"rendered":"<p> Buca Belediyesi, il\u00e7ede okuma k\u00fclt\u00fcr\u00fcn\u00fc yayg\u0131nla\u015ft\u0131rmak amac\u0131yla Kitap De\u011fi\u015fim G\u00fcnleri\u2019ni ba\u015flat\u0131yor. Her hafta farkl\u0131 bir mahallede kurulacak takas noktalar\u0131yla Bucal\u0131lar, okuduklar\u0131 kitaplar\u0131 payla\u015farak yeni hik\u00e2yelerle bulu\u015fma imk\u00e2n\u0131 yakalayacak. Buca Belediye Ba\u015fkan\u0131 G\u00f6rkem Duman, projeyle hem dayan\u0131\u015fmay\u0131 hem de okuma al\u0131\u015fkanl\u0131\u011f\u0131n\u0131 g\u00fc\u00e7lendirmeyi hedeflediklerini belirterek, \u201cT\u00fcm kitapseverleri bu anlaml\u0131 de\u011fi\u015fimin par\u00e7as\u0131 olmaya davet ediyoruz\u201d dedi.<\/p>\n<p>Mobil k\u00fct\u00fcphane anlay\u0131\u015f\u0131yla kurgulanan uygulaman\u0131n ilk adresi \u0130zkent Mahallesi olacak. 30 Nisan Per\u015fembe g\u00fcn\u00fc 10.00 ila 17.00 saatleri aras\u0131nda ger\u00e7ekle\u015ftirilecek etkinlikte vatanda\u015flar, evlerindeki ki\u015fisel k\u00fct\u00fcphanelerden getirdikleri y\u0131pranmam\u0131\u015f kitaplar\u0131, alanda kurulan stantlarda ba\u015fka kitaplarla \u00fccretsiz olarak takas edebilecek. Bu sayede hem kitaplar yeniden dola\u015f\u0131ma girecek hem de okurlar k\u00fct\u00fcphanelerini zenginle\u015ftirme f\u0131rsat\u0131 bulacak.<\/p>\n<p>Buca Belediye Ba\u015fkan\u0131 G\u00f6rkem Duman, \u201cKitap De\u011fi\u015fim G\u00fcnleri ile hem\u015fehrilerimiz aras\u0131nda g\u00fc\u00e7l\u00fc bir k\u00fclt\u00fcrel ba\u011f kurmay\u0131 ama\u00e7l\u0131yoruz. Her mahallede kurulacak bu bulu\u015fma noktalar\u0131yla kitaplar\u0131 yeniden dola\u015f\u0131ma kazand\u0131r\u0131rken, okuma al\u0131\u015fkanl\u0131\u011f\u0131n\u0131 da hep birlikte b\u00fcy\u00fctece\u011fiz. T\u00fcm kitapseverleri bu anlaml\u0131 de\u011fi\u015fimin par\u00e7as\u0131 olmaya davet ediyoruz\u201d diye konu\u015ftu.<\/p>\n<p>\u00a0<\/p>\n<p>Kaynak: (BYZHA) Beyaz Haber Ajans\u0131<\/p>\n","protected":false},"excerpt":{"rendered":"<p>Buca Belediyesi, il\u00e7ede okuma k\u00fclt\u00fcr\u00fcn\u00fc yayg\u0131nla\u015ft\u0131rmak amac\u0131yla Kitap De\u011fi\u015fim G\u00fcnleri\u2019ni ba\u015flat\u0131yor.<\/p>\n","protected":false},"author":1,"featured_media":13920,"comment_status":"open","ping_status":"open","sticky":false,"template":"","format":"standard","meta":{"footnotes":""},"categories":[24],"tags":[],"class_list":["post-13919","post","type-post","status-publish","format-standard","has-post-thumbnail","hentry","category-kultur-sanat"],"_links":{"self":[{"href":"https:\/\/akdenizolay.com.tr\/index.php\/wp-json\/wp\/v2\/posts\/13919","targetHints":{"allow":["GET"]}}],"collection":[{"href":"https:\/\/akdenizolay.com.tr\/index.php\/wp-json\/wp\/v2\/posts"}],"about":[{"href":"https:\/\/akdenizolay.com.tr\/index.php\/wp-json\/wp\/v2\/types\/post"}],"author":[{"embeddable":true,"href":"https:\/\/akdenizolay.com.tr\/index.php\/wp-json\/wp\/v2\/users\/1"}],"replies":[{"embeddable":true,"href":"https:\/\/akdenizolay.com.tr\/index.php\/wp-json\/wp\/v2\/comments?post=13919"}],"version-history":[{"count":1,"href":"https:\/\/akdenizolay.com.tr\/index.php\/wp-json\/wp\/v2\/posts\/13919\/revisions"}],"predecessor-version":[{"id":13921,"href":"https:\/\/akdenizolay.com.tr\/index.php\/wp-json\/wp\/v2\/posts\/13919\/revisions\/13921"}],"wp:featuredmedia":[{"embeddable":true,"href":"https:\/\/akdenizolay.com.tr\/index.php\/wp-json\/wp\/v2\/media\/13920"}],"wp:attachment":[{"href":"https:\/\/akdenizolay.com.tr\/index.php\/wp-json\/wp\/v2\/media?parent=13919"}],"wp:term":[{"taxonomy":"category","embeddable":true,"href":"https:\/\/akdenizolay.com.tr\/index.php\/wp-json\/wp\/v2\/categories?post=13919"},{"taxonomy":"post_tag","embeddable":true,"href":"https:\/\/akdenizolay.com.tr\/index.php\/wp-json\/wp\/v2\/tags?post=13919"}],"curies":[{"name":"wp","href":"https:\/\/api.w.org\/{rel}","templated":true}]}}