{"id":13976,"date":"2026-04-29T12:38:17","date_gmt":"2026-04-29T12:38:17","guid":{"rendered":"https:\/\/akdenizolay.com.tr\/index.php\/2026\/04\/29\/depremin-tum-boyutlari-beylikduzunde-masaya-yatirildi\/"},"modified":"2026-04-29T12:38:18","modified_gmt":"2026-04-29T12:38:18","slug":"depremin-tum-boyutlari-beylikduzunde-masaya-yatirildi","status":"publish","type":"post","link":"https:\/\/akdenizolay.com.tr\/index.php\/2026\/04\/29\/depremin-tum-boyutlari-beylikduzunde-masaya-yatirildi\/","title":{"rendered":"Depremin T\u00fcm Boyutlar\u0131 Beylikd\u00fcz\u00fc\u2019nde Masaya Yat\u0131r\u0131ld\u0131"},"content":{"rendered":"<p> Beylikd\u00fcz\u00fc Belediyesi, afetlere kar\u015f\u0131 geli\u015ftirdi\u011fi b\u00fct\u00fcnc\u00fcl yakla\u015f\u0131m\u0131 bir ad\u0131m daha ileri ta\u015f\u0131yarak \u201cAfetlere Kar\u015f\u0131 Kentsel Diren\u00e7lilik \u00c7al\u0131\u015ftay\u0131\u201dn\u0131n ikincisini ger\u00e7ekle\u015ftirdi. Uzman isimlerin kat\u0131l\u0131m\u0131yla deprem konusunun ele al\u0131nd\u0131\u011f\u0131 \u00e7al\u0131\u015ftayda deprem; yaln\u0131zca bir afet ba\u015fl\u0131\u011f\u0131 olarak de\u011fil, kentsel sistemleri d\u00f6n\u00fc\u015ft\u00fcren \u00e7ok boyutlu bir risk alan\u0131 olarak ele al\u0131nd\u0131. Depremin yaln\u0131zca birincil etkileri de\u011fil; altyap\u0131 s\u00fcreklili\u011fi, eri\u015filebilirlik, haberle\u015fme, sa\u011fl\u0131k hizmetleri ve toplumsal davran\u0131\u015flar \u00fczerindeki etkileri birlikte de\u011ferlendirildi.\u00a0<br \/>Daha diren\u00e7li bir Beylikd\u00fcz\u00fc i\u00e7in \u00e7al\u0131\u015fmalar\u0131n\u0131 s\u00fcrd\u00fcren Beylikd\u00fcz\u00fc Belediyesi, \u0130stanbul Teknik \u00dcniversitesi i\u015f birli\u011fiyle Afetlere Kar\u015f\u0131 Kentsel Diren\u00e7lilik \u00c7al\u0131\u015ftay\u0131\u2019n\u0131n ikincisini d\u00fczenledi. Beylikd\u00fcz\u00fc Atat\u00fcrk K\u00fclt\u00fcr ve Sanat Merkezi Trakya Salonu\u2019nda ger\u00e7ekle\u015fen \u00e7al\u0131\u015ftayda bu kez deprem konusu ele al\u0131nd\u0131. \u00c7al\u0131\u015ftay; deprem riskinin kentsel sistemler \u00fczerindeki \u00e7ok boyutlu etkilerini ortaya koymak, risk azaltma odakl\u0131 stratejik \u00f6ncelikleri belirlemek, kurumlar aras\u0131 i\u015f birli\u011fi ve veri entegrasyonu ihtiyac\u0131n\u0131 tart\u0131\u015fmak, deprem \u00f6zelinde uygulanabilir proje ve politika \u00f6nerileri geli\u015ftirmek, \u00e7al\u0131\u015ftay \u00e7\u0131kt\u0131lar\u0131n\u0131n yerel ve ulusal \u00f6l\u00e7ekte \u00f6l\u00e7eklenebilir bir modele d\u00f6n\u00fc\u015ft\u00fcr\u00fclmesini sa\u011flamak amac\u0131yla alan\u0131nda uzman isimleri bir araya getirdi. \u00c7al\u0131\u015ftayda deprem riski; mek\u00e2nsal (zemin, yap\u0131 stoku), altyap\u0131sal (kritik sistemler), operasyonel (m\u00fcdahale kapasitesi) ve toplumsal (k\u0131r\u0131lganl\u0131k ve davran\u0131\u015flar) boyutlar\u0131yla birlikte de\u011ferlendirildi. Akademi, kamu, yerel y\u00f6netimler, sivil toplum ve teknik uzmanlar\u0131 bulu\u015fturan \u00e7al\u0131\u015ftay; yaln\u0131zca mevcut riskleri tart\u0131\u015fmakla kalmay\u0131p, yerelden ulusala \u00f6l\u00e7eklenebilir bir afet y\u00f6netim modelinin in\u015fas\u0131na odakland\u0131.<br \/>\u015eehla: \u201cHedefimiz \u00e7ok net; afetleri konu\u015fan de\u011fil afetlere haz\u0131r bir kent olmak\u201d<br \/>\u00c7al\u0131\u015ftayda konu\u015fan Beylikd\u00fcz\u00fc Belediye Ba\u015fkan Yard\u0131mc\u0131s\u0131 Cihan \u015eehla, T\u00fcrkiye\u2019de afetlerin bir istisna de\u011fil s\u00fcreklilik oldu\u011funu vurgulayarak \u015fu ifadeleri kulland\u0131: Bug\u00fcn bir zihniyet d\u00f6n\u00fc\u015f\u00fcm\u00fcn\u00fc ate\u015flemek i\u00e7in buraday\u0131z. Bu zihniyet d\u00f6n\u00fc\u015f\u00fcm\u00fcn\u00fc bu gibi \u00e7al\u0131\u015ftaylar ve birlikteliklerle ba\u015flat\u0131yor olmam\u0131z gerekiyor. T\u00fcrkiye&#8217;de afet bir istisna de\u011fil s\u00fcrekliliktir. Biz bu kadar afetle i\u00e7 i\u00e7e bir \u00fclke olmam\u0131za ra\u011fmen, afetle de\u011fil halen afetin sonucuyla m\u00fccadele halindeyiz. Her zaman afet olduktan sonraki s\u00fcre\u00e7ler \u00fczerinden politikalar y\u00fcr\u00fctmeye devam ediyoruz. Oysa bizim ihtiyac\u0131m\u0131z olan \u015fey bir kriz y\u00f6netiminden ziyade asl\u0131nda risk y\u00f6netimidir, haz\u0131rl\u0131kl\u0131 olma s\u00fcrecidir. Afetle ya\u015fam k\u00fclt\u00fcr\u00fcn\u00fc olu\u015fturabilmek i\u00e7in bu tip i\u015f birlikleri ve \u00e7al\u0131\u015ftaylar b\u00fcy\u00fck rol oynuyor.\u00a0<br \/>Beylikd\u00fcz\u00fc&#8217;nde \u015fansl\u0131y\u0131z bu k\u00fclt\u00fcr\u00fc olu\u015fturma noktas\u0131nda y\u0131llar \u00f6nce buraya gelen g\u00fc\u00e7l\u00fc bir irade vard\u0131. \u015eu an tutuklu bulunan Belediye Ba\u015fkan\u0131m\u0131z Mehmet Murat \u00c7al\u0131k g\u00f6reve ilk geldi\u011fi g\u00fcnden beri bu kentte afet haz\u0131rl\u0131k bilincini, risk azalt\u0131m\u0131, sak\u0131n\u0131m planlamas\u0131 gibi konular\u0131 masaya mesele olarak koydu. Bu y\u00f6nde biz haz\u0131rl\u0131klar\u0131m\u0131za y\u0131llar evvel ba\u015flad\u0131k. Bug\u00fcn yapt\u0131\u011f\u0131m\u0131z her \u015fey onun ortaya koydu\u011fu irade ve vizyon sonucunda ortaya \u00e7\u0131k\u0131yor. Afetler haz\u0131r olmak i\u00e7in bir se\u00e7enek de\u011fil asl\u0131nda bir sorumluluktur. Bu sorumlulu\u011fu sadece \u00fcstlenmedik, onu ayn\u0131 zamanda Beylikd\u00fcz\u00fc Afet Y\u00f6netim Modeli\u2019ne d\u00f6n\u00fc\u015ft\u00fcrd\u00fck. Bu modelin \u00fcst\u00fcne katarak, ba\u015fka modellere evirmeye ve daha g\u00fcncel ihtiya\u00e7lara cevap verecek hale getirmeye \u00e7al\u0131\u015f\u0131yoruz. Bu anlay\u0131\u015fla olu\u015fturdu\u011fumuz modelimizi mek\u00e2nsal, kurumsal, toplumsal ve operasyonel olmak \u00fczere d\u00f6rt temel \u00fczerine kurduk. Hedefimiz \u00e7ok net; afetleri konu\u015fan de\u011fil afetlere haz\u0131r bir kent olmak. Bunun yolu da bilgiyi payla\u015fmaktan, birlikte \u00fcretmekten ve bunu sahaya indirmekten ge\u00e7ti\u011fini de biliyoruz. Afetlere kar\u015f\u0131 yapaca\u011f\u0131n\u0131z en b\u00fcy\u00fck haz\u0131rl\u0131k asl\u0131nda birlikte kurulan bu ak\u0131llard\u0131r.<br \/>\u015eehla: Beylikd\u00fcz\u00fc modeli yerelden ulusala y\u00fckseliyor<br \/>Beylikd\u00fcz\u00fc Afet Y\u00f6netim Modeli\u2019ni ve belediyenin afet alan\u0131ndaki \u00e7al\u0131\u015fmalar\u0131n\u0131 da yapt\u0131\u011f\u0131 kapsaml\u0131 sunumla kat\u0131l\u0131mc\u0131larla payla\u015fan \u015eehla, \u201cBeylikd\u00fcz\u00fc Modeli ile afet y\u00f6netim bilincinin \u00f6nemli ve siyasetten ba\u011f\u0131ms\u0131z bir mesele oldu\u011funu s\u00f6ylemeye \u00e7al\u0131\u015f\u0131yoruz. Beylikd\u00fcz\u00fc Belediyesi\u2019nin gerek 6 \u015eubat depremlerinde gerek di\u011fer alanlarda g\u00f6sterdi\u011fi ba\u015far\u0131n\u0131n temelinde siyaset \u00fcst\u00fc bir yakla\u015f\u0131m bulunuyor. Yerel y\u00f6netimlerin art\u0131k afet konusunda ulusal d\u00fczeyde ba\u015fka bir yetkinli\u011fe evirilmesi gerekiyor. Beylikd\u00fcz\u00fc\u2019nde kurmakta oldu\u011fumuz bu model kentin fiziksel, sosyal ve dijital katmanlar\u0131n\u0131 birle\u015ftiren, diren\u00e7li bir k\u00fclt\u00fcr haline getiren bir anlay\u0131\u015ft\u0131r. Bu da yerelden ulusala y\u00fckselen bir modeldir bizler i\u00e7in. Beylikd\u00fcz\u00fc\u2019n\u00fc ulusal bir afet seferberli\u011finin laboratuvar\u0131 olarak g\u00f6r\u00fcyoruz. Buradan \u00e7\u0131kacak her sonucun sadece Beylikd\u00fcz\u00fc i\u00e7in de\u011fil, \u00fclkemiz i\u00e7in neye d\u00f6n\u00fc\u015febilece\u011fine bakarak ilerlemeye \u00e7al\u0131\u015f\u0131yoruz\u201d dedi.\u00a0<br \/>AFAD\u2019dan Beylikd\u00fcz\u00fc yakla\u015f\u0131m\u0131na destek<br \/>\u0130stanbul \u0130l AFAD M\u00fcd\u00fcr\u00fc Prof. Dr. Haluk \u00d6zener ise risk azaltma odakl\u0131 d\u00f6n\u00fc\u015f\u00fcm\u00fcn \u00f6nemine dikkat \u00e7ekerek, bu t\u00fcr \u00e7al\u0131\u015fmalar\u0131n t\u00fcm \u0130stanbul\u2019a yay\u0131lmas\u0131 gerekti\u011fini vurgulad\u0131\u011f\u0131 konu\u015fmas\u0131nda, \u201cBug\u00fcn burada \u00f6nemli bir etkinlik i\u00e7in bir araya geldik. Asl\u0131nda bu etkinliklerin \u0130stanbul\u2019un 39 il\u00e7esinde de benzer \u015fekilde s\u00fcrd\u00fcr\u00fclmesini \u00e7ok \u00f6nemsiyoruz. Diren\u00e7li \u0130stanbul, diren\u00e7li kentler diyoruz. Son y\u0131llarda AFAD\u2019\u0131n stratejisinde \u015f\u00f6yle bir de\u011fi\u015fiklik g\u00f6zlemliyoruz. M\u00fcdahale odakl\u0131 bir afet y\u00f6netiminden risk azaltmaya y\u00f6nelik bir d\u00f6n\u00fc\u015f\u00fcm var. Bu \u00e7ok \u00f6nemli. Biz ne kadar riskleri azalt\u0131rsak arama kurtarmac\u0131 arkada\u015flar\u0131m\u0131za o kadar az i\u015f d\u00fc\u015fecektir. Dolay\u0131s\u0131yla risk azaltma faaliyetleri \u00e7ok \u00f6nemli. Bug\u00fcn burada sekiz tane masam\u0131z var. Bu sekiz masada farkl\u0131 konular tart\u0131\u015f\u0131lacak ve sonu\u00e7 bildirgesi yay\u0131nland\u0131ktan sonra \u00f6nemli olan bunlar\u0131n hayata ge\u00e7irilmesi. \u00dcmit ediyorum ki bug\u00fcnk\u00fc \u00e7al\u0131\u015fmam\u0131z verimli bir \u015fekilde sona erer ve \u00e7\u0131kt\u0131lar\u0131ndan bizler de sizler de faydalan\u0131rs\u0131n\u0131z. Do\u011fa olaylar\u0131n\u0131n afetlere d\u00f6n\u00fc\u015fmeyece\u011fi ayd\u0131nl\u0131k geleceklerde g\u00f6r\u00fc\u015fmek dile\u011fiyle\u201d ifadelerine yer verdi.\u00a0<br \/>\u00c7etinta\u015f: Afetler art\u0131k tek tek de\u011fil, birbirini tetikleyen ve b\u00fcy\u00fcten bir sistem haline gelmi\u015f durumda<br \/>11 Aral\u0131k 2025 tarihinde d\u00fczenlenen ilk \u00e7al\u0131\u015ftay\u0131n sonu\u00e7 raporunu payla\u015fan Beylikd\u00fcz\u00fc Belediyesi Afet \u0130\u015fleri ve Risk Y\u00f6netimi M\u00fcd\u00fcr\u00fc Mehmet Metehan \u00c7etinta\u015f ise \u201cAfeti dert edinen insanlar olarak bir araya gelmenin mutlulu\u011funu ya\u015f\u0131yoruz. 11 Aral\u0131k\u2019ta ger\u00e7ekle\u015ftirdi\u011fimiz \u00e7al\u0131\u015ftayda yakla\u015f\u0131k 60 sayfal\u0131k bir sonu\u00e7 raporumuz \u00e7\u0131kt\u0131. Bu raporun en \u00f6nemli k\u0131sm\u0131 yakla\u015f\u0131k 13 sayfadan olu\u015fan bir \u00fcst politika notu. Kentlerimiz b\u00fcy\u00fcyor ve bir\u00e7ok afetle kar\u015f\u0131 kar\u015f\u0131ya kal\u0131yor. Bu afetler tekil afetler olmuyor. Deprem odakl\u0131 d\u00fc\u015f\u00fcn\u00fcyoruz ama deprem ard\u0131ndan altyap\u0131y\u0131 g\u00f6t\u00fcr\u00fcyor, sel riskini meydana getiriyor, sanayi alanlar\u0131nda ciddi kimyasal riskler ortaya \u00e7\u0131kar\u0131yor. Afetler art\u0131k tek tek de\u011fil, birbirini tetikleyen ve b\u00fcy\u00fcten bir sistem haline gelmi\u015f durumda. Maalesef buna kar\u015f\u0131n da bizim yakla\u015f\u0131m\u0131m\u0131z hala par\u00e7al\u0131 ve b\u00fcy\u00fck oranda m\u00fcdahale odakl\u0131d\u0131r. Bu \u00e7al\u0131\u015ftay\u0131n \u00e7\u0131k\u0131\u015f noktas\u0131 da bizim i\u00e7in tam olarak bu oldu. Bu yeni duruma uygun risk y\u00f6netim yakla\u015f\u0131m\u0131 geli\u015ftirmek amac\u0131yla bir \u00e7al\u0131\u015ftay d\u00fczenlemek istedik. \u00c7oklu ve birle\u015fik afetler olarak bir paradigma boyutuyla yola \u00e7\u0131kt\u0131k\u201d \u015feklinde konu\u015ftu.\u00a0<br \/>Deprem konusu b\u00fct\u00fcnc\u00fcl bir yakla\u015f\u0131mla ele al\u0131nd\u0131<br \/>\u00c7al\u0131\u015ftayda g\u00fcn boyunca alan\u0131nda uzman isimlerin moderat\u00f6r oldu\u011fu masa \u00e7al\u0131\u015fmalar\u0131nda, deprem riskinin farkl\u0131 boyutlar\u0131n\u0131 ele alan \u00e7al\u0131\u015fmalar y\u00fcr\u00fct\u00fcld\u00fc. G\u00fcn sonunda ise her masa temsilcisi, tart\u0131\u015fmalardan elde edilen sonu\u00e7lar\u0131 ve \u00f6nerileri \u00f6zetleyerek t\u00fcm kat\u0131l\u0131mc\u0131larla payla\u015ft\u0131.\u00a0<\/p>\n<p>\u00a0<\/p>\n<p>Kaynak: (BYZHA) Beyaz Haber Ajans\u0131<\/p>\n","protected":false},"excerpt":{"rendered":"<p>Beylikd\u00fcz\u00fc Belediyesi, afetlere kar\u015f\u0131 geli\u015ftirdi\u011fi b\u00fct\u00fcnc\u00fcl yakla\u015f\u0131m\u0131 bir ad\u0131m daha ileri ta\u015f\u0131yarak \u201cAfetlere Kar\u015f\u0131 Kentsel Diren\u00e7lilik \u00c7al\u0131\u015ftay\u0131\u201dn\u0131n ikincisini ger\u00e7ekle\u015ftirdi.<\/p>\n","protected":false},"author":1,"featured_media":13977,"comment_status":"open","ping_status":"open","sticky":false,"template":"","format":"standard","meta":{"footnotes":""},"categories":[20],"tags":[],"class_list":["post-13976","post","type-post","status-publish","format-standard","has-post-thumbnail","hentry","category-gundem"],"_links":{"self":[{"href":"https:\/\/akdenizolay.com.tr\/index.php\/wp-json\/wp\/v2\/posts\/13976","targetHints":{"allow":["GET"]}}],"collection":[{"href":"https:\/\/akdenizolay.com.tr\/index.php\/wp-json\/wp\/v2\/posts"}],"about":[{"href":"https:\/\/akdenizolay.com.tr\/index.php\/wp-json\/wp\/v2\/types\/post"}],"author":[{"embeddable":true,"href":"https:\/\/akdenizolay.com.tr\/index.php\/wp-json\/wp\/v2\/users\/1"}],"replies":[{"embeddable":true,"href":"https:\/\/akdenizolay.com.tr\/index.php\/wp-json\/wp\/v2\/comments?post=13976"}],"version-history":[{"count":1,"href":"https:\/\/akdenizolay.com.tr\/index.php\/wp-json\/wp\/v2\/posts\/13976\/revisions"}],"predecessor-version":[{"id":13978,"href":"https:\/\/akdenizolay.com.tr\/index.php\/wp-json\/wp\/v2\/posts\/13976\/revisions\/13978"}],"wp:featuredmedia":[{"embeddable":true,"href":"https:\/\/akdenizolay.com.tr\/index.php\/wp-json\/wp\/v2\/media\/13977"}],"wp:attachment":[{"href":"https:\/\/akdenizolay.com.tr\/index.php\/wp-json\/wp\/v2\/media?parent=13976"}],"wp:term":[{"taxonomy":"category","embeddable":true,"href":"https:\/\/akdenizolay.com.tr\/index.php\/wp-json\/wp\/v2\/categories?post=13976"},{"taxonomy":"post_tag","embeddable":true,"href":"https:\/\/akdenizolay.com.tr\/index.php\/wp-json\/wp\/v2\/tags?post=13976"}],"curies":[{"name":"wp","href":"https:\/\/api.w.org\/{rel}","templated":true}]}}