{"id":13979,"date":"2026-04-29T12:38:24","date_gmt":"2026-04-29T12:38:24","guid":{"rendered":"https:\/\/akdenizolay.com.tr\/index.php\/2026\/04\/29\/seytan-marka-giyer-2-filmi-1-mayista-sinemalarda-izleyiciyle-bulusuyor\/"},"modified":"2026-04-29T12:38:25","modified_gmt":"2026-04-29T12:38:25","slug":"seytan-marka-giyer-2-filmi-1-mayista-sinemalarda-izleyiciyle-bulusuyor","status":"publish","type":"post","link":"https:\/\/akdenizolay.com.tr\/index.php\/2026\/04\/29\/seytan-marka-giyer-2-filmi-1-mayista-sinemalarda-izleyiciyle-bulusuyor\/","title":{"rendered":"\u015eeytan Marka Giyer 2 filmi, 1 May\u0131s\u2019ta sinemalarda izleyiciyle bulu\u015fuyor"},"content":{"rendered":"<p> 2006 yap\u0131m\u0131 ve bir nesli tan\u0131mlayan k\u00fclt filmin \u00fczerinden neredeyse 20 y\u0131l ge\u00e7mi\u015fken;\u00a0<strong>Meryl Streep, Anne Hathaway, Emily Blunt ve Stanley Tucci<\/strong>, Miranda, Andy, Emily ve Nigel rollerine yeniden hayat vererek New York\u2019un \u015f\u0131k sokaklar\u0131na ve\u00a0<strong>Runway Dergisi<\/strong>\u2019nin modern ofislerine geri d\u00f6n\u00fcyor.<\/p>\n<p>Film, orijinal ana kadroyu yeniden bir araya getirirken; y\u00f6netmen koltu\u011funda\u00a0<strong>David Frankel<\/strong>, senaryoda ise\u00a0<strong>Aline Brosh McKenna<\/strong>\u00a0yer al\u0131yor. Devam filminde ayr\u0131ca\u00a0<strong>Kenneth Branagh, Simone Ashley, Justin Theroux, Lucy Liu, Patrick Brammall, Caleb Hearon, Helen J. Shen, Pauline Chalamet, B.J. Novak ve Conrad Ricamora<\/strong>\u00a0gibi yeni isimler de izleyiciyle bulu\u015fuyor. \u0130lk filmden\u00a0<strong>Tracie Thoms<\/strong>\u00a0ve\u00a0<strong>Tibor Feldman<\/strong>\u00a0da \u201cLily\u201d ve \u201cIrv\u201d karakterleriyle rollerini yeniden canland\u0131r\u0131yor.<\/p>\n<p><strong>\u201c\u015eeytan Marka Giyer 2\u201d<\/strong>,\u00a0<strong>Wendy Finerman<\/strong>\u00a0yap\u0131mc\u0131l\u0131\u011f\u0131nda;\u00a0<strong>Michael Bederman, Karen Rosenfelt ve Aline Brosh McKenna<\/strong>\u2019n\u0131n y\u00fcr\u00fct\u00fcc\u00fc yap\u0131mc\u0131l\u0131\u011f\u0131nda hayata ge\u00e7irildi. Film,\u00a0<strong>1 May\u0131s\u2019ta sinemalarda<\/strong>\u00a0g\u00f6sterime girecek.<\/p>\n<p>\u00a0<\/p>\n<p>Kaynak: (BYZHA) Beyaz Haber Ajans\u0131<\/p>\n","protected":false},"excerpt":{"rendered":"<p>2006 yap\u0131m\u0131 ve bir nesli tan\u0131mlayan k\u00fclt filmin \u00fczerinden neredeyse 20 y\u0131l ge\u00e7mi\u015fken;\u00a0Meryl Streep, Anne Hathaway, Emily Blunt ve Stanley Tucci, Miranda, Andy, Emily ve Nigel rollerine yeniden hayat vererek New York\u2019un \u015f\u0131k sokaklar\u0131na ve\u00a0Runway Dergisi\u2019nin modern ofislerine geri d\u00f6n\u00fcyor.<\/p>\n","protected":false},"author":1,"featured_media":13980,"comment_status":"open","ping_status":"open","sticky":false,"template":"","format":"standard","meta":{"footnotes":""},"categories":[24],"tags":[],"class_list":["post-13979","post","type-post","status-publish","format-standard","has-post-thumbnail","hentry","category-kultur-sanat"],"_links":{"self":[{"href":"https:\/\/akdenizolay.com.tr\/index.php\/wp-json\/wp\/v2\/posts\/13979","targetHints":{"allow":["GET"]}}],"collection":[{"href":"https:\/\/akdenizolay.com.tr\/index.php\/wp-json\/wp\/v2\/posts"}],"about":[{"href":"https:\/\/akdenizolay.com.tr\/index.php\/wp-json\/wp\/v2\/types\/post"}],"author":[{"embeddable":true,"href":"https:\/\/akdenizolay.com.tr\/index.php\/wp-json\/wp\/v2\/users\/1"}],"replies":[{"embeddable":true,"href":"https:\/\/akdenizolay.com.tr\/index.php\/wp-json\/wp\/v2\/comments?post=13979"}],"version-history":[{"count":1,"href":"https:\/\/akdenizolay.com.tr\/index.php\/wp-json\/wp\/v2\/posts\/13979\/revisions"}],"predecessor-version":[{"id":13981,"href":"https:\/\/akdenizolay.com.tr\/index.php\/wp-json\/wp\/v2\/posts\/13979\/revisions\/13981"}],"wp:featuredmedia":[{"embeddable":true,"href":"https:\/\/akdenizolay.com.tr\/index.php\/wp-json\/wp\/v2\/media\/13980"}],"wp:attachment":[{"href":"https:\/\/akdenizolay.com.tr\/index.php\/wp-json\/wp\/v2\/media?parent=13979"}],"wp:term":[{"taxonomy":"category","embeddable":true,"href":"https:\/\/akdenizolay.com.tr\/index.php\/wp-json\/wp\/v2\/categories?post=13979"},{"taxonomy":"post_tag","embeddable":true,"href":"https:\/\/akdenizolay.com.tr\/index.php\/wp-json\/wp\/v2\/tags?post=13979"}],"curies":[{"name":"wp","href":"https:\/\/api.w.org\/{rel}","templated":true}]}}