{"id":13982,"date":"2026-04-29T15:28:45","date_gmt":"2026-04-29T15:28:45","guid":{"rendered":"https:\/\/akdenizolay.com.tr\/index.php\/2026\/04\/29\/manisa-buyuksehirden-afetzede-ureticilere-destek\/"},"modified":"2026-04-29T15:28:46","modified_gmt":"2026-04-29T15:28:46","slug":"manisa-buyuksehirden-afetzede-ureticilere-destek","status":"publish","type":"post","link":"https:\/\/akdenizolay.com.tr\/index.php\/2026\/04\/29\/manisa-buyuksehirden-afetzede-ureticilere-destek\/","title":{"rendered":"Manisa B\u00fcy\u00fck\u015fehir\u2019den Afetzede \u00dcreticilere Destek"},"content":{"rendered":"<p> Manisa B\u00fcy\u00fck\u015fehir Belediyesi, Kula, Selendi, G\u00f6rdes ve K\u0131rka\u011fa\u00e7 il\u00e7elerinde meydana gelen f\u0131rt\u0131nada seralar\u0131 zarar g\u00f6ren 23 \u00fcreticiye sera tepe naylonlar\u0131n\u0131 teslim etti. Destekler, \u00fcretimin aksamamas\u0131 ad\u0131na y\u00fczde 100 hibeli olarak sa\u011fland\u0131. Manisa B\u00fcy\u00fck\u015fehir Belediye Ba\u015fkan\u0131 Besim Dutlulu, her ko\u015fulda \u00e7ift\u00e7ilerin al\u0131n terine g\u00fc\u00e7 katmaya devam edeceklerini vurgulad\u0131.<\/p>\n<p>Manisa genelinde etkili olan olumsuz hava ko\u015fullar\u0131 ve f\u0131rt\u0131na nedeniyle seralar\u0131 hasar g\u00f6ren \u00e7ift\u00e7ilerin ma\u011fduriyetini gidermek amac\u0131yla ba\u015flat\u0131lan \u00e7al\u0131\u015fmalar tamamland\u0131. Manisa B\u00fcy\u00fck\u015fehir Belediyesi ekiplerince yap\u0131lan saha incelemelerinin ard\u0131ndan, \u00fcretime ara vermek zorunda kalan 23 \u00fcreticiye ihtiya\u00e7 duyduklar\u0131 sera naylonlar\u0131 ula\u015ft\u0131r\u0131ld\u0131.<\/p>\n<p><b>Ba\u015fkan Dutlulu, \u201c\u00dcretim S\u00fcrecinin Aksamamas\u0131 Temel Gayemiz\u201d<\/b><\/p>\n<p>Manisa B\u00fcy\u00fck\u015fehir Belediye Ba\u015fkan\u0131 Besim Dutlulu, sosyal belediyecilik anlay\u0131\u015f\u0131yla \u00fcreticinin her ko\u015fulda yan\u0131nda olduklar\u0131n\u0131 vurgulad\u0131. Ba\u015fkan Dutlulu, \u201cDo\u011fal afetlerden etkilenen, al\u0131n teriyle topra\u011f\u0131 i\u015fleyen \u00e7ift\u00e7imizin yan\u0131nday\u0131z. Son d\u00f6nemde ya\u015fanan afetler nedeniyle Kula, Selendi, G\u00f6rdes ve K\u0131rka\u011fa\u00e7 il\u00e7elerimizde seralar\u0131 hasar g\u00f6ren 23 \u00fcreticimize, sera tepe naylonlar\u0131n\u0131 y\u00fczde 100 hibe deste\u011fiyle teslim ettik. Amac\u0131m\u0131z, \u00e7ift\u00e7imizin eme\u011finin yerde kalmamas\u0131 ve \u00fcretim s\u00fcrecinin aksamadan devam etmesidir. Al\u0131n terine g\u00fc\u00e7 katmaya, \u00e7ift\u00e7ilerimizin yan\u0131nda olmaya devam edece\u011fiz\u201d ifadelerini kulland\u0131.<\/p>\n<p><b>\u201cAmac\u0131m\u0131z \u00dcretimin S\u00fcrd\u00fcr\u00fclebilirli\u011fini Sa\u011flamak\u201d<\/b><\/p>\n<p>Teslimat s\u00fcrecine ili\u015fkin bilgi veren K\u0131rsal Hizmetler Dairesi Ba\u015fkanl\u0131\u011f\u0131 K\u0131rsal Kalk\u0131nma \u015eube M\u00fcd\u00fcr\u00fc Mustafa Eralp, \u00f6nceliklerinin tar\u0131msal faaliyetlerin kesintiye u\u011framamas\u0131 oldu\u011funu belirtti. Eralp, s\u00fcreci \u015fu s\u00f6zlerle \u00f6zetledi: \u201cManisa B\u00fcy\u00fck\u015fehir Belediyesi olarak, ya\u015fanan do\u011fal afetlerin ard\u0131ndan h\u0131zla hareket ederek \u00fcreticilerimizin yan\u0131ndaki yerimizi ald\u0131k. Ba\u015fkan\u0131m\u0131z Besim Dutlulu\u2019nun bu konudaki hassasiyetiyle h\u0131zla \u00e7al\u0131\u015fma ba\u015flatt\u0131k. Zarar g\u00f6ren 23 \u00e7ift\u00e7imizin seralar\u0131n\u0131 yeniden aktif hale getirebilmeleri i\u00e7in y\u00fczde 100 hibeli sera naylonlar\u0131n\u0131 teslim ettik. Temel gayemiz, hem Manisa hem de \u00fclke ekonomisi i\u00e7in kritik \u00f6nemdeki \u00fcretim s\u00fcrecinin devaml\u0131l\u0131\u011f\u0131n\u0131 sa\u011flamakt\u0131r.\u201d<\/p>\n<p><b>\u00dcreticilerden Te\u015fekk\u00fcr<\/b><\/p>\n<p>F\u0131rt\u0131nada seras\u0131 hasar alan Selendili \u00fcretici Mehmet Kara, \u201cBa\u015fvurumuzun ard\u0131ndan ekipler yerinde incelemelerini ger\u00e7ekle\u015ftirdi. Ma\u011fduriyet ya\u015fad\u0131\u011f\u0131m\u0131z bu s\u00fcre\u00e7te bizlere destek olan Manisa B\u00fcy\u00fck\u015fehir Belediye Ba\u015fkan\u0131m\u0131z Besim Dutlulu\u2019ya te\u015fekk\u00fcr ediyorum\u201d dedi.<\/p>\n<p>G\u00f6rdes\u2019te seras\u0131nda domates \u00fcreticili\u011fi yapt\u0131\u011f\u0131n\u0131 ifade eden Mehmet \u00c7etin ise sa\u011flanan destek sayesinde \u00fcretime k\u0131sa s\u00fcrede yeniden ba\u015flayacaklar\u0131n\u0131 ifade ederek, \u201cBelediyemiz sa\u011f olsun ba\u015fvurumuza h\u0131zl\u0131 yan\u0131t verdi. En k\u0131sa s\u00fcrede seralar\u0131m\u0131z\u0131 yenileyerek i\u015fimizin ba\u015f\u0131na d\u00f6nece\u011fiz\u201d diye konu\u015ftu.<\/p>\n<p>\u00a0<\/p>\n<p>Kaynak: (BYZHA) Beyaz Haber Ajans\u0131<\/p>\n","protected":false},"excerpt":{"rendered":"<p>Manisa B\u00fcy\u00fck\u015fehir Belediyesi, Kula, Selendi, G\u00f6rdes ve K\u0131rka\u011fa\u00e7 il\u00e7elerinde meydana gelen f\u0131rt\u0131nada seralar\u0131 zarar g\u00f6ren 23 \u00fcreticiye sera tepe naylonlar\u0131n\u0131 teslim etti.<\/p>\n","protected":false},"author":1,"featured_media":13983,"comment_status":"open","ping_status":"open","sticky":false,"template":"","format":"standard","meta":{"footnotes":""},"categories":[20],"tags":[],"class_list":["post-13982","post","type-post","status-publish","format-standard","has-post-thumbnail","hentry","category-gundem"],"_links":{"self":[{"href":"https:\/\/akdenizolay.com.tr\/index.php\/wp-json\/wp\/v2\/posts\/13982","targetHints":{"allow":["GET"]}}],"collection":[{"href":"https:\/\/akdenizolay.com.tr\/index.php\/wp-json\/wp\/v2\/posts"}],"about":[{"href":"https:\/\/akdenizolay.com.tr\/index.php\/wp-json\/wp\/v2\/types\/post"}],"author":[{"embeddable":true,"href":"https:\/\/akdenizolay.com.tr\/index.php\/wp-json\/wp\/v2\/users\/1"}],"replies":[{"embeddable":true,"href":"https:\/\/akdenizolay.com.tr\/index.php\/wp-json\/wp\/v2\/comments?post=13982"}],"version-history":[{"count":1,"href":"https:\/\/akdenizolay.com.tr\/index.php\/wp-json\/wp\/v2\/posts\/13982\/revisions"}],"predecessor-version":[{"id":13984,"href":"https:\/\/akdenizolay.com.tr\/index.php\/wp-json\/wp\/v2\/posts\/13982\/revisions\/13984"}],"wp:featuredmedia":[{"embeddable":true,"href":"https:\/\/akdenizolay.com.tr\/index.php\/wp-json\/wp\/v2\/media\/13983"}],"wp:attachment":[{"href":"https:\/\/akdenizolay.com.tr\/index.php\/wp-json\/wp\/v2\/media?parent=13982"}],"wp:term":[{"taxonomy":"category","embeddable":true,"href":"https:\/\/akdenizolay.com.tr\/index.php\/wp-json\/wp\/v2\/categories?post=13982"},{"taxonomy":"post_tag","embeddable":true,"href":"https:\/\/akdenizolay.com.tr\/index.php\/wp-json\/wp\/v2\/tags?post=13982"}],"curies":[{"name":"wp","href":"https:\/\/api.w.org\/{rel}","templated":true}]}}