{"id":13985,"date":"2026-04-29T15:28:52","date_gmt":"2026-04-29T15:28:52","guid":{"rendered":"https:\/\/akdenizolay.com.tr\/index.php\/2026\/04\/29\/zeytinburnu-kitapcisi-bulusmalarinda-nisan-ayi-konugu-rana-demiriz-oldu\/"},"modified":"2026-04-29T15:28:53","modified_gmt":"2026-04-29T15:28:53","slug":"zeytinburnu-kitapcisi-bulusmalarinda-nisan-ayi-konugu-rana-demiriz-oldu","status":"publish","type":"post","link":"https:\/\/akdenizolay.com.tr\/index.php\/2026\/04\/29\/zeytinburnu-kitapcisi-bulusmalarinda-nisan-ayi-konugu-rana-demiriz-oldu\/","title":{"rendered":"Zeytinburnu Kitap\u00e7\u0131s\u0131 Bulu\u015fmalar\u0131\u2019nda Nisan Ay\u0131 Konu\u011fu Rana Demiriz Oldu!"},"content":{"rendered":"<p> <b>Zeytinburnu Kitap\u00e7\u0131s\u0131 Bulu\u015fmalar\u0131\u2019n\u0131n nisan ay\u0131 s\u00f6yle\u015fisi ger\u00e7ekle\u015fti. Merve Akba\u015f\u2019\u0131n moderat\u00f6rl\u00fc\u011f\u00fcnde, 24 Nisan Cuma ak\u015fam\u0131 saat 19.30\u2019da ba\u015flayan s\u00f6yle\u015finin konu\u011fu Rana Demiriz oldu. \u201cSanatla Yaz\u0131lan Tarih\u201d kitab\u0131 dinleyicilere s\u00f6yle\u015fi \u00f6ncesinde hediye edildi.<\/b><\/p>\n<p>Bug\u00fcne dek \u00f6nemli konuklar\u0131 a\u011f\u0131rlayan Zeytinburnu Kitap\u00e7\u0131s\u0131 Bulu\u015fmalar\u0131\u2019n\u0131n nisan ay\u0131 s\u00f6yle\u015fisi, Merve Akba\u015f\u2019\u0131n sunumuyla Zeytinburnu Kitap\u00e7\u0131s\u0131\u2019nda ger\u00e7ekle\u015fti. \u201cSanatla Yaz\u0131lan Tarih\u201d kitab\u0131n\u0131n yazar\u0131 Rana Demiriz, kitab\u0131n hikayesini anlatt\u0131 ve minyat\u00fcrle ilgili bilgiler verdi.<\/p>\n<p><b>\u201cSadele\u015ftirmek, bilgiyi elemek anlam\u0131na gelmiyor.\u201d<\/b><\/p>\n<p>Rana Demiriz, kitab\u0131nda minyat\u00fcr tarihini nas\u0131l ele ald\u0131\u011f\u0131ndan s\u00f6z etti:<\/p>\n<p>\u201cTarihin pop\u00fclerle\u015fmesi, i\u015fin ruhunu ka\u00e7\u0131rabiliyor. Minyat\u00fcr s\u00f6z konusu oldu\u011funda hassas bir nokta var. Bilgiyi sadele\u015ftirmek demek, bilgiyi elemek demek de\u011fil. Onu daha kolay, daha basit bir dille tekrar ele al\u0131p bize ihtiyac\u0131m\u0131z olan kadar\u0131n\u0131 sunmak demek. Daha fazlas\u0131na ihtiyac\u0131n\u0131z varsa okuyabilece\u011finiz \u00e7ok derin, akademik kitaplar var. Ben de kitab\u0131n sonuna bunlar\u0131 kaynak\u00e7a olarak yazd\u0131m. Halihaz\u0131rda bir literat\u00fcr var minyat\u00fcrle alakal\u0131. Ama literat\u00fcre hakim olmayan, terminolojiyi bilmeyen bir okur bunu i\u00e7selle\u015ftiremeyebilir. Sadele\u015ftirme daha basit bir \u015fekilde ele almay\u0131 sa\u011flasa da i\u015fin \u00f6z\u00fcn\u00fc ka\u00e7\u0131rmamal\u0131.\u201d<\/p>\n<p><b>\u201cSanat tarihine anakronik bakmamal\u0131y\u0131z.\u201d<\/b><\/p>\n<p>Rana Demiriz, sanat tarihini incelemenin y\u00f6ntemlerine dair \u015funlar\u0131 s\u00f6yledi:\u00a0\u00a0<\/p>\n<p>\u201cBug\u00fcn\u00fcn bak\u0131\u015f a\u00e7\u0131s\u0131yla herhangi bir tarihi olay\u0131 yorumlamak istersek bu anakronik olur. Etik de olmaz. Biz bug\u00fcnk\u00fc bak\u0131\u015f a\u00e7\u0131m\u0131zla, farkl\u0131 bir ya\u015fam s\u00fcren insanlar olarak onlar\u0131n ya\u015fant\u0131s\u0131n\u0131 ve sanat be\u011fenisini ele\u015ftiriyoruz asl\u0131nda. B\u00fct\u00fcn tarihi d\u00f6nemler -sanat tarihinde de b\u00f6yledir- o d\u00f6nemin zevkleri i\u00e7erisinde, o d\u00f6nemdeki patronlar\u0131n be\u011fenisi ve ideolojisi do\u011frultusunda incelenmeli.\u201d<\/p>\n<p>\u00a0<\/p>\n<p>\u00a0<\/p>\n<p>\u00a0<\/p>\n<p>Kaynak: (BYZHA) Beyaz Haber Ajans\u0131<\/p>\n","protected":false},"excerpt":{"rendered":"<p>Zeytinburnu Kitap\u00e7\u0131s\u0131 Bulu\u015fmalar\u0131\u2019n\u0131n nisan ay\u0131 s\u00f6yle\u015fisi ger\u00e7ekle\u015fti.<\/p>\n","protected":false},"author":1,"featured_media":13986,"comment_status":"open","ping_status":"open","sticky":false,"template":"","format":"standard","meta":{"footnotes":""},"categories":[24],"tags":[],"class_list":["post-13985","post","type-post","status-publish","format-standard","has-post-thumbnail","hentry","category-kultur-sanat"],"_links":{"self":[{"href":"https:\/\/akdenizolay.com.tr\/index.php\/wp-json\/wp\/v2\/posts\/13985","targetHints":{"allow":["GET"]}}],"collection":[{"href":"https:\/\/akdenizolay.com.tr\/index.php\/wp-json\/wp\/v2\/posts"}],"about":[{"href":"https:\/\/akdenizolay.com.tr\/index.php\/wp-json\/wp\/v2\/types\/post"}],"author":[{"embeddable":true,"href":"https:\/\/akdenizolay.com.tr\/index.php\/wp-json\/wp\/v2\/users\/1"}],"replies":[{"embeddable":true,"href":"https:\/\/akdenizolay.com.tr\/index.php\/wp-json\/wp\/v2\/comments?post=13985"}],"version-history":[{"count":1,"href":"https:\/\/akdenizolay.com.tr\/index.php\/wp-json\/wp\/v2\/posts\/13985\/revisions"}],"predecessor-version":[{"id":13987,"href":"https:\/\/akdenizolay.com.tr\/index.php\/wp-json\/wp\/v2\/posts\/13985\/revisions\/13987"}],"wp:featuredmedia":[{"embeddable":true,"href":"https:\/\/akdenizolay.com.tr\/index.php\/wp-json\/wp\/v2\/media\/13986"}],"wp:attachment":[{"href":"https:\/\/akdenizolay.com.tr\/index.php\/wp-json\/wp\/v2\/media?parent=13985"}],"wp:term":[{"taxonomy":"category","embeddable":true,"href":"https:\/\/akdenizolay.com.tr\/index.php\/wp-json\/wp\/v2\/categories?post=13985"},{"taxonomy":"post_tag","embeddable":true,"href":"https:\/\/akdenizolay.com.tr\/index.php\/wp-json\/wp\/v2\/tags?post=13985"}],"curies":[{"name":"wp","href":"https:\/\/api.w.org\/{rel}","templated":true}]}}