{"id":13988,"date":"2026-04-29T15:38:31","date_gmt":"2026-04-29T15:38:31","guid":{"rendered":"https:\/\/akdenizolay.com.tr\/index.php\/2026\/04\/29\/kahramankazanin-cografi-isaretli-mirasi-yeniden-toprakla-bulusuyor\/"},"modified":"2026-04-29T15:38:32","modified_gmt":"2026-04-29T15:38:32","slug":"kahramankazanin-cografi-isaretli-mirasi-yeniden-toprakla-bulusuyor","status":"publish","type":"post","link":"https:\/\/akdenizolay.com.tr\/index.php\/2026\/04\/29\/kahramankazanin-cografi-isaretli-mirasi-yeniden-toprakla-bulusuyor\/","title":{"rendered":"Kahramankazan\u2019\u0131n Co\u011frafi \u0130\u015faretli Miras\u0131 Yeniden Toprakla Bulu\u015fuyor"},"content":{"rendered":"<p> <b>Kahramankazan Belediyesi, il\u00e7enin en \u00f6nemli k\u00fclt\u00fcrel ve ekonomik de\u011ferlerinden biri olan co\u011frafi i\u015faretli \u201cKazan Kavunu\u201dnu eski ihti\u015fam\u0131na kavu\u015fturmak i\u00e7in dev bir ad\u0131m daha att\u0131. Kahramankazan Belediye Ba\u015fkan\u0131 Selim \u00c7\u0131rpano\u011flu\u2019nun \u00f6nc\u00fcl\u00fc\u011f\u00fcnde y\u00fcr\u00fct\u00fclen projeyle, Fusarium hastal\u0131\u011f\u0131 nedeniyle bir d\u00f6nem \u00fcretimi durma noktas\u0131na gelen me\u015fhur kara kavun tohumlar\u0131, yerli \u00fcreticilere hibe edilerek toprakla bulu\u015fturuldu.<\/b><\/p>\n<p>Kahramankazan Belediyesi, yerel kalk\u0131nma hamlesi kapsam\u0131nda geleneksel tar\u0131m \u00fcr\u00fcnlerini yeniden canland\u0131rmaya devam ediyor. Ge\u00e7ti\u011fimiz y\u0131l Kahramankazan Belediyesi K\u0131rsal Hizmetler M\u00fcd\u00fcrl\u00fc\u011f\u00fc taraf\u0131ndan titizlikle y\u00fcr\u00fct\u00fclen \u00e7al\u0131\u015fmalar sonucunda tohumlar\u0131 \u00e7o\u011falt\u0131lan ve ilk hasad\u0131 ba\u015far\u0131yla ger\u00e7ekle\u015ftirilen me\u015fhur Kazan kavunu, bu y\u0131l \u00e7ok daha geni\u015f bir alanda \u00fcretilecek.<\/p>\n<p>Kahramankazan Belediyesi Kump\u0131nar K\u00fclt\u00fcr Merkezi\u2019nde yerli \u00e7ift\u00e7ilerle bulu\u015fma ger\u00e7ekle\u015ftiren Kahramankazan Belediye Ba\u015fkan\u0131 Selim \u00c7\u0131rpano\u011flu, il\u00e7enin tar\u0131msal kimli\u011fini g\u00fc\u00e7lendirecek stratejik ad\u0131mlar\u0131 payla\u015ft\u0131. Toplant\u0131da, me\u015fhur kara kavunun yeniden tezgahlardaki yerini almas\u0131 i\u00e7in haz\u0131rlanan yol haritas\u0131 masaya yat\u0131r\u0131ld\u0131. Ba\u015fkan \u00c7\u0131rpano\u011flu, \u00fcreticilere tohum hibesi deste\u011fi sa\u011flayarak yerli \u00fcretimin te\u015fvik edilmesi noktas\u0131nda kararl\u0131l\u0131k mesaj\u0131 verdi.<\/p>\n<p><b>8 MAHALLEDE \u00dcRET\u0130M DENEMELER\u0130 BA\u015eLIYOR<\/b><\/p>\n<p>Kavun \u00fcretiminde verimlili\u011fi en \u00fcst seviyeye \u00e7\u0131karmay\u0131 hedeflediklerini s\u00f6yleyen Ba\u015fkan \u00c7\u0131rpano\u011flu, bu y\u0131l; \u201cTekke, Orhaniye, Karalar, So\u011fulcak, K\u0131l\u0131\u00e7lar, Ahi, G\u00fcven\u00e7 ve Fethiye\u201d mahallelerini pilot b\u00f6lge olarak belirlediklerini dile getirdi. Ba\u015fkan \u00c7\u0131rpano\u011flu toprak yap\u0131s\u0131 ve iklim \u015fartlar\u0131na g\u00f6re se\u00e7ilen bu mahallelerde yap\u0131lacak deneme ekimleriyle, y\u00fcksek rekolteli ve hastal\u0131klara diren\u00e7li bir hasat d\u00f6nemi ge\u00e7irilece\u011fini tahmin ettiklerini ifade etti.<\/p>\n<p><b>GASTRONOM\u0130 FEST\u0130VAL\u0130\u2019N\u0130N YILDIZI OLACAK<\/b><\/p>\n<p>Ba\u015fkan \u00c7\u0131rpano\u011flu, toplant\u0131da Kazan kavunu \u00fcretimini canland\u0131rmaya y\u00f6nelik \u00e7al\u0131\u015fmalar\u0131 s\u00fcrd\u00fcreceklerini belirterek \u015funlar\u0131 kaydetti:<\/p>\n<p>&#8220;Eski &#8216;Kazan ruhunu yans\u0131tan en \u00f6nemli simgelerimizden biri olan Kazan kavununu yeniden tar\u0131ma kazand\u0131rmak ve bu e\u015fsiz lezzeti T\u00fcrkiye\u2019nin gastronomi haritas\u0131na kal\u0131c\u0131 olarak i\u015flemek \u00f6ncelikli hedefimizdir. \u00c7ift\u00e7ilerimizin tecr\u00fcbesi ve belediyemizin deste\u011fiyle, me\u015fhur kavunumuzu eski \u00fcn\u00fcne kavu\u015fturaca\u011f\u0131z. Nasipse, bu y\u0131l ikincisini d\u00fczenleyece\u011fimiz Uluslararas\u0131 Gastronomi ve Kavurma Festivali\u2019nde, bu topraklar\u0131n bereketini binlerce misafirimizle payla\u015faca\u011f\u0131z. Kahramankazan, tar\u0131m ve hayvanc\u0131l\u0131\u011f\u0131n ba\u015fkenti olma yolunda emin ad\u0131mlarla ilerleyecektir.&#8221;<\/p>\n<p>\u00a0<\/p>\n<p>Kaynak: (BYZHA) Beyaz Haber Ajans\u0131<\/p>\n","protected":false},"excerpt":{"rendered":"<p>Kahramankazan Belediyesi, il\u00e7enin en \u00f6nemli k\u00fclt\u00fcrel ve ekonomik de\u011ferlerinden biri olan co\u011frafi i\u015faretli \u201cKazan Kavunu\u201dnu eski ihti\u015fam\u0131na kavu\u015fturmak i\u00e7in dev bir ad\u0131m daha att\u0131.<\/p>\n","protected":false},"author":1,"featured_media":13989,"comment_status":"open","ping_status":"open","sticky":false,"template":"","format":"standard","meta":{"footnotes":""},"categories":[20],"tags":[],"class_list":["post-13988","post","type-post","status-publish","format-standard","has-post-thumbnail","hentry","category-gundem"],"_links":{"self":[{"href":"https:\/\/akdenizolay.com.tr\/index.php\/wp-json\/wp\/v2\/posts\/13988","targetHints":{"allow":["GET"]}}],"collection":[{"href":"https:\/\/akdenizolay.com.tr\/index.php\/wp-json\/wp\/v2\/posts"}],"about":[{"href":"https:\/\/akdenizolay.com.tr\/index.php\/wp-json\/wp\/v2\/types\/post"}],"author":[{"embeddable":true,"href":"https:\/\/akdenizolay.com.tr\/index.php\/wp-json\/wp\/v2\/users\/1"}],"replies":[{"embeddable":true,"href":"https:\/\/akdenizolay.com.tr\/index.php\/wp-json\/wp\/v2\/comments?post=13988"}],"version-history":[{"count":1,"href":"https:\/\/akdenizolay.com.tr\/index.php\/wp-json\/wp\/v2\/posts\/13988\/revisions"}],"predecessor-version":[{"id":13990,"href":"https:\/\/akdenizolay.com.tr\/index.php\/wp-json\/wp\/v2\/posts\/13988\/revisions\/13990"}],"wp:featuredmedia":[{"embeddable":true,"href":"https:\/\/akdenizolay.com.tr\/index.php\/wp-json\/wp\/v2\/media\/13989"}],"wp:attachment":[{"href":"https:\/\/akdenizolay.com.tr\/index.php\/wp-json\/wp\/v2\/media?parent=13988"}],"wp:term":[{"taxonomy":"category","embeddable":true,"href":"https:\/\/akdenizolay.com.tr\/index.php\/wp-json\/wp\/v2\/categories?post=13988"},{"taxonomy":"post_tag","embeddable":true,"href":"https:\/\/akdenizolay.com.tr\/index.php\/wp-json\/wp\/v2\/tags?post=13988"}],"curies":[{"name":"wp","href":"https:\/\/api.w.org\/{rel}","templated":true}]}}