{"id":13997,"date":"2026-04-29T15:38:41","date_gmt":"2026-04-29T15:38:41","guid":{"rendered":"https:\/\/akdenizolay.com.tr\/index.php\/2026\/04\/29\/zks-27-nisan-3-mayis-haftalik-etkinlik-takvimi\/"},"modified":"2026-04-29T15:38:41","modified_gmt":"2026-04-29T15:38:41","slug":"zks-27-nisan-3-mayis-haftalik-etkinlik-takvimi","status":"publish","type":"post","link":"https:\/\/akdenizolay.com.tr\/index.php\/2026\/04\/29\/zks-27-nisan-3-mayis-haftalik-etkinlik-takvimi\/","title":{"rendered":"ZKS 27 Nisan &#8211; 3 May\u0131s Haftal\u0131k Etkinlik Takvimi"},"content":{"rendered":"<p> Zeytinburnu K\u00fclt\u00fcr Sanat\u2019ta bu hafta bir\u00e7ok etkinlik, Zeytinburnu K\u00fclt\u00fcr Sanat\u2019ta sanatseverleri bekliyor. Zeytinburnu K\u00fclt\u00fcr Sanat; sinemadan tiyatroya, s\u00f6yle\u015fiden seminere \u00f6nemli etkinlikleri sanatseverlerle bulu\u015fturmaya devam ediyor. \u0130\u015fte haftan\u0131n k\u00fclt\u00fcr sanat takvimi:<\/p>\n<p><b>S\u0130NEMA: S\u0131rr: Kud\u00fcs Maceras\u0131<\/b><\/p>\n<p><b>G\u00f6sterim Tarihleri: 27, 28, 29, 30 Nisan<\/b><\/p>\n<p><b>G\u00f6sterim Saatleri: 13.30, 16.00, 19.00<\/b><\/p>\n<p>\u00d6mer Dede ve kadim d\u00fc\u015fman\u0131 Ethan, Kud\u00fcs\u2019te y\u00fczy\u0131llar boyunca a\u00e7\u0131lmam\u0131\u015f bir s\u0131rr\u0131n pe\u015findedir. Ethan, \u00d6mer Dede\u2019yi ad\u0131m ad\u0131m takip ederken \u00d6mer Dede\u2019nin torunlar\u0131 Ali, Ay\u015fe, mahalleden arkada\u015flar\u0131 Anjelika, Hasan Naci ve S\u00fcleyman; Kud\u00fcs sokaklar\u0131nda kar\u015f\u0131lar\u0131na a\u00e7\u0131lan bir kap\u0131dan girer. Kendilerini bir anda gizemli bir yolculu\u011fun i\u00e7inde bulan ekibe S\u00fcleyman Peygamber\u2019in yolda\u015f\u0131 H\u00fcdh\u00fcd\u2019\u00fcn torunu rehberlik eder. Ali, dedesinin verdi\u011fi g\u00f6revi tamamlamaya \u00e7al\u0131\u015f\u0131rken, Ay\u015fe ise hep hayalini kurdu\u011fu masal ku\u015fuyla tan\u0131\u015f\u0131r.<\/p>\n<p><b>S\u00d6YLE\u015e\u0130: Mimarl\u0131k ve Ya\u015fam<\/b><\/p>\n<p><b>Sunan: Dr. Olcay Aydemir<\/b><\/p>\n<p><b>Konuk: \u015eenay Kahramano\u011flu<\/b><\/p>\n<p><b>28 Nisan Sal\u0131 \/\/ 19.30<\/b><\/p>\n<p>\u0130nsano\u011flunun bar\u0131nma ihtiyac\u0131 ile ba\u015flayan mimarl\u0131k, fiziksel olarak bug\u00fcn e\u011fitimden sa\u011fl\u0131\u011fa, ekonomiden ticarete kadar hayat\u0131n t\u00fcm kademelerinde kar\u015f\u0131l\u0131k bulur. Bu fiziksel s\u00fcreci sosyal, k\u00fclt\u00fcrel, iktisad\u00ee ve \u00e7evresel parametrelerden ayr\u0131 tutmak imk\u00e2ns\u0131z. Dr. Olcay Aydemir\u2019in sundu\u011fu \u201cMimarl\u0131k ve Ya\u015fam\u201d s\u00f6yle\u015filerinde \u00f6zellikle tarih\u00ee bir kent olan \u0130stanbul\u2019da mimarl\u0131\u011f\u0131n farkl\u0131 boyutlar\u0131 ele al\u0131n\u0131yor. Nisan ay\u0131nda Mimarl\u0131k ve Ya\u015fam program\u0131nda Dr. Olcay Aydemir, \u015eenay Kahramano\u011flu\u2019nu konuk ediyor.<\/p>\n<p><b>SEM\u0130NER: Uygarl\u0131k Tarihi<\/b><\/p>\n<p><b>Prof. Dr. \u0130smail Co\u015fkun<\/b><\/p>\n<p><b>29 Nisan \u00c7ar\u015famba \/\/ 19.30<\/b><\/p>\n<p>T\u00fcrklerin uygarl\u0131k tarihindeki ser\u00fcvenleri, tarihteki rolleri, farkl\u0131 uygarl\u0131klarla ili\u015fkileri tarihsel bir perspektifle ele al\u0131n\u0131yor. Konu\u015fma dizisi boyunca T\u00fcrklerin devlet, toplum ve k\u00fclt\u00fcr tecr\u00fcbeleri ortaya koyduklar\u0131 uygarl\u0131k \u00e7er\u00e7evesinde inceleniyor. T\u00fcrk tarihinin farkl\u0131 evrelerine odaklanan programda nisan ay\u0131n\u0131n konusu \u201cFetih, Fatih, Osmanl\u0131l\u0131k\u201d olacak. Bu ba\u015fl\u0131k alt\u0131nda Fatih\u2019in siyasi ufku ve Osmanl\u0131 siyasetinin kurumla\u015fmas\u0131 \u00fczerinde durulacak.<\/p>\n<p><b>S\u0130NEMA: Buz Devri 2: Erime Ba\u015fl\u0131yor<\/b><\/p>\n<p><b>G\u00f6sterim Tarihleri: 2, 3, 4, 5, 6, 7 May\u0131s<\/b><\/p>\n<p><b>G\u00f6sterim Saatleri: 13.30, 16.00, 19.00<\/b><\/p>\n<p>Mamut Manny, tembel hayvan Sid ve k\u0131l\u0131\u00e7 di\u015fli kaplan Diego, macera dolu yolculuklar\u0131n\u0131n ard\u0131ndan Buz Devri\u2019nin sona ermeye ba\u015flad\u0131\u011f\u0131n\u0131 fark ederler. Hayatta kalmak i\u00e7in di\u011fer hayvanlara kat\u0131larak y\u00fcksek yerlere do\u011fru g\u00f6\u00e7 etmek zorunda kalan \u00fc\u00e7 arkada\u015f, bu yolculuklar\u0131 esnas\u0131nda Manny\u2019nin asl\u0131nda son kalan mamut olmad\u0131\u011f\u0131n\u0131 \u00f6\u011frenirler.<\/p>\n<p><b>NA\u011eMED\u00c2R: Be\u015f Vakit Hayat<\/b><\/p>\n<p><b>2 May\u0131s Cumartesi \/\/ 14.00<\/b><\/p>\n<p><b>Yer: Merkezefendi D\u00e2r\u00fclkurr\u00e2s\u0131<\/b><\/p>\n<p><b>\u00c7OCUK T\u0130YATROSU: Misafir<\/b><\/p>\n<p><b>G\u00f6sterim Tarihi: 3 May\u0131s Pazar<\/b><\/p>\n<p><b>Seanslar: 13.00-15.00<\/b><\/p>\n<p>Yaln\u0131z bir dinozor, ormanda kar\u015f\u0131la\u015ft\u0131\u011f\u0131 ne\u015feli bir aslan ve zeki bir tav\u015fanla dost olur. Oyunlar ve maceralarla dolu bir yolculu\u011fa \u00e7\u0131kan bu \u00fc\u00e7l\u00fc, dayan\u0131\u015fman\u0131n ve kahramanl\u0131\u011f\u0131n g\u00fcc\u00fcn\u00fc ke\u015ffeder. Seyircilerden bir \u00e7ocu\u011fun hikayeye kat\u0131lmas\u0131yla, macera beklenmedik bir finale ula\u015f\u0131r. Misafir, dostluk ve birlikte ba\u015farman\u0131n \u00f6nemini interaktif bir dille anlatan s\u0131ms\u0131cak bir \u00e7ocuk oyunudur.<\/p>\n<p>\u00a0<\/p>\n<p>Kaynak: (BYZHA) Beyaz Haber Ajans\u0131<\/p>\n","protected":false},"excerpt":{"rendered":"<p>Zeytinburnu K\u00fclt\u00fcr Sanat\u2019ta bu hafta bir\u00e7ok etkinlik, Zeytinburnu K\u00fclt\u00fcr Sanat\u2019ta sanatseverleri bekliyor.<\/p>\n","protected":false},"author":1,"featured_media":13998,"comment_status":"open","ping_status":"open","sticky":false,"template":"","format":"standard","meta":{"footnotes":""},"categories":[24],"tags":[],"class_list":["post-13997","post","type-post","status-publish","format-standard","has-post-thumbnail","hentry","category-kultur-sanat"],"_links":{"self":[{"href":"https:\/\/akdenizolay.com.tr\/index.php\/wp-json\/wp\/v2\/posts\/13997","targetHints":{"allow":["GET"]}}],"collection":[{"href":"https:\/\/akdenizolay.com.tr\/index.php\/wp-json\/wp\/v2\/posts"}],"about":[{"href":"https:\/\/akdenizolay.com.tr\/index.php\/wp-json\/wp\/v2\/types\/post"}],"author":[{"embeddable":true,"href":"https:\/\/akdenizolay.com.tr\/index.php\/wp-json\/wp\/v2\/users\/1"}],"replies":[{"embeddable":true,"href":"https:\/\/akdenizolay.com.tr\/index.php\/wp-json\/wp\/v2\/comments?post=13997"}],"version-history":[{"count":1,"href":"https:\/\/akdenizolay.com.tr\/index.php\/wp-json\/wp\/v2\/posts\/13997\/revisions"}],"predecessor-version":[{"id":13999,"href":"https:\/\/akdenizolay.com.tr\/index.php\/wp-json\/wp\/v2\/posts\/13997\/revisions\/13999"}],"wp:featuredmedia":[{"embeddable":true,"href":"https:\/\/akdenizolay.com.tr\/index.php\/wp-json\/wp\/v2\/media\/13998"}],"wp:attachment":[{"href":"https:\/\/akdenizolay.com.tr\/index.php\/wp-json\/wp\/v2\/media?parent=13997"}],"wp:term":[{"taxonomy":"category","embeddable":true,"href":"https:\/\/akdenizolay.com.tr\/index.php\/wp-json\/wp\/v2\/categories?post=13997"},{"taxonomy":"post_tag","embeddable":true,"href":"https:\/\/akdenizolay.com.tr\/index.php\/wp-json\/wp\/v2\/tags?post=13997"}],"curies":[{"name":"wp","href":"https:\/\/api.w.org\/{rel}","templated":true}]}}