{"id":14018,"date":"2026-04-29T15:51:04","date_gmt":"2026-04-29T15:51:04","guid":{"rendered":"https:\/\/akdenizolay.com.tr\/index.php\/2026\/04\/29\/buyuksehirli-mustafa-tarakci-61-cumhurbaskanligi-turkiye-bisiklet-turunda-gururlandirdi\/"},"modified":"2026-04-29T15:51:04","modified_gmt":"2026-04-29T15:51:04","slug":"buyuksehirli-mustafa-tarakci-61-cumhurbaskanligi-turkiye-bisiklet-turunda-gururlandirdi","status":"publish","type":"post","link":"https:\/\/akdenizolay.com.tr\/index.php\/2026\/04\/29\/buyuksehirli-mustafa-tarakci-61-cumhurbaskanligi-turkiye-bisiklet-turunda-gururlandirdi\/","title":{"rendered":"B\u00fcy\u00fck\u015fehirli Mustafa Tarak\u00e7\u0131, 61. Cumhurba\u015fkanl\u0131\u011f\u0131 T\u00fcrkiye Bisiklet Turu\u2019nda Gururland\u0131rd\u0131"},"content":{"rendered":"\n<p data-asw-org-font-size=\"14\"><strong>D\u00fcnyan\u0131n \u00f6nemli pedallar\u0131yla birlikte 61. Cumhurba\u015fkanl\u0131\u011f\u0131 T\u00fcrkiye Bisiklet Turu\u2019nda yar\u0131\u015fan Konya B\u00fcy\u00fck\u015fehir Belediyespor\u2019un ba\u015far\u0131l\u0131 bisiklet\u00e7isi Mustafa Tarak\u00e7\u0131, Marmaris-Fethiye etab\u0131nda g\u00f6sterdi\u011fi performansla beyaz forman\u0131n sahibi oldu.<\/strong><\/p>\n<hr \/>\n<p data-asw-org-font-size=\"14\">Konya B\u00fcy\u00fck\u015fehir Belediyesporlu bisiklet\u00e7i Mustafa Tarak\u00e7\u0131, 61. Cumhurba\u015fkanl\u0131\u011f\u0131 T\u00fcrkiye Bisiklet Turu\u2019nda beyaz forma kazanarak Konya\u2019y\u0131 gururland\u0131rd\u0131.<\/p>\n<p data-asw-org-font-size=\"14\">27 \u00fclkeden 23 tak\u0131m, 161 sporcunun m\u00fccadele etti\u011fi 61. Cumhurba\u015fkanl\u0131\u011f\u0131 T\u00fcrkiye Bisiklet Turu, 26 Nisan-3 May\u0131s tarihleri aras\u0131nda \u00c7e\u015fme\u2019den Ankara\u2019ya d\u00fcnya bisikletinin en g\u00fc\u00e7l\u00fc ekiplerini ve y\u0131ld\u0131z isimlerini T\u00fcrkiye\u2019de bir araya getiriyor.<\/p>\n<p data-asw-org-font-size=\"14\">Konya B\u00fcy\u00fck\u015fehir Beldiyespor da, d\u00fcnyan\u0131n \u00f6nemli pedallar\u0131na ev sahipli\u011fi yapan yar\u0131\u015flarda 7 sporcu ile m\u00fccadele ediyor. Toplam 130 kilometrelik Marmaris-Fethiye 4. etab\u0131na \u201cT\u00fcrkiye G\u00fczellikleri\u201d klasman\u0131nda 2. s\u0131rada ba\u015flayan B\u00fcy\u00fck\u015fehirli Mustafa Tarak\u00e7\u0131 \u00f6nemli ba\u015far\u0131ya imza att\u0131.\u00a0<\/p>\n<p data-asw-org-font-size=\"14\">58. kilometredeki ara sprint kap\u0131s\u0131n\u0131 1. s\u0131rada ge\u00e7en ba\u015far\u0131l\u0131 bisiklet\u00e7i, beyaz forman\u0131n sahibi oldu. Ba\u015far\u0131l\u0131 sporcu yar\u0131\u015f\u0131n 5.etab\u0131na beyaz forma ile ba\u015flayacak.\u00a0<\/p>\n<p data-asw-org-font-size=\"14\">Mustafa Tarak\u00e7\u0131, bu \u00f6nemli formay\u0131 61. Cumhurba\u015fkanl\u0131\u011f\u0131 T\u00fcrkiye Bisiklet Turu\u2019n\u0131n son etab\u0131na kadar korumaya \u00e7al\u0131\u015facak.<br \/>\u00a0<\/p>\n<p data-asw-org-font-size=\"14\">\u00a0<\/p>\n<p>Kaynak: (BYZHA) Beyaz Haber Ajans\u0131<\/p>\n","protected":false},"excerpt":{"rendered":"<p>D\u00fcnyan\u0131n \u00f6nemli pedallar\u0131yla birlikte 61.<\/p>\n","protected":false},"author":1,"featured_media":14019,"comment_status":"open","ping_status":"open","sticky":false,"template":"","format":"standard","meta":{"footnotes":""},"categories":[25],"tags":[],"class_list":["post-14018","post","type-post","status-publish","format-standard","has-post-thumbnail","hentry","category-spor"],"_links":{"self":[{"href":"https:\/\/akdenizolay.com.tr\/index.php\/wp-json\/wp\/v2\/posts\/14018","targetHints":{"allow":["GET"]}}],"collection":[{"href":"https:\/\/akdenizolay.com.tr\/index.php\/wp-json\/wp\/v2\/posts"}],"about":[{"href":"https:\/\/akdenizolay.com.tr\/index.php\/wp-json\/wp\/v2\/types\/post"}],"author":[{"embeddable":true,"href":"https:\/\/akdenizolay.com.tr\/index.php\/wp-json\/wp\/v2\/users\/1"}],"replies":[{"embeddable":true,"href":"https:\/\/akdenizolay.com.tr\/index.php\/wp-json\/wp\/v2\/comments?post=14018"}],"version-history":[{"count":1,"href":"https:\/\/akdenizolay.com.tr\/index.php\/wp-json\/wp\/v2\/posts\/14018\/revisions"}],"predecessor-version":[{"id":14020,"href":"https:\/\/akdenizolay.com.tr\/index.php\/wp-json\/wp\/v2\/posts\/14018\/revisions\/14020"}],"wp:featuredmedia":[{"embeddable":true,"href":"https:\/\/akdenizolay.com.tr\/index.php\/wp-json\/wp\/v2\/media\/14019"}],"wp:attachment":[{"href":"https:\/\/akdenizolay.com.tr\/index.php\/wp-json\/wp\/v2\/media?parent=14018"}],"wp:term":[{"taxonomy":"category","embeddable":true,"href":"https:\/\/akdenizolay.com.tr\/index.php\/wp-json\/wp\/v2\/categories?post=14018"},{"taxonomy":"post_tag","embeddable":true,"href":"https:\/\/akdenizolay.com.tr\/index.php\/wp-json\/wp\/v2\/tags?post=14018"}],"curies":[{"name":"wp","href":"https:\/\/api.w.org\/{rel}","templated":true}]}}