{"id":14024,"date":"2026-04-30T08:19:56","date_gmt":"2026-04-30T08:19:56","guid":{"rendered":"https:\/\/akdenizolay.com.tr\/index.php\/2026\/04\/30\/turkiyenin-yukselisinde-sizlerin-alin-teri-var\/"},"modified":"2026-04-30T08:19:57","modified_gmt":"2026-04-30T08:19:57","slug":"turkiyenin-yukselisinde-sizlerin-alin-teri-var","status":"publish","type":"post","link":"https:\/\/akdenizolay.com.tr\/index.php\/2026\/04\/30\/turkiyenin-yukselisinde-sizlerin-alin-teri-var\/","title":{"rendered":"\u201cT\u00fcrkiye\u2019nin y\u00fckseli\u015finde sizlerin al\u0131n teri var\u201d"},"content":{"rendered":"<p> Kocaeli B\u00fcy\u00fck\u015fehir Belediye Ba\u015fkan\u0131 Tahir B\u00fcy\u00fckak\u0131n, \u00fclkemizin her kar\u0131\u015f topra\u011f\u0131n\u0131 al\u0131n teriyle \u0131slatan i\u015f\u00e7ilerin 1 May\u0131s Emek ve Dayan\u0131\u015fma G\u00fcn\u00fc\u2019n\u00fc kutlad\u0131. Ba\u015fkan B\u00fcy\u00fckak\u0131n, \u201cG\u00fcn do\u011fmadan yola koyulan, ak\u015fam\u0131n yorgunlu\u011funu dahi \u00fcretmenin huzuruyla kar\u015f\u0131layan t\u00fcm emek\u00e7i karde\u015flerimiz, \u00fclkemizin en b\u00fcy\u00fck g\u00fcc\u00fcd\u00fcr. Eme\u011fin oldu\u011fu yerde umut vard\u0131r, samimiyet vard\u0131r, yar\u0131nlara dair g\u00fc\u00e7l\u00fc bir inan\u00e7 vard\u0131r\u201d dedi.<\/p>\n<p>Eme\u011fin kutsal bir de\u011fer oldu\u011funa da vurgu yapan Ba\u015fkan B\u00fcy\u00fckak\u0131n, mesaj\u0131nda \u015fu ifadelere yer verdi: \u201cHadis-i \u015eerifte buyuruldu\u011fu gibi Peygamber Efendimiz Hz. Muhammed (S.A.V.), i\u015f\u00e7inin \u00fccretinin, \u00e7al\u0131\u015ft\u0131\u011f\u0131 i\u015fin yorgunlu\u011fu ve teri hen\u00fcz \u00fczerindeyken, bekletilmeden \u00f6denmesini buyurmu\u015ftur. Bizler de eme\u011fin kar\u015f\u0131l\u0131\u011f\u0131n\u0131 buldu\u011fu, insan\u0131n de\u011fer g\u00f6rd\u00fc\u011f\u00fc bir anlay\u0131\u015f\u0131 b\u00fcy\u00fctmek i\u00e7in \u00e7al\u0131\u015f\u0131yoruz. \u015eehrimizin ve g\u00fczel \u00fclkemizin her kar\u0131\u015f topra\u011f\u0131nda b\u00fcy\u00fck bir emek ve \u00f6zverisi bulunan emek\u00e7i karde\u015flerimize \u015f\u00fckran bor\u00e7luyuz. Hayat\u0131 g\u00fczelle\u015ftiren, fedak\u00e2rl\u0131\u011f\u0131yla yar\u0131nlar\u0131 ayd\u0131nlatan t\u00fcm emek\u00e7i karde\u015flerimize g\u00f6n\u00fclden te\u015fekk\u00fcr ediyorum. Onlar\u0131n fedak\u00e2rl\u0131\u011f\u0131n\u0131n bizler i\u00e7in \u00e7ok de\u011ferli oldu\u011funu belirtmek istiyorum. Bu vesile ile evine helal r\u0131z\u0131k g\u00f6t\u00fcrmek, ailesinin huzuru, \u00fclkemizin refah\u0131 i\u00e7in ter d\u00f6ken t\u00fcm emek\u00e7i karde\u015flerimin 1 May\u0131s Emek ve Dayan\u0131\u015fma G\u00fcn\u00fc\u2019n\u00fc tebrik ediyorum.\u201d<\/p>\n<p>\u00a0<\/p>\n<p>Kaynak: (BYZHA) Beyaz Haber Ajans\u0131<\/p>\n","protected":false},"excerpt":{"rendered":"<p>Kocaeli B\u00fcy\u00fck\u015fehir Belediye Ba\u015fkan\u0131 Tahir B\u00fcy\u00fckak\u0131n, \u00fclkemizin her kar\u0131\u015f topra\u011f\u0131n\u0131 al\u0131n teriyle \u0131slatan i\u015f\u00e7ilerin 1 May\u0131s Emek ve Dayan\u0131\u015fma G\u00fcn\u00fc\u2019n\u00fc kutlad\u0131.<\/p>\n","protected":false},"author":1,"featured_media":14025,"comment_status":"open","ping_status":"open","sticky":false,"template":"","format":"standard","meta":{"footnotes":""},"categories":[20],"tags":[],"class_list":["post-14024","post","type-post","status-publish","format-standard","has-post-thumbnail","hentry","category-gundem"],"_links":{"self":[{"href":"https:\/\/akdenizolay.com.tr\/index.php\/wp-json\/wp\/v2\/posts\/14024","targetHints":{"allow":["GET"]}}],"collection":[{"href":"https:\/\/akdenizolay.com.tr\/index.php\/wp-json\/wp\/v2\/posts"}],"about":[{"href":"https:\/\/akdenizolay.com.tr\/index.php\/wp-json\/wp\/v2\/types\/post"}],"author":[{"embeddable":true,"href":"https:\/\/akdenizolay.com.tr\/index.php\/wp-json\/wp\/v2\/users\/1"}],"replies":[{"embeddable":true,"href":"https:\/\/akdenizolay.com.tr\/index.php\/wp-json\/wp\/v2\/comments?post=14024"}],"version-history":[{"count":1,"href":"https:\/\/akdenizolay.com.tr\/index.php\/wp-json\/wp\/v2\/posts\/14024\/revisions"}],"predecessor-version":[{"id":14026,"href":"https:\/\/akdenizolay.com.tr\/index.php\/wp-json\/wp\/v2\/posts\/14024\/revisions\/14026"}],"wp:featuredmedia":[{"embeddable":true,"href":"https:\/\/akdenizolay.com.tr\/index.php\/wp-json\/wp\/v2\/media\/14025"}],"wp:attachment":[{"href":"https:\/\/akdenizolay.com.tr\/index.php\/wp-json\/wp\/v2\/media?parent=14024"}],"wp:term":[{"taxonomy":"category","embeddable":true,"href":"https:\/\/akdenizolay.com.tr\/index.php\/wp-json\/wp\/v2\/categories?post=14024"},{"taxonomy":"post_tag","embeddable":true,"href":"https:\/\/akdenizolay.com.tr\/index.php\/wp-json\/wp\/v2\/tags?post=14024"}],"curies":[{"name":"wp","href":"https:\/\/api.w.org\/{rel}","templated":true}]}}