{"id":14048,"date":"2026-04-30T08:30:43","date_gmt":"2026-04-30T08:30:43","guid":{"rendered":"https:\/\/akdenizolay.com.tr\/index.php\/2026\/04\/30\/baskan-cercioglunun-calismalari-ile-aydinlilar-saglikli-yasam-ve-spor-etkinlikleriyle-bulusuyor\/"},"modified":"2026-04-30T08:30:44","modified_gmt":"2026-04-30T08:30:44","slug":"baskan-cercioglunun-calismalari-ile-aydinlilar-saglikli-yasam-ve-spor-etkinlikleriyle-bulusuyor","status":"publish","type":"post","link":"https:\/\/akdenizolay.com.tr\/index.php\/2026\/04\/30\/baskan-cercioglunun-calismalari-ile-aydinlilar-saglikli-yasam-ve-spor-etkinlikleriyle-bulusuyor\/","title":{"rendered":"Ba\u015fkan \u00c7er\u00e7io\u011flu\u2019nun \u00c7al\u0131\u015fmalar\u0131 ile Ayd\u0131nl\u0131lar Sa\u011fl\u0131kl\u0131 Ya\u015fam ve Spor Etkinlikleriyle Bulu\u015fuyor"},"content":{"rendered":"<p> \u00c7er\u00e7io\u011flu\u2019nun \u00f6nc\u00fcl\u00fc\u011f\u00fcnde hayata ge\u00e7irilen \u00e7al\u0131\u015fmalar ile her ya\u015ftan vatanda\u015f sa\u011fl\u0131kl\u0131 ya\u015fam ve spor etkinlikleriyle bulu\u015fuyor.<\/p>\n<p>Ayd\u0131n B\u00fcy\u00fck\u015fehir Belediyesi taraf\u0131ndan d\u00fczenlenen yoga etkinlikleri devam ediyor. Mimar Sinan Park\u0131\u2019n\u0131n e\u015fsiz atmosferinde de ger\u00e7ekle\u015ftirilen yoga etkinlikleri, vatanda\u015flardan yo\u011fun ilgi g\u00f6r\u00fcyor. Uzman e\u011fitmen e\u015fli\u011finde d\u00fczenlenen derslerde; esneklik, denge ve duru\u015fu geli\u015ftirmeye y\u00f6nelik \u00e7al\u0131\u015fmalar\u0131n yan\u0131 s\u0131ra nefes teknikleri uygulan\u0131yor. Kat\u0131l\u0131mc\u0131lar, yoga ile hem fiziksel olarak g\u00fc\u00e7leniyor hem de g\u00fcnl\u00fck ya\u015fam\u0131n temposuna k\u0131sa bir mola veriyor.<\/p>\n<p>Ayd\u0131n B\u00fcy\u00fck\u015fehir Belediyesi taraf\u0131ndan d\u00fczenlenen yoga kul\u00fcb\u00fc etkinlikleri; Pazartesi g\u00fcnleri 09.00-10.00 ile 11.00-12.00 saatleri aras\u0131nda Kemer Kad\u0131n Ya\u015fam At\u00f6lyesi\u2019nde, 15.30-16.30 ile 18.00-19.00 saatleri aras\u0131nda Y\u00fcksel Yalova K\u00fclt\u00fcr Merkezi\u2019nde; Sal\u0131 g\u00fcnleri 09.00-10.00 saatleri aras\u0131nda Mimar Sinan Park\u0131\u2019nda, 11.00-12.00 saatleri aras\u0131nda Y\u00fcksel Yalova K\u00fclt\u00fcr Merkezi\u2019nde, 14.00-15.00 ile 15.30-16.30 saatleri aras\u0131nda Adnan Menderes K\u00fclt\u00fcr Merkezi\u2019nde; \u00c7ar\u015famba g\u00fcnleri ise 11.30-12.30 ile 15.30-16.30 saatleri aras\u0131nda Girne \u00c7ok Ama\u00e7l\u0131 Spor Salonu\u2019nda ger\u00e7ekle\u015ftiriliyor.<\/p>\n<p>Ayd\u0131n B\u00fcy\u00fck\u015fehir Belediye Ba\u015fkan\u0131 \u00d6zlem \u00c7er\u00e7io\u011flu, her ya\u015ftan vatanda\u015fa y\u00f6nelik etkinliklerin devam edece\u011fini belirtti ve<b>\u00a0\u201cVatanda\u015flar\u0131m\u0131z\u0131 sa\u011fl\u0131kl\u0131 ya\u015fam ve spor aktiviteleri ile bulu\u015fturan etkinliklerimizi s\u00fcrd\u00fcr\u00fcyoruz. Kentimizin farkl\u0131 noktalar\u0131nda d\u00fczenledi\u011fimiz etkinliklerimize t\u00fcm vatanda\u015flar\u0131m\u0131z\u0131 davet ediyorum\u201d\u00a0<\/b>ifadelerini kulland\u0131.<\/p>\n<p>Etkinliklere kat\u0131lan vatanda\u015flar, sunulan hizmetlerden memnuniyet duyduklar\u0131n\u0131 belirterek Ba\u015fkan \u00c7er\u00e7io\u011flu\u2019na te\u015fekk\u00fcr etti.<\/p>\n<p>\u00a0<\/p>\n<p>\u00a0<\/p>\n<p>Kaynak: (BYZHA) Beyaz Haber Ajans\u0131<\/p>\n","protected":false},"excerpt":{"rendered":"<p>\u00c7er\u00e7io\u011flu\u2019nun \u00f6nc\u00fcl\u00fc\u011f\u00fcnde hayata ge\u00e7irilen \u00e7al\u0131\u015fmalar ile her ya\u015ftan vatanda\u015f sa\u011fl\u0131kl\u0131 ya\u015fam ve spor etkinlikleriyle bulu\u015fuyor.<\/p>\n","protected":false},"author":1,"featured_media":14049,"comment_status":"open","ping_status":"open","sticky":false,"template":"","format":"standard","meta":{"footnotes":""},"categories":[25],"tags":[],"class_list":["post-14048","post","type-post","status-publish","format-standard","has-post-thumbnail","hentry","category-spor"],"_links":{"self":[{"href":"https:\/\/akdenizolay.com.tr\/index.php\/wp-json\/wp\/v2\/posts\/14048","targetHints":{"allow":["GET"]}}],"collection":[{"href":"https:\/\/akdenizolay.com.tr\/index.php\/wp-json\/wp\/v2\/posts"}],"about":[{"href":"https:\/\/akdenizolay.com.tr\/index.php\/wp-json\/wp\/v2\/types\/post"}],"author":[{"embeddable":true,"href":"https:\/\/akdenizolay.com.tr\/index.php\/wp-json\/wp\/v2\/users\/1"}],"replies":[{"embeddable":true,"href":"https:\/\/akdenizolay.com.tr\/index.php\/wp-json\/wp\/v2\/comments?post=14048"}],"version-history":[{"count":1,"href":"https:\/\/akdenizolay.com.tr\/index.php\/wp-json\/wp\/v2\/posts\/14048\/revisions"}],"predecessor-version":[{"id":14050,"href":"https:\/\/akdenizolay.com.tr\/index.php\/wp-json\/wp\/v2\/posts\/14048\/revisions\/14050"}],"wp:featuredmedia":[{"embeddable":true,"href":"https:\/\/akdenizolay.com.tr\/index.php\/wp-json\/wp\/v2\/media\/14049"}],"wp:attachment":[{"href":"https:\/\/akdenizolay.com.tr\/index.php\/wp-json\/wp\/v2\/media?parent=14048"}],"wp:term":[{"taxonomy":"category","embeddable":true,"href":"https:\/\/akdenizolay.com.tr\/index.php\/wp-json\/wp\/v2\/categories?post=14048"},{"taxonomy":"post_tag","embeddable":true,"href":"https:\/\/akdenizolay.com.tr\/index.php\/wp-json\/wp\/v2\/tags?post=14048"}],"curies":[{"name":"wp","href":"https:\/\/api.w.org\/{rel}","templated":true}]}}