{"id":14054,"date":"2026-04-30T08:39:01","date_gmt":"2026-04-30T08:39:01","guid":{"rendered":"https:\/\/akdenizolay.com.tr\/index.php\/2026\/04\/30\/cankayada-kurban-bayrami-hazirliklari-basladi\/"},"modified":"2026-04-30T08:39:03","modified_gmt":"2026-04-30T08:39:03","slug":"cankayada-kurban-bayrami-hazirliklari-basladi","status":"publish","type":"post","link":"https:\/\/akdenizolay.com.tr\/index.php\/2026\/04\/30\/cankayada-kurban-bayrami-hazirliklari-basladi\/","title":{"rendered":"\u00c7ankaya\u2019da Kurban Bayram\u0131 Haz\u0131rl\u0131klar\u0131 Ba\u015flad\u0131"},"content":{"rendered":"<p> <b>\u00c7ankaya Belediyesi, yakla\u015fan Kurban Bayram\u0131 \u00f6ncesinde kurban sat\u0131\u015f ve kesim alanlar\u0131ndaki haz\u0131rl\u0131klar\u0131n\u0131 h\u0131z kesmeden s\u00fcrd\u00fcr\u00fcyor. Belediye ekipleri, vatanda\u015flar\u0131n ibadetlerini sa\u011fl\u0131kl\u0131, hijyenik ve g\u00fcvenli ko\u015fullarda yerine getirebilmesi i\u00e7in M\u00fchye\u2019de kurulan alanda kapsaml\u0131 \u00e7al\u0131\u015fmalar y\u00fcr\u00fct\u00fcyor.<\/b><\/p>\n<p>\u00c7ankaya Belediyesi, M\u00fchye\u2019de bulunan kurban sat\u0131\u015f ve kesim alan\u0131nda altyap\u0131 d\u00fczenlemeleri, temizlik ve \u00e7evre g\u00fcvenli\u011fine y\u00f6nelik \u00e7al\u0131\u015fmalar\u0131na ba\u015flad\u0131. Alan i\u00e7erisinde hem sat\u0131c\u0131lar hem de vatanda\u015flar i\u00e7in ihtiya\u00e7 duyulan t\u00fcm detaylar\u0131n planland\u0131.<\/p>\n<p>\u00c7ankaya Belediye Ba\u015fkan\u0131 H\u00fcseyin Can G\u00fcner de haz\u0131rl\u0131klar\u0131 yerinde inceleyerek \u00e7al\u0131\u015fmalar hakk\u0131nda bilgi ald\u0131. G\u00fcner, incelemelerine ili\u015fkin sosyal medya hesab\u0131ndan yapt\u0131\u011f\u0131 payla\u015f\u0131mda, \u201cM\u00fchye\u2019de kurban sat\u0131\u015f ve kesim alan\u0131m\u0131z\u0131 gezdik, haz\u0131rl\u0131k \u00e7al\u0131\u015fmalar\u0131n\u0131 yerinde inceledik. Kom\u015fular\u0131m\u0131za sa\u011fl\u0131kl\u0131 ve g\u00fcvenli bir ortam sunmak i\u00e7in titizlikle \u00e7al\u0131\u015fmaya devam ediyoruz\u201d ifadelerini kulland\u0131.<\/p>\n<p>Kurban Bayram\u0131 s\u00fcresince alanda veteriner hizmetleri, zab\u0131ta denetimleri ve temizlik ekipleri kesintisiz g\u00f6rev yapacak. Olas\u0131 kazalara kar\u015f\u0131 sa\u011fl\u0131k ekipleri de alanda haz\u0131r bulunacak. Ayr\u0131ca kurban ibadetini ger\u00e7ekle\u015ftirmek \u00fczere alana gelen vatanda\u015flara su, \u00e7ay gibi ikramlar sunulacak. Alan, vatanda\u015flar\u0131n ibadetlerini huzur ve g\u00fcven i\u00e7inde ger\u00e7ekle\u015ftirebilmeleri i\u00e7in bayram \u00f6ncesinde haz\u0131r hale getirilecek.<\/p>\n<p>\u00a0<\/p>\n<p>Kaynak: (BYZHA) Beyaz Haber Ajans\u0131<\/p>\n","protected":false},"excerpt":{"rendered":"<p>\u00c7ankaya Belediyesi, yakla\u015fan Kurban Bayram\u0131 \u00f6ncesinde kurban sat\u0131\u015f ve kesim alanlar\u0131ndaki haz\u0131rl\u0131klar\u0131n\u0131 h\u0131z kesmeden s\u00fcrd\u00fcr\u00fcyor.<\/p>\n","protected":false},"author":1,"featured_media":14055,"comment_status":"open","ping_status":"open","sticky":false,"template":"","format":"standard","meta":{"footnotes":""},"categories":[20],"tags":[],"class_list":["post-14054","post","type-post","status-publish","format-standard","has-post-thumbnail","hentry","category-gundem"],"_links":{"self":[{"href":"https:\/\/akdenizolay.com.tr\/index.php\/wp-json\/wp\/v2\/posts\/14054","targetHints":{"allow":["GET"]}}],"collection":[{"href":"https:\/\/akdenizolay.com.tr\/index.php\/wp-json\/wp\/v2\/posts"}],"about":[{"href":"https:\/\/akdenizolay.com.tr\/index.php\/wp-json\/wp\/v2\/types\/post"}],"author":[{"embeddable":true,"href":"https:\/\/akdenizolay.com.tr\/index.php\/wp-json\/wp\/v2\/users\/1"}],"replies":[{"embeddable":true,"href":"https:\/\/akdenizolay.com.tr\/index.php\/wp-json\/wp\/v2\/comments?post=14054"}],"version-history":[{"count":1,"href":"https:\/\/akdenizolay.com.tr\/index.php\/wp-json\/wp\/v2\/posts\/14054\/revisions"}],"predecessor-version":[{"id":14056,"href":"https:\/\/akdenizolay.com.tr\/index.php\/wp-json\/wp\/v2\/posts\/14054\/revisions\/14056"}],"wp:featuredmedia":[{"embeddable":true,"href":"https:\/\/akdenizolay.com.tr\/index.php\/wp-json\/wp\/v2\/media\/14055"}],"wp:attachment":[{"href":"https:\/\/akdenizolay.com.tr\/index.php\/wp-json\/wp\/v2\/media?parent=14054"}],"wp:term":[{"taxonomy":"category","embeddable":true,"href":"https:\/\/akdenizolay.com.tr\/index.php\/wp-json\/wp\/v2\/categories?post=14054"},{"taxonomy":"post_tag","embeddable":true,"href":"https:\/\/akdenizolay.com.tr\/index.php\/wp-json\/wp\/v2\/tags?post=14054"}],"curies":[{"name":"wp","href":"https:\/\/api.w.org\/{rel}","templated":true}]}}