{"id":14087,"date":"2026-04-30T09:13:59","date_gmt":"2026-04-30T09:13:59","guid":{"rendered":"https:\/\/akdenizolay.com.tr\/index.php\/2026\/04\/30\/yeni-girne-yaya-ust-gecidi-hizmete-acildi\/"},"modified":"2026-04-30T09:14:00","modified_gmt":"2026-04-30T09:14:00","slug":"yeni-girne-yaya-ust-gecidi-hizmete-acildi","status":"publish","type":"post","link":"https:\/\/akdenizolay.com.tr\/index.php\/2026\/04\/30\/yeni-girne-yaya-ust-gecidi-hizmete-acildi\/","title":{"rendered":"Yeni Girne Yaya \u00dcst Ge\u00e7idi hizmete a\u00e7\u0131ld\u0131"},"content":{"rendered":"<p> \u0130zmir B\u00fcy\u00fck\u015fehir Belediyesi\u2019nin kente kazand\u0131rd\u0131\u011f\u0131 Kar\u015f\u0131yaka ile Bayrakl\u0131\u2019y\u0131 birbirine ba\u011flayan Yeni Girne Yaya \u00dcst Ge\u00e7idi hizmete a\u00e7\u0131ld\u0131. K\u00f6pr\u00fc, hem yaya g\u00fcvenli\u011fini art\u0131r\u0131yor hem de b\u00f6lgedeki trafik yo\u011funlu\u011funu azaltarak g\u00fcnl\u00fck ya\u015fam\u0131 kolayla\u015ft\u0131r\u0131yor.<\/p>\n<p>\u0130zmir\u2019de ula\u015f\u0131m konforunu art\u0131rmak amac\u0131yla hayata ge\u00e7irilen Yeni Girne Yaya \u00dcst Ge\u00e7idi hizmete a\u00e7\u0131ld\u0131. Kar\u015f\u0131yaka\u2019n\u0131n \u00d6rnekk\u00f6y Mahallesi ile Bayrakl\u0131\u2019n\u0131n So\u011fukkuyu ve Postac\u0131lar mahalleleri aras\u0131nda ba\u011flant\u0131 sa\u011flayan yaya k\u00f6pr\u00fcs\u00fc, b\u00f6lgede yo\u011fun olarak kullan\u0131lan pazar yeri, hastane, e\u011fitim kurumlar\u0131 ve ibadethanelere eri\u015fimi daha g\u00fcvenli hale getirerek yaya trafi\u011fini d\u00fczenli bir ak\u0131\u015fa kavu\u015fturdu. Proje, ayd\u0131nlatmas\u0131 ve mimari tasar\u0131m\u0131yla da mahallelilerin be\u011fenisini toplad\u0131.<\/p>\n<p><strong>\u201cCemil Tugay el att\u0131, \u00fcst ge\u00e7idimizi yapt\u0131\u201d<\/strong><br \/>\u00d6rnekk\u00f6y Mahallesi Muhtar\u0131 Avni Y\u00fcksel, ge\u00e7mi\u015fte bu b\u00f6lgede s\u0131k s\u0131k kazalar\u0131n meydana geldi\u011fini, can ve mal kay\u0131plar\u0131 ya\u015fand\u0131\u011f\u0131n\u0131 hat\u0131rlatarak \u201cYeni Girne Bulvar\u0131 a\u00e7\u0131ld\u0131ktan sonra b\u00f6lgede trafik sorunu uzun s\u00fcre devam etti. Pazaryeri, okul ve caminin burada bulunmas\u0131 ile \u00d6rnekk\u00f6y, Postac\u0131lar ve So\u011fukkuyu mahallelerinin bu yolu yo\u011fun \u015fekilde kullanmas\u0131 nedeniyle ciddi zorluklar ya\u015fan\u0131yordu. Yo\u011fun trafik nedeniyle daha \u00f6nce bir\u00e7ok kazan\u0131n meydana geldi\u011fi, can ve mal kay\u0131plar\u0131n\u0131n ya\u015fand\u0131\u011f\u0131 oldu. Bu k\u00f6pr\u00fcn\u00fcn yap\u0131lmas\u0131 i\u00e7in uzun y\u0131llar boyunca ba\u015fvurular\u0131m\u0131z\u0131 ilettik. Say\u0131n Ba\u015fkan\u0131m\u0131z Cemil Tugay\u2019\u0131n g\u00f6reve gelmesinin ard\u0131ndan konuya h\u0131zl\u0131ca el at\u0131ld\u0131 ve \u00fcst ge\u00e7idimiz yap\u0131ld\u0131. \u00c7ok da g\u00fczel oldu. Vatanda\u015f\u0131m\u0131z memnun, biz de mutluyuz. Cemil Tugay\u2019\u0131n \u00f6nemli projelere imza ataca\u011f\u0131na inan\u0131yoruz\u201d diye konu\u015ftu.<\/p>\n<p><strong>\u201c\u00c7ok b\u00fcy\u00fck zorluktu\u201d<\/strong><br \/>So\u011fukkuyu\u2019da ya\u015fayan Elmas Arslan, b\u00f6lgeden ge\u00e7menin uzun s\u00fcre vatanda\u015flar i\u00e7in ciddi bir zorluk oldu\u011funu belirterek, \u201cBu \u00fcst ge\u00e7idi mahallemize kazand\u0131ran Ba\u015fkan\u0131m\u0131z Cemil Tugay\u2019a te\u015fekk\u00fcr ediyoruz. Bizler i\u00e7in b\u00fcy\u00fck bir kolayl\u0131k oldu. Art\u0131k daha rahat ve g\u00fcvenli \u015fekilde ge\u00e7i\u015f yapabiliyoruz. Y\u00fcr\u00fcyen merdiven sayesinde pazar arabalar\u0131yla e\u015fyalar\u0131m\u0131z\u0131 da \u00e7ok daha kolay ta\u015f\u0131yabiliyoruz\u201d dedi.<\/p>\n<p><strong>\u201c\u00d6nemli bir ihtiya\u00e7t\u0131\u201d<\/strong><br \/>\u00d6rnekk\u00f6y\u2019den Ahmet Hac\u0131ibrahimo\u011flu, b\u00f6lgede uzun s\u00fcredir ciddi ula\u015f\u0131m sorunlar\u0131 ya\u015fand\u0131\u011f\u0131n\u0131 belirterek, \u201cHem trafikte s\u0131k\u0131\u015f\u0131kl\u0131k ya\u015f\u0131yorduk hem de can g\u00fcvenli\u011fi endi\u015fesi vard\u0131. Bu ger\u00e7ekten \u00f6nemli bir ihtiya\u00e7t\u0131. Zaman zaman trafik \u0131\u015f\u0131klar\u0131 ar\u0131zaland\u0131\u011f\u0131nda hem s\u00fcr\u00fcc\u00fcler hem yayalar zor durumda kal\u0131yordu. Bu \u00fcst ge\u00e7it, \u00e7ok \u00f6nemli bir ihtiyac\u0131 kar\u015f\u0131layan bir yat\u0131r\u0131m oldu\u201d diye konu\u015ftu.\u00a0<\/p>\n<p><strong>\u201c\u00c7ok fazla kaza oluyordu\u201d\u00a0<\/strong><\/p>\n<p>Atilla M\u0131h\u00e7\u0131, b\u00f6lgede ge\u00e7mi\u015fte s\u0131k s\u0131k kazalar\u0131n ya\u015fand\u0131\u011f\u0131n\u0131 belirterek \u201c\u00d6zellikle ya\u015fl\u0131 vatanda\u015flar\u0131m\u0131z kar\u015f\u0131dan kar\u015f\u0131ya ge\u00e7mekte b\u00fcy\u00fck zorluk ya\u015f\u0131yordu. Bu nedenle yap\u0131lan \u00e7al\u0131\u015fma bizim i\u00e7in \u00e7ok yerinde ve faydal\u0131 bir hizmet oldu. Ben de s\u0131k s\u0131k kullan\u0131yorum. Muhtar\u0131m\u0131za, belediye ba\u015fkan\u0131m\u0131za ve eme\u011fi ge\u00e7en herkese te\u015fekk\u00fcr ediyoruz\u201d dedi.<\/p>\n<p><strong>4 y\u00fcr\u00fcyen merdiven ve 2 asans\u00f6rl\u00fc estetik tasar\u0131m\u00a0<\/strong><br \/>50 metre uzunlu\u011funda, 6 metre geni\u015fli\u011finde ve 5 metre y\u00fcksekli\u011findeki \u00fcst ge\u00e7it, 4 y\u00fcr\u00fcyen merdiven ve 2 asans\u00f6rden olu\u015fuyor. Girne Bulvar\u0131 \u00fczerindeki trafik ak\u0131\u015f\u0131n\u0131 da rahatlatan \u00fcst ge\u00e7idin ayak temellerinden biri Yeni Girne Pazaryeri yan\u0131nda di\u011feri ise \u00d6\u011fretmenler Park\u0131 yan\u0131nda yer al\u0131yor.\u00a0<\/p>\n<p>\u00a0<\/p>\n<p>\u00a0<\/p>\n<p>Kaynak: (BYZHA) Beyaz Haber Ajans\u0131<\/p>\n","protected":false},"excerpt":{"rendered":"<p>\u0130zmir B\u00fcy\u00fck\u015fehir Belediyesi\u2019nin kente kazand\u0131rd\u0131\u011f\u0131 Kar\u015f\u0131yaka ile Bayrakl\u0131\u2019y\u0131 birbirine ba\u011flayan Yeni Girne Yaya \u00dcst Ge\u00e7idi hizmete a\u00e7\u0131ld\u0131.<\/p>\n","protected":false},"author":1,"featured_media":14088,"comment_status":"open","ping_status":"open","sticky":false,"template":"","format":"standard","meta":{"footnotes":""},"categories":[20],"tags":[],"class_list":["post-14087","post","type-post","status-publish","format-standard","has-post-thumbnail","hentry","category-gundem"],"_links":{"self":[{"href":"https:\/\/akdenizolay.com.tr\/index.php\/wp-json\/wp\/v2\/posts\/14087","targetHints":{"allow":["GET"]}}],"collection":[{"href":"https:\/\/akdenizolay.com.tr\/index.php\/wp-json\/wp\/v2\/posts"}],"about":[{"href":"https:\/\/akdenizolay.com.tr\/index.php\/wp-json\/wp\/v2\/types\/post"}],"author":[{"embeddable":true,"href":"https:\/\/akdenizolay.com.tr\/index.php\/wp-json\/wp\/v2\/users\/1"}],"replies":[{"embeddable":true,"href":"https:\/\/akdenizolay.com.tr\/index.php\/wp-json\/wp\/v2\/comments?post=14087"}],"version-history":[{"count":1,"href":"https:\/\/akdenizolay.com.tr\/index.php\/wp-json\/wp\/v2\/posts\/14087\/revisions"}],"predecessor-version":[{"id":14089,"href":"https:\/\/akdenizolay.com.tr\/index.php\/wp-json\/wp\/v2\/posts\/14087\/revisions\/14089"}],"wp:featuredmedia":[{"embeddable":true,"href":"https:\/\/akdenizolay.com.tr\/index.php\/wp-json\/wp\/v2\/media\/14088"}],"wp:attachment":[{"href":"https:\/\/akdenizolay.com.tr\/index.php\/wp-json\/wp\/v2\/media?parent=14087"}],"wp:term":[{"taxonomy":"category","embeddable":true,"href":"https:\/\/akdenizolay.com.tr\/index.php\/wp-json\/wp\/v2\/categories?post=14087"},{"taxonomy":"post_tag","embeddable":true,"href":"https:\/\/akdenizolay.com.tr\/index.php\/wp-json\/wp\/v2\/tags?post=14087"}],"curies":[{"name":"wp","href":"https:\/\/api.w.org\/{rel}","templated":true}]}}