{"id":14090,"date":"2026-04-30T09:14:00","date_gmt":"2026-04-30T09:14:00","guid":{"rendered":"https:\/\/akdenizolay.com.tr\/index.php\/2026\/04\/30\/izmirde-zabita-hizmetlerinde-yeni-donem-ortak-denetim-ve-dijital-donusum\/"},"modified":"2026-04-30T09:14:01","modified_gmt":"2026-04-30T09:14:01","slug":"izmirde-zabita-hizmetlerinde-yeni-donem-ortak-denetim-ve-dijital-donusum","status":"publish","type":"post","link":"https:\/\/akdenizolay.com.tr\/index.php\/2026\/04\/30\/izmirde-zabita-hizmetlerinde-yeni-donem-ortak-denetim-ve-dijital-donusum\/","title":{"rendered":"\u0130zmir\u2019de zab\u0131ta hizmetlerinde yeni d\u00f6nem: Ortak denetim ve dijital d\u00f6n\u00fc\u015f\u00fcm"},"content":{"rendered":"<p> \u0130zmir\u2019de zab\u0131ta birimleri tek \u00e7at\u0131 alt\u0131nda koordinasyonu g\u00fc\u00e7lendirme karar\u0131 ald\u0131; ortak denetimler art\u0131r\u0131lacak, dijital takip ve e\u011fitim s\u00fcre\u00e7leri standart hale getirilecek.<\/p>\n<p>\u0130zmir B\u00fcy\u00fck\u015fehir Belediyesi Zab\u0131ta Dairesi Ba\u015fkanl\u0131\u011f\u0131 koordinasyonunda, il\u00e7e belediyeleri zab\u0131ta m\u00fcd\u00fcrl\u00fcklerinin kat\u0131l\u0131m\u0131yla \u0130zmir Zab\u0131ta Koordinasyon Kurulu\u2019nun 7. Ola\u011fan Toplant\u0131s\u0131 ger\u00e7ekle\u015ftirildi. Kemalpa\u015fa Belediyesi ev sahipli\u011findeki toplant\u0131da, kent genelinde zab\u0131ta hizmetlerinin daha etkin ve koordineli y\u00fcr\u00fct\u00fclmesine y\u00f6nelik kararlar al\u0131nd\u0131.<br \/>Toplant\u0131ya Kemalpa\u015fa Belediyesi Ba\u015fkan Vekili Musa Ero\u011flu ile Belediye Ba\u015fkan Yard\u0131mc\u0131s\u0131 M\u00fckremin Z\u00fclkadiro\u011flu\u2019nun yan\u0131 s\u0131ra \u0130zmir B\u00fcy\u00fck\u015fehir Belediyesi Zab\u0131ta Dairesi Ba\u015fkan\u0131 G\u00f6khan Daca da kat\u0131ld\u0131. G\u00f6r\u00fc\u015fmelerde uygulama birli\u011finin sa\u011flanmas\u0131, kurumsal yap\u0131n\u0131n g\u00fc\u00e7lendirilmesi ve il genelinde koordinasyonun art\u0131r\u0131lmas\u0131 ba\u015fl\u0131klar\u0131 \u00f6ne \u00e7\u0131kt\u0131.<\/p>\n<p><strong>Ortak saha denetimleri s\u0131kla\u015facak<\/strong><br \/>Kurulda, B\u00fcy\u00fck\u015fehir Belediyesi ile il\u00e7e belediyeleri zab\u0131ta ekiplerinin ortak saha denetimlerini art\u0131rmas\u0131 kararla\u015ft\u0131r\u0131ld\u0131. Kent genelinde e\u015f zamanl\u0131 denetimlerin yap\u0131lmas\u0131, yo\u011fun yaya alanlar\u0131 ile kamusal kullan\u0131m b\u00f6lgelerinde ortak uygulamalar\u0131n yayg\u0131nla\u015ft\u0131r\u0131lmas\u0131 hedefleniyor.<br \/>Toplant\u0131da ayr\u0131ca zab\u0131ta hizmetlerinde dijital d\u00f6n\u00fc\u015f\u00fcm \u00e7al\u0131\u015fmalar\u0131 de\u011ferlendirildi. Kent d\u00fczenine ayk\u0131r\u0131 fiillerin takibine y\u00f6nelik dijital kay\u0131t sistemlerinin geli\u015ftirilmesi, saha verilerinin merkezi sistemlerde toplanmas\u0131 ve dijital ar\u015fiv olu\u015fturulmas\u0131 y\u00f6n\u00fcnde \u00e7al\u0131\u015fma y\u00fcr\u00fct\u00fclmesi \u00fczerinde uzla\u015fma sa\u011fland\u0131.<\/p>\n<p><strong>G\u00fcncel ihtiya\u00e7lara y\u00f6nelik yeniden yap\u0131land\u0131rma<\/strong><br \/>Zab\u0131ta personeline y\u00f6nelik meslek i\u00e7i e\u011fitimlerin standart hale getirilmesi, ortak e\u011fitim mod\u00fcllerinin olu\u015fturulmas\u0131 ve e\u011fitim i\u00e7eriklerinin dijital ortamda payla\u015f\u0131lmas\u0131 karar\u0131 al\u0131nd\u0131. Toplant\u0131da kamusal alan i\u015fgalleri, g\u00f6rsel kirlilik, izinsiz reklam uygulamalar\u0131 ve il\u00e7eler aras\u0131 uygulama farkl\u0131l\u0131klar\u0131 da de\u011ferlendirildi. Kurul b\u00fcnyesindeki komisyonlar\u0131n daha etkin \u00e7al\u0131\u015fmas\u0131 ve g\u00fcncel ihtiya\u00e7lara g\u00f6re yeniden yap\u0131land\u0131r\u0131lmas\u0131 y\u00f6n\u00fcnde g\u00f6r\u00fc\u015f birli\u011fine var\u0131ld\u0131.<br \/>Toplant\u0131 sonunda, zab\u0131ta hizmetlerinde kurumlar aras\u0131 i\u015f birli\u011finin art\u0131r\u0131lmas\u0131 ve al\u0131nan kararlar\u0131n sahaya h\u0131zl\u0131 \u015fekilde yans\u0131t\u0131lmas\u0131 gerekti\u011fi vurguland\u0131.<\/p>\n<p>\u00a0<\/p>\n<p>\u00a0<\/p>\n<p>Kaynak: (BYZHA) Beyaz Haber Ajans\u0131<\/p>\n","protected":false},"excerpt":{"rendered":"<p>\u0130zmir\u2019de zab\u0131ta birimleri tek \u00e7at\u0131 alt\u0131nda koordinasyonu g\u00fc\u00e7lendirme karar\u0131 ald\u0131; ortak denetimler art\u0131r\u0131lacak, dijital takip ve e\u011fitim s\u00fcre\u00e7leri standart hale getirilecek.<\/p>\n","protected":false},"author":1,"featured_media":14091,"comment_status":"open","ping_status":"open","sticky":false,"template":"","format":"standard","meta":{"footnotes":""},"categories":[20],"tags":[],"class_list":["post-14090","post","type-post","status-publish","format-standard","has-post-thumbnail","hentry","category-gundem"],"_links":{"self":[{"href":"https:\/\/akdenizolay.com.tr\/index.php\/wp-json\/wp\/v2\/posts\/14090","targetHints":{"allow":["GET"]}}],"collection":[{"href":"https:\/\/akdenizolay.com.tr\/index.php\/wp-json\/wp\/v2\/posts"}],"about":[{"href":"https:\/\/akdenizolay.com.tr\/index.php\/wp-json\/wp\/v2\/types\/post"}],"author":[{"embeddable":true,"href":"https:\/\/akdenizolay.com.tr\/index.php\/wp-json\/wp\/v2\/users\/1"}],"replies":[{"embeddable":true,"href":"https:\/\/akdenizolay.com.tr\/index.php\/wp-json\/wp\/v2\/comments?post=14090"}],"version-history":[{"count":1,"href":"https:\/\/akdenizolay.com.tr\/index.php\/wp-json\/wp\/v2\/posts\/14090\/revisions"}],"predecessor-version":[{"id":14092,"href":"https:\/\/akdenizolay.com.tr\/index.php\/wp-json\/wp\/v2\/posts\/14090\/revisions\/14092"}],"wp:featuredmedia":[{"embeddable":true,"href":"https:\/\/akdenizolay.com.tr\/index.php\/wp-json\/wp\/v2\/media\/14091"}],"wp:attachment":[{"href":"https:\/\/akdenizolay.com.tr\/index.php\/wp-json\/wp\/v2\/media?parent=14090"}],"wp:term":[{"taxonomy":"category","embeddable":true,"href":"https:\/\/akdenizolay.com.tr\/index.php\/wp-json\/wp\/v2\/categories?post=14090"},{"taxonomy":"post_tag","embeddable":true,"href":"https:\/\/akdenizolay.com.tr\/index.php\/wp-json\/wp\/v2\/tags?post=14090"}],"curies":[{"name":"wp","href":"https:\/\/api.w.org\/{rel}","templated":true}]}}