{"id":14105,"date":"2026-04-30T09:20:48","date_gmt":"2026-04-30T09:20:48","guid":{"rendered":"https:\/\/akdenizolay.com.tr\/index.php\/2026\/04\/30\/1-mayista-toplu-ulasim-ucretsiz\/"},"modified":"2026-04-30T09:20:49","modified_gmt":"2026-04-30T09:20:49","slug":"1-mayista-toplu-ulasim-ucretsiz","status":"publish","type":"post","link":"https:\/\/akdenizolay.com.tr\/index.php\/2026\/04\/30\/1-mayista-toplu-ulasim-ucretsiz\/","title":{"rendered":"1 May\u0131s&#8217;ta Toplu Ula\u015f\u0131m \u00dccretsiz"},"content":{"rendered":"<p> <strong>1 May\u0131s Emek ve Dayan\u0131\u015fma G\u00fcn\u00fc\u2019nde, \u0130BB&#8217;ye ait toplu ula\u015f\u0131m ara\u00e7lar\u0131 \u00fccretsiz olacak.<\/strong>\u00a0<strong>Ki\u015fiselle\u015ftirilmi\u015f \u0130stanbulkart sahipleri, 1 May\u0131s Cuma g\u00fcn\u00fc boyunca \u0130stanbulkart entegrasyonuna dahil t\u00fcm toplu ula\u015f\u0131m ara\u00e7lar\u0131ndan \u00fccretsiz faydalanabilecek.<\/strong><\/p>\n<p>\u0130stanbul B\u00fcy\u00fck\u015fehir Belediyesi (\u0130BB), 1 May\u0131s Emek ve Dayan\u0131\u015fma G\u00fcn\u00fc\u2019nde kent genelinde toplu ula\u015f\u0131m\u0131 \u00fccretsiz sunacak. Resmi bayramlarda uygulanan \u00fccretsiz ula\u015f\u0131m karar\u0131 do\u011frultusunda, ki\u015fiselle\u015ftirilmi\u015f \u0130stanbulkart sahipleri, 1 May\u0131s Cuma g\u00fcn\u00fc boyunca \u0130stanbulkart entegrasyonuna dahil t\u00fcm toplu ula\u015f\u0131m ara\u00e7lar\u0131ndan \u00fccretsiz faydalanabilecek.<\/p>\n<p>\u00dccretsiz ula\u015f\u0131m; Metro \u0130stanbul, \u0130ETT, \u015eehir Hatlar\u0131 ve \u0130BB\u2019nin toplu ta\u015f\u0131maya entegre di\u011fer ula\u015f\u0131m a\u011flar\u0131n\u0131 kapsayacak. Uygulama, 1 May\u0131s Emek ve Dayan\u0131\u015fma G\u00fcn\u00fc\u2019n\u00fcn resmi tatil olmas\u0131 dolay\u0131s\u0131yla \u0130stanbul genelinde ge\u00e7erli olacak.<\/p>\n<p>Toplu ta\u015f\u0131ma ara\u00e7lar\u0131nda ge\u00e7i\u015f s\u0131ras\u0131nda ki\u015fiselle\u015ftirilmi\u015f \u0130stanbulkart ile turnike temas\u0131 yap\u0131lmas\u0131 yeterli olacak. Sistem, kart\u0131 otomatik olarak \u00fccretsiz ge\u00e7i\u015fe tan\u0131mlayacak.<\/p>\n<p>\u00a0<\/p>\n<p>Kaynak: (BYZHA) Beyaz Haber Ajans\u0131<\/p>\n","protected":false},"excerpt":{"rendered":"<p>1 May\u0131s Emek ve Dayan\u0131\u015fma G\u00fcn\u00fc\u2019nde, \u0130BB&#8217;ye ait toplu ula\u015f\u0131m ara\u00e7lar\u0131 \u00fccretsiz olacak.<\/p>\n","protected":false},"author":1,"featured_media":14106,"comment_status":"open","ping_status":"open","sticky":false,"template":"","format":"standard","meta":{"footnotes":""},"categories":[20],"tags":[],"class_list":["post-14105","post","type-post","status-publish","format-standard","has-post-thumbnail","hentry","category-gundem"],"_links":{"self":[{"href":"https:\/\/akdenizolay.com.tr\/index.php\/wp-json\/wp\/v2\/posts\/14105","targetHints":{"allow":["GET"]}}],"collection":[{"href":"https:\/\/akdenizolay.com.tr\/index.php\/wp-json\/wp\/v2\/posts"}],"about":[{"href":"https:\/\/akdenizolay.com.tr\/index.php\/wp-json\/wp\/v2\/types\/post"}],"author":[{"embeddable":true,"href":"https:\/\/akdenizolay.com.tr\/index.php\/wp-json\/wp\/v2\/users\/1"}],"replies":[{"embeddable":true,"href":"https:\/\/akdenizolay.com.tr\/index.php\/wp-json\/wp\/v2\/comments?post=14105"}],"version-history":[{"count":1,"href":"https:\/\/akdenizolay.com.tr\/index.php\/wp-json\/wp\/v2\/posts\/14105\/revisions"}],"predecessor-version":[{"id":14107,"href":"https:\/\/akdenizolay.com.tr\/index.php\/wp-json\/wp\/v2\/posts\/14105\/revisions\/14107"}],"wp:featuredmedia":[{"embeddable":true,"href":"https:\/\/akdenizolay.com.tr\/index.php\/wp-json\/wp\/v2\/media\/14106"}],"wp:attachment":[{"href":"https:\/\/akdenizolay.com.tr\/index.php\/wp-json\/wp\/v2\/media?parent=14105"}],"wp:term":[{"taxonomy":"category","embeddable":true,"href":"https:\/\/akdenizolay.com.tr\/index.php\/wp-json\/wp\/v2\/categories?post=14105"},{"taxonomy":"post_tag","embeddable":true,"href":"https:\/\/akdenizolay.com.tr\/index.php\/wp-json\/wp\/v2\/tags?post=14105"}],"curies":[{"name":"wp","href":"https:\/\/api.w.org\/{rel}","templated":true}]}}