{"id":14144,"date":"2026-04-30T09:58:27","date_gmt":"2026-04-30T09:58:27","guid":{"rendered":"https:\/\/akdenizolay.com.tr\/index.php\/2026\/04\/30\/baskan-cicek-sahada\/"},"modified":"2026-04-30T09:58:29","modified_gmt":"2026-04-30T09:58:29","slug":"baskan-cicek-sahada","status":"publish","type":"post","link":"https:\/\/akdenizolay.com.tr\/index.php\/2026\/04\/30\/baskan-cicek-sahada\/","title":{"rendered":"Ba\u015fkan \u00c7i\u00e7ek Sahada"},"content":{"rendered":"\n<p style=\"margin-bottom:11px\"><span style=\"font-size:11pt\"><span style=\"line-height:107%\"><span style=\"font-family:Calibri,sans-serif\">Menderes Belediye Ba\u015fkan\u0131 \u0130lkay \u00c7i\u00e7ek, sahada ger\u00e7ekle\u015ftirilen \u00e7al\u0131\u015fmalar\u0131 gezip bilgi ald\u0131 ve mahalle ziyaretleri ger\u00e7ekle\u015ftirdi.<\/span><\/span><\/span><\/p>\n<p style=\"margin-bottom:11px\"><span style=\"font-size:11pt\"><span style=\"line-height:107%\"><span style=\"font-family:Calibri,sans-serif\">Menderes Belediye Ba\u015fkan\u0131 \u0130lkay \u00c7i\u00e7ek sahaya \u00e7\u0131karak ger\u00e7ekle\u015ftirilen belediye \u00e7al\u0131\u015fmalar\u0131n\u0131 gezdi. \u0130\u015flerdeki ilerlemeler hakk\u0131nda bilgi alarak incelemeler yapt\u0131. Ba\u015fkan \u00c7i\u00e7ek, saha incelemeleri s\u0131ras\u0131nda mahalle ziyaretlerinde de bulundu. \u00c7ile, Derek\u00f6y, Kuyucak ve K\u00fcner mahallelerinde vatanda\u015flarla bulu\u015fan Ba\u015fkan \u00c7i\u00e7ek, yap\u0131lan hizmetleri ve ileriye d\u00f6n\u00fck projeleri anlatt\u0131. Vatanda\u015flardan gelen talepleri de teker teker not etti. <\/span><\/span><\/span><\/p>\n<p style=\"margin-bottom:11px\"><span style=\"font-size:11pt\"><span style=\"line-height:107%\"><span style=\"font-family:Calibri,sans-serif\">\u201cMenderes en iyisini hakkediyor\u201d<\/span><\/span><\/span><\/p>\n<p style=\"margin-bottom:11px\"><span style=\"font-size:11pt\"><span style=\"line-height:107%\"><span style=\"font-family:Calibri,sans-serif\">Saha \u00e7al\u0131\u015fmalar\u0131 hakk\u0131nda konu\u015fan Menderes Belediye Ba\u015fkan\u0131 \u0130lkay \u00c7i\u00e7ek, \u201cEkiplerimiz sahada b\u00fcy\u00fck bir \u00f6zveri ile \u00e7al\u0131\u015f\u0131yor. Menderesimize en iyi hizmeti ger\u00e7ekle\u015ftirmek i\u00e7in \u00e7aba veriyoruz. 44 mahallemize e\u015fit hizmet anlay\u0131\u015f\u0131 ile ihtiya\u00e7 duyulan b\u00f6lgeleri \u00f6nceleyerek \u00e7al\u0131\u015fmaya devam edece\u011fiz. Menderes en iyisini hakkediyor.\u201d dedi.<\/span><\/span><\/span><\/p>\n<p style=\"margin-bottom:11px\"><span style=\"font-size:11pt\"><span style=\"line-height:107%\"><span style=\"font-family:Calibri,sans-serif\">\u201cDurmadan, yorulmadan \u00e7al\u0131\u015f\u0131yoruz\u201d<\/span><\/span><\/span><\/p>\n<p style=\"margin-bottom:11px\"><span style=\"font-size:11pt\"><span style=\"line-height:107%\"><span style=\"font-family:Calibri,sans-serif\">Mahalle ziyaretlerinde vatanda\u015flarla sohbet eden \u00c7i\u00e7ek, \u201cHer \u015fey sizin i\u00e7in. Durmadan, yorulmadan, en iyi hizmeti sunmak i\u00e7in \u00e7al\u0131\u015f\u0131yoruz. B\u00f6yle de devam edece\u011fiz. Mendereslilerin geri d\u00f6n\u00fc\u015fleri, memnuniyeti bizim i\u00e7in \u00e7ok de\u011ferli ve \u00f6nemli. Vatanda\u015flar\u0131m\u0131z\u0131n taleplerini teker teker not ettik. Bu konuda \u00e7al\u0131\u015fmalar\u0131 ba\u015flatt\u0131k. Menderes a\u015fk\u0131yla daima hizmete devam edece\u011fiz.\u201d diye konu\u015ftu.<\/span><\/span><\/span><\/p>\n<p style=\"margin-bottom:11px\">\u00a0<\/p>\n<p>Kaynak: (BYZHA) Beyaz Haber Ajans\u0131<\/p>\n","protected":false},"excerpt":{"rendered":"<p>Menderes Belediye Ba\u015fkan\u0131 \u0130lkay \u00c7i\u00e7ek, sahada ger\u00e7ekle\u015ftirilen \u00e7al\u0131\u015fmalar\u0131 gezip bilgi ald\u0131 ve mahalle ziyaretleri ger\u00e7ekle\u015ftirdi.<\/p>\n","protected":false},"author":1,"featured_media":14145,"comment_status":"open","ping_status":"open","sticky":false,"template":"","format":"standard","meta":{"footnotes":""},"categories":[20],"tags":[],"class_list":["post-14144","post","type-post","status-publish","format-standard","has-post-thumbnail","hentry","category-gundem"],"_links":{"self":[{"href":"https:\/\/akdenizolay.com.tr\/index.php\/wp-json\/wp\/v2\/posts\/14144","targetHints":{"allow":["GET"]}}],"collection":[{"href":"https:\/\/akdenizolay.com.tr\/index.php\/wp-json\/wp\/v2\/posts"}],"about":[{"href":"https:\/\/akdenizolay.com.tr\/index.php\/wp-json\/wp\/v2\/types\/post"}],"author":[{"embeddable":true,"href":"https:\/\/akdenizolay.com.tr\/index.php\/wp-json\/wp\/v2\/users\/1"}],"replies":[{"embeddable":true,"href":"https:\/\/akdenizolay.com.tr\/index.php\/wp-json\/wp\/v2\/comments?post=14144"}],"version-history":[{"count":1,"href":"https:\/\/akdenizolay.com.tr\/index.php\/wp-json\/wp\/v2\/posts\/14144\/revisions"}],"predecessor-version":[{"id":14146,"href":"https:\/\/akdenizolay.com.tr\/index.php\/wp-json\/wp\/v2\/posts\/14144\/revisions\/14146"}],"wp:featuredmedia":[{"embeddable":true,"href":"https:\/\/akdenizolay.com.tr\/index.php\/wp-json\/wp\/v2\/media\/14145"}],"wp:attachment":[{"href":"https:\/\/akdenizolay.com.tr\/index.php\/wp-json\/wp\/v2\/media?parent=14144"}],"wp:term":[{"taxonomy":"category","embeddable":true,"href":"https:\/\/akdenizolay.com.tr\/index.php\/wp-json\/wp\/v2\/categories?post=14144"},{"taxonomy":"post_tag","embeddable":true,"href":"https:\/\/akdenizolay.com.tr\/index.php\/wp-json\/wp\/v2\/tags?post=14144"}],"curies":[{"name":"wp","href":"https:\/\/api.w.org\/{rel}","templated":true}]}}