{"id":14159,"date":"2026-04-30T10:08:29","date_gmt":"2026-04-30T10:08:29","guid":{"rendered":"https:\/\/akdenizolay.com.tr\/index.php\/2026\/04\/30\/sosyal-belediyecilikte-etkili-hizmet-torbalida-hayat-kolaylasiyor\/"},"modified":"2026-04-30T10:08:30","modified_gmt":"2026-04-30T10:08:30","slug":"sosyal-belediyecilikte-etkili-hizmet-torbalida-hayat-kolaylasiyor","status":"publish","type":"post","link":"https:\/\/akdenizolay.com.tr\/index.php\/2026\/04\/30\/sosyal-belediyecilikte-etkili-hizmet-torbalida-hayat-kolaylasiyor\/","title":{"rendered":"Sosyal Belediyecilikte Etkili Hizmet:  Torbal\u0131\u2019da Hayat Kolayla\u015f\u0131yor"},"content":{"rendered":"<p> Torbal\u0131 Belediyesi, \u201cEvde Temizlik\u201d hizmetini ba\u015flatarak ihtiya\u00e7 sahibi 65 ya\u015f \u00fcst\u00fc ve engelli vatanda\u015flar\u0131n evlerini d\u00fczenli olarak temizlemeye ba\u015flad\u0131. Belediye ayr\u0131ca\u00a0 ki\u015fisel bak\u0131m, banyo, t\u0131ra\u015f, yatalak hastalara a\u011f\u0131r bak\u0131m, medikal destek, hasta yata\u011f\u0131 ve hastane ula\u015f\u0131m deste\u011fiyle sosyal belediyecilikte \u00f6nemli bir hizmet sunuyor. Torbal\u0131\u2019daki bu hizmetler vatanda\u015ftan da b\u00fcy\u00fck takdir g\u00f6r\u00fcyor.<br \/>Torbal\u0131 Belediyesi, sosyal belediyecilik anlay\u0131\u015f\u0131yla hayata ge\u00e7irdi\u011fi hizmetlerle ihtiya\u00e7 sahibi vatanda\u015flar\u0131n hayat\u0131n\u0131 kolayla\u015ft\u0131rmaya devam ediyor. \u0130l\u00e7ede \u00f6zellikle 65 ya\u015f \u00fcst\u00fc, engelli ve kendi ihtiya\u00e7lar\u0131n\u0131 kar\u015f\u0131lamakta zorlanan vatanda\u015flara y\u00f6nelik y\u00fcr\u00fct\u00fclen \u00e7al\u0131\u015fmalar b\u00fcy\u00fck takdir topluyor. Belediye ekipleri, sosyal hizmet uzmanlar\u0131n\u0131n belirledi\u011fi ihtiya\u00e7 sahibi vatanda\u015flar\u0131n evlerine d\u00fczenli olarak giderek detayl\u0131 temizlik hizmeti sunuyor. Periyodik olarak ger\u00e7ekle\u015ftirilen bu temizlik \u00e7al\u0131\u015fmalar\u0131 sayesinde, vatanda\u015flar\u0131n ya\u015fam alanlar\u0131 daha sa\u011fl\u0131kl\u0131 ve ya\u015fanabilir hale getiriliyor.<br \/>SA\u011eLIK H\u0130ZMETLER\u0130NE ER\u0130\u015e\u0130M KOLAYLA\u015eIYOR<br \/>Torbal\u0131 Belediyesi\u2019nin sundu\u011fu destek yaln\u0131zca ev temizli\u011fi ile s\u0131n\u0131rl\u0131 kalm\u0131yor. Hizmet kapsam\u0131nda ihtiya\u00e7 sahibi vatanda\u015flar\u0131n ki\u015fisel bak\u0131mlar\u0131 da titizlikle ger\u00e7ekle\u015ftiriliyor. Ekipler, ya\u015fl\u0131 ve engelli bireylerin sa\u00e7 t\u0131ra\u015f\u0131n\u0131 yap\u0131yor, banyo ihtiya\u00e7lar\u0131n\u0131 kar\u015f\u0131l\u0131yor ve \u00f6zellikle yatalak hastalar\u0131n a\u011f\u0131r bak\u0131mlar\u0131n\u0131 \u00fcstleniyor. Bunun yan\u0131 s\u0131ra, sa\u011fl\u0131k hizmetlerine eri\u015fimde zorluk ya\u015fayan vatanda\u015flar da unutulmuyor. Torbal\u0131 Belediyesi ekipleri, ihtiya\u00e7 sahibi bireyleri \u0130zmir dahil olmak \u00fczere gitmeleri gereken hastanelere ula\u015ft\u0131rarak \u00f6nemli bir ihtiyac\u0131 daha kar\u015f\u0131l\u0131yor. Torbal\u0131\u2019daki bu hizmetler vatanda\u015ftan da b\u00fcy\u00fck takdir g\u00f6r\u00fcyor.<\/p>\n<p>\u201cBELED\u0130YEC\u0130L\u0130K SADECE ALTYAPIDAN \u0130BARET DE\u011e\u0130L\u201d<br \/>Konuya ili\u015fkin a\u00e7\u0131klamalarda bulunan Torbal\u0131 Belediye Ba\u015fkan\u0131 \u00d6v\u00fcn\u00e7 Demir, sosyal belediyecili\u011fin sadece altyap\u0131 hizmetlerinden ibaret olmad\u0131\u011f\u0131n\u0131 vurgulayarak \u015funlar\u0131 s\u00f6yledi:<br \/>\u201cBizim i\u00e7in belediyecilik, vatanda\u015f\u0131m\u0131z\u0131n hayat\u0131na dokunabilmektir. \u0130htiya\u00e7 sahibi b\u00fcy\u00fcklerimizin, engelli karde\u015flerimizin her zaman yan\u0131nday\u0131z. Ev temizli\u011finden ki\u015fisel bak\u0131ma, sa\u011fl\u0131k ula\u015f\u0131m\u0131ndan g\u00fcnl\u00fck ihtiya\u00e7lara kadar her alanda destek olmaya devam edece\u011fiz. Hem\u015fehrilerimizin bize emanet etti\u011fi kaynaklar\u0131 yine onlar\u0131n hayat\u0131n\u0131 kolayla\u015ft\u0131rmak i\u00e7in kullan\u0131yoruz.\u201d<br \/>Bu hizmetten faydalanmak isteyen vatanda\u015flar\u0131n\u00a0 7\/24 a\u00e7\u0131k olan 0 232 856 66 66 numaral\u0131 telefondan Torbal\u0131 \u0130leti\u015fim Merkezi\u2019ne ba\u015fvuru yapabilece\u011fi belirtilirken, ayn\u0131 hatt\u0131n WhatsApp \u00fczerinden de aktif olarak hizmet verdi\u011fi ifade edildi.\u00a0<\/p>\n<p>Kaynak: (BYZHA) Beyaz Haber Ajans\u0131<\/p>\n","protected":false},"excerpt":{"rendered":"<p>Torbal\u0131 Belediyesi, \u201cEvde Temizlik\u201d hizmetini ba\u015flatarak ihtiya\u00e7 sahibi 65 ya\u015f \u00fcst\u00fc ve engelli vatanda\u015flar\u0131n evlerini d\u00fczenli olarak temizlemeye ba\u015flad\u0131.<\/p>\n","protected":false},"author":1,"featured_media":14160,"comment_status":"open","ping_status":"open","sticky":false,"template":"","format":"standard","meta":{"footnotes":""},"categories":[20],"tags":[],"class_list":["post-14159","post","type-post","status-publish","format-standard","has-post-thumbnail","hentry","category-gundem"],"_links":{"self":[{"href":"https:\/\/akdenizolay.com.tr\/index.php\/wp-json\/wp\/v2\/posts\/14159","targetHints":{"allow":["GET"]}}],"collection":[{"href":"https:\/\/akdenizolay.com.tr\/index.php\/wp-json\/wp\/v2\/posts"}],"about":[{"href":"https:\/\/akdenizolay.com.tr\/index.php\/wp-json\/wp\/v2\/types\/post"}],"author":[{"embeddable":true,"href":"https:\/\/akdenizolay.com.tr\/index.php\/wp-json\/wp\/v2\/users\/1"}],"replies":[{"embeddable":true,"href":"https:\/\/akdenizolay.com.tr\/index.php\/wp-json\/wp\/v2\/comments?post=14159"}],"version-history":[{"count":1,"href":"https:\/\/akdenizolay.com.tr\/index.php\/wp-json\/wp\/v2\/posts\/14159\/revisions"}],"predecessor-version":[{"id":14161,"href":"https:\/\/akdenizolay.com.tr\/index.php\/wp-json\/wp\/v2\/posts\/14159\/revisions\/14161"}],"wp:featuredmedia":[{"embeddable":true,"href":"https:\/\/akdenizolay.com.tr\/index.php\/wp-json\/wp\/v2\/media\/14160"}],"wp:attachment":[{"href":"https:\/\/akdenizolay.com.tr\/index.php\/wp-json\/wp\/v2\/media?parent=14159"}],"wp:term":[{"taxonomy":"category","embeddable":true,"href":"https:\/\/akdenizolay.com.tr\/index.php\/wp-json\/wp\/v2\/categories?post=14159"},{"taxonomy":"post_tag","embeddable":true,"href":"https:\/\/akdenizolay.com.tr\/index.php\/wp-json\/wp\/v2\/tags?post=14159"}],"curies":[{"name":"wp","href":"https:\/\/api.w.org\/{rel}","templated":true}]}}