{"id":14162,"date":"2026-04-30T10:08:31","date_gmt":"2026-04-30T10:08:31","guid":{"rendered":"https:\/\/akdenizolay.com.tr\/index.php\/2026\/04\/30\/inegolde-afet-risk-azaltma-calistayi-gerceklestirildi\/"},"modified":"2026-04-30T10:08:32","modified_gmt":"2026-04-30T10:08:32","slug":"inegolde-afet-risk-azaltma-calistayi-gerceklestirildi","status":"publish","type":"post","link":"https:\/\/akdenizolay.com.tr\/index.php\/2026\/04\/30\/inegolde-afet-risk-azaltma-calistayi-gerceklestirildi\/","title":{"rendered":"\u0130neg\u00f6l\u2019de Afet Risk Azaltma \u00c7al\u0131\u015ftay\u0131 Ger\u00e7ekle\u015ftirildi"},"content":{"rendered":"<p> AFAD Bursa \u0130l M\u00fcd\u00fcrl\u00fc\u011f\u00fc koordinasyonunda d\u00fczenlenen \u0130l\u00e7e Odakl\u0131 Afet Risk Azaltma \u00c7al\u0131\u015ftaylar\u0131n\u0131n ikinci dura\u011f\u0131 \u0130neg\u00f6l oldu. \u0130neg\u00f6l Belediyesi ev sahipli\u011finde yap\u0131lan \u00e7al\u0131\u015ftayda afet risklerinin azalt\u0131lmas\u0131na y\u00f6nelik mevcut durum de\u011ferlendirilirken, 2027\u20132032 d\u00f6nemine ili\u015fkin yol haritas\u0131 da ele al\u0131nd\u0131.<\/p>\n<p>AFAD Bursa \u0130l M\u00fcd\u00fcrl\u00fc\u011f\u00fc koordinasyonunda d\u00fczenlenen \u0130l\u00e7e Odakl\u0131 Afet Risk Azaltma \u00c7al\u0131\u015ftaylar\u0131 \u015eubat ay\u0131nda Y\u0131ld\u0131r\u0131m il\u00e7esinde ba\u015flam\u0131\u015ft\u0131. \u00c7al\u0131\u015ftaylar\u0131n ikinci dura\u011f\u0131 \u0130neg\u00f6l oldu. \u0130neg\u00f6l Belediyesi ev sahipli\u011finde \u201cBirlikte Planla, Birlikte G\u00fc\u00e7len; Diren\u00e7li Kent, G\u00fcvenli Bursa\u201d hedefiyle y\u00fcr\u00fct\u00fclen \u00e7al\u0131\u015ftay \u00c7ar\u015famba g\u00fcn\u00fc d\u00fczenlendi. Bursa\u2019n\u0131n afetlere kar\u015f\u0131 daha diren\u00e7li bir gelece\u011fe haz\u0131rlanmas\u0131 amac\u0131yla kamu kurumlar\u0131, yerel y\u00f6netimler, \u00fcniversiteler, meslek odalar\u0131 ve sivil toplum kurulu\u015flar\u0131n\u0131 ayn\u0131 platformda bir araya getirildi\u011fi organizasyon, \u0130neg\u00f6l\u2019de de yo\u011fun kat\u0131l\u0131m ile yap\u0131ld\u0131.<\/p>\n<p>Royal Otel\u2019de sabah 10.00\u2019da ba\u015flayan \u00e7al\u0131\u015ftayda, afet risklerinin azalt\u0131lmas\u0131na y\u00f6nelik mevcut durum de\u011ferlendirilerek 2027\u20132032 d\u00f6nemine ili\u015fkin yol haritas\u0131 ele al\u0131nd\u0131. 110 dolay\u0131nda kat\u0131l\u0131mc\u0131n\u0131n yer ald\u0131\u011f\u0131 \u00e7al\u0131\u015ftayda \u0130neg\u00f6l protokol\u00fc ile birlikte; akademisyenler, \u0130neg\u00f6l Belediyesi ilgili daire m\u00fcd\u00fcrleri, AFAD temsilcileri, Meslek Odalar\u0131ndan temsilciler, DS\u0130, BUSK\u0130, Bursa B\u00fcy\u00fck\u015fehir Belediyesi ve Karayollar\u0131n\u0131n teknik personelleri haz\u0131r bulundu.<\/p>\n<p><strong>AFET R\u0130SKLER\u0130 \u0130L\u00c7E \u00d6L\u00c7E\u011e\u0130NDE DO\u011eRU OKUNUR VE Y\u00d6NET\u0130L\u0130R<\/strong><\/p>\n<p>A\u00e7\u0131l\u0131\u015f konu\u015fmalar\u0131yla ba\u015flayan \u00e7al\u0131\u015ftayda, \u0130l AFAD M\u00fcd\u00fcr\u00fc Mehmet Buldan konuklara hitaben bir konu\u015fma yapt\u0131. Bursa Valili\u011fi \u0130l Afet Acil Durum M\u00fcd\u00fcrl\u00fc\u011f\u00fc koordinasyonunda y\u00fcr\u00fct\u00fclen il\u00e7e d\u00fczeyi il afet risk azaltma \u00e7al\u0131\u015ftaylar\u0131 kapsam\u0131nda \u0130neg\u00f6l\u2019e odaklanan bu \u00f6nemli \u00e7al\u0131\u015ftay\u0131n ger\u00e7ekle\u015ftirildi\u011fini kaydeden Buldan, \u201c\u0130lk \u00e7al\u0131\u015ftay\u0131m\u0131z\u0131 Y\u0131ld\u0131r\u0131m il\u00e7esinde yapm\u0131\u015ft\u0131k. Bug\u00fcn ise bu s\u00fcrecin ikinci ad\u0131m\u0131n\u0131, il\u00e7e bazl\u0131 risk analizlerini esas alan yakla\u015f\u0131m\u0131m\u0131zla \u0130neg\u00f6l\u2019de devam ediyoruz. \u015eunu biliyoruz ki art\u0131k afet riskleri il genelinde de\u011fil, il\u00e7e \u00f6l\u00e7e\u011finde do\u011fru okunur ve il\u00e7e \u00f6l\u00e7e\u011finde y\u00f6netilir. Afetlerle m\u00fccadele yaln\u0131zca afet an\u0131nda m\u00fcdahale etmek de\u011fildir. As\u0131l olan her il\u00e7enin kendi risk profilini do\u011fru analiz ederek \u00f6nlemlerini almas\u0131d\u0131r\u201d dedi.<\/p>\n<p><strong>AFETLER KONUSUNDA YAPILAN \u00c7ALI\u015eMALAR HER \u015eEY\u0130N \u00d6TES\u0130NDE<\/strong><\/p>\n<p>\u0130neg\u00f6l Belediye Ba\u015fkan\u0131 Alper Taban ise \u00e7ok de\u011ferli bir toplant\u0131ya ev sahipli\u011fi yapt\u0131klar\u0131n\u0131 s\u00f6yledi. \u0130neg\u00f6l\u2019de \u015fehir ad\u0131na at\u0131lan her ad\u0131m\u0131n \u00f6nemli oldu\u011funu ancak \u00f6zellikle afetler konusunda yap\u0131lan \u00e7al\u0131\u015fmalar\u0131n her \u015feyin \u00f6tesinde oldu\u011funu kaydeden Ba\u015fkan Taban, \u201c\u00d6ncelikle kendimizi, \u00fczerine bast\u0131\u011f\u0131m\u0131z topra\u011f\u0131 tan\u0131mal\u0131y\u0131z. Ge\u00e7mi\u015fte de bu y\u00f6nde \u00e7al\u0131\u015fmalar, tespitler yap\u0131lm\u0131\u015f ancak bug\u00fcn bilim geli\u015fiyor. \u00c7ok de\u011ferli akademisyenlerimiz, \u00fcniversitelerimiz, meslek temsilcilerimiz var. Dolay\u0131s\u0131yla her ge\u00e7en g\u00fcn yeni bir \u015feyler bulunuyor. Bunlar da ge\u00e7mi\u015fte yap\u0131lan \u00e7al\u0131\u015fmalar\u0131n \u00fczerinde yeniden de\u011ferlendirildi\u011finde belki daha h\u0131zl\u0131 mesafe almam\u0131z\u0131 sa\u011flayacak birtak\u0131m tespitler yapm\u0131\u015f oluyoruz. \u00dclke d\u00fczeyindeki planlar il d\u00fczeyine indirilmi\u015fti ve bug\u00fcn bak\u0131yoruz art\u0131k il\u00e7e d\u00fczeyinde planlar yap\u0131l\u0131yor. Bu \u00e7al\u0131\u015fmalarla hem devletimizle hem AFAD\u2019\u0131m\u0131zla gurur duyuyorum\u201d diye konu\u015ftu.<\/p>\n<p><strong>\u0130NEG\u00d6L\u2019\u00dcN AFET R\u0130SK PROF\u0130L\u0130 ELE ALINDI<\/strong><\/p>\n<p>\u0130neg\u00f6l Kaymakam\u0131 Eren Arslan da \u00e7al\u0131\u015ftayda kat\u0131l\u0131mc\u0131lara y\u00f6nelik bir konu\u015fma yapt\u0131. \u00c7ok k\u0131ymetli bir \u00e7al\u0131\u015fma i\u00e7in bir arada olduklar\u0131na de\u011finen Arslan, kat\u0131l\u0131mc\u0131lara ba\u015far\u0131lar diledi. A\u00e7\u0131l\u0131\u015f konu\u015fmalar\u0131 sonras\u0131 sunumlara ge\u00e7ildi. Konu\u015fmalarda; bilimsel veriye dayal\u0131 planlama, kurumlar aras\u0131 i\u015f birli\u011fi ve yerel \u00f6l\u00e7ekli risk analizlerinin \u00f6nemi \u00f6n plana \u00e7\u0131kt\u0131. \u00c7al\u0131\u015ftayda akademik sunumlarla \u0130neg\u00f6l\u2019\u00fcn afet risk profili ele al\u0131nd\u0131. \u00c7al\u0131\u015ftay\u0131n akademik ve teknik oturumlar\u0131nda ise alan\u0131nda uzman akademisyenler taraf\u0131ndan Bursa ve \u0130neg\u00f6l\u2019e ili\u015fkin afet riskleri bilimsel veriler \u0131\u015f\u0131\u011f\u0131nda de\u011ferlendirildi. \u00d6\u011fleden sonra ise tematik masa \u00e7al\u0131\u015fmalar\u0131na ge\u00e7ildi. \u00c7al\u0131\u015ftay g\u00fcn boyu devam etti.<\/p>\n<p>\u00a0<\/p>\n<p>\u00a0<\/p>\n<p>Kaynak: (BYZHA) Beyaz Haber Ajans\u0131<\/p>\n","protected":false},"excerpt":{"rendered":"<p>AFAD Bursa \u0130l M\u00fcd\u00fcrl\u00fc\u011f\u00fc koordinasyonunda d\u00fczenlenen \u0130l\u00e7e Odakl\u0131 Afet Risk Azaltma \u00c7al\u0131\u015ftaylar\u0131n\u0131n ikinci dura\u011f\u0131 \u0130neg\u00f6l oldu.<\/p>\n","protected":false},"author":1,"featured_media":14163,"comment_status":"open","ping_status":"open","sticky":false,"template":"","format":"standard","meta":{"footnotes":""},"categories":[20],"tags":[],"class_list":["post-14162","post","type-post","status-publish","format-standard","has-post-thumbnail","hentry","category-gundem"],"_links":{"self":[{"href":"https:\/\/akdenizolay.com.tr\/index.php\/wp-json\/wp\/v2\/posts\/14162","targetHints":{"allow":["GET"]}}],"collection":[{"href":"https:\/\/akdenizolay.com.tr\/index.php\/wp-json\/wp\/v2\/posts"}],"about":[{"href":"https:\/\/akdenizolay.com.tr\/index.php\/wp-json\/wp\/v2\/types\/post"}],"author":[{"embeddable":true,"href":"https:\/\/akdenizolay.com.tr\/index.php\/wp-json\/wp\/v2\/users\/1"}],"replies":[{"embeddable":true,"href":"https:\/\/akdenizolay.com.tr\/index.php\/wp-json\/wp\/v2\/comments?post=14162"}],"version-history":[{"count":1,"href":"https:\/\/akdenizolay.com.tr\/index.php\/wp-json\/wp\/v2\/posts\/14162\/revisions"}],"predecessor-version":[{"id":14164,"href":"https:\/\/akdenizolay.com.tr\/index.php\/wp-json\/wp\/v2\/posts\/14162\/revisions\/14164"}],"wp:featuredmedia":[{"embeddable":true,"href":"https:\/\/akdenizolay.com.tr\/index.php\/wp-json\/wp\/v2\/media\/14163"}],"wp:attachment":[{"href":"https:\/\/akdenizolay.com.tr\/index.php\/wp-json\/wp\/v2\/media?parent=14162"}],"wp:term":[{"taxonomy":"category","embeddable":true,"href":"https:\/\/akdenizolay.com.tr\/index.php\/wp-json\/wp\/v2\/categories?post=14162"},{"taxonomy":"post_tag","embeddable":true,"href":"https:\/\/akdenizolay.com.tr\/index.php\/wp-json\/wp\/v2\/tags?post=14162"}],"curies":[{"name":"wp","href":"https:\/\/api.w.org\/{rel}","templated":true}]}}