{"id":14165,"date":"2026-04-30T10:08:39","date_gmt":"2026-04-30T10:08:39","guid":{"rendered":"https:\/\/akdenizolay.com.tr\/index.php\/2026\/04\/30\/dikilide-7den-70e-dans-soleni-baskan-kirgozden-yeni-sanat-merkezi-mujdesi\/"},"modified":"2026-04-30T10:08:40","modified_gmt":"2026-04-30T10:08:40","slug":"dikilide-7den-70e-dans-soleni-baskan-kirgozden-yeni-sanat-merkezi-mujdesi","status":"publish","type":"post","link":"https:\/\/akdenizolay.com.tr\/index.php\/2026\/04\/30\/dikilide-7den-70e-dans-soleni-baskan-kirgozden-yeni-sanat-merkezi-mujdesi\/","title":{"rendered":"Dikili\u2019de 7\u2019den 70\u2019e dans \u015f\u00f6leni: Ba\u015fkan K\u0131rg\u00f6z\u2019den yeni sanat merkezi m\u00fcjdesi"},"content":{"rendered":"<p> Dikili Belediyesi taraf\u0131ndan bu y\u0131l ikincisi d\u00fczenlenen 29 Nisan D\u00fcnya Dans G\u00fcn\u00fc etkinlikleri, her ya\u015ftan kursiyerin sahne ald\u0131\u011f\u0131 g\u00f6rsel bir \u015f\u00f6lene d\u00f6n\u00fc\u015ft\u00fc. Dikili sokaklar\u0131n\u0131n dans ve e\u011flenceyle doldu\u011fu gecede, vatanda\u015flara yeni bir sanat merkezinin m\u00fcjdesini de veren Belediye Ba\u015fkan\u0131 Adil K\u0131rg\u00f6z, \u201cBelediyemiz envanterindeki bir binay\u0131, her bran\u015ftan sanat\u0131n kalbinin ataca\u011f\u0131 modern bir merkeze d\u00f6n\u00fc\u015ft\u00fcr\u00fcyoruz\u201d dedi.<\/p>\n<p>Dikili\u2019de bu y\u0131l ikincisi d\u00fczenlenen; sanat\u0131n ve ritmin bulu\u015ftu\u011fu 29 Nisan D\u00fcnya Dans G\u00fcn\u00fc kutlamalar\u0131 b\u00fcy\u00fck bir co\u015fkuyla ger\u00e7ekle\u015ftirildi. B\u00fclent Ecevit Meydan\u0131\u2019ndan kortej ile ba\u015flayan gece, Atat\u00fcrk Meydan\u0131\u2019nda kurulan sahnede son buldu. Belediye Ba\u015fkan\u0131 Adil K\u0131rg\u00f6z\u2019\u00fcn e\u015fi Nesrin Han\u0131m ile birlikte kortejin en \u00f6n\u00fcnde yer ald\u0131\u011f\u0131 co\u015fkulu y\u00fcr\u00fcy\u00fc\u015fe; meclis \u00fcyeleri ve \u00e7ok say\u0131da vatanda\u015f e\u015flik etti. Belediye b\u00fcnyesinde e\u011fitim alan 7\u2019den 70\u2019e her ya\u015f grubundan kursiyerin haz\u0131rlad\u0131\u011f\u0131 20 farkl\u0131 g\u00f6steri izleyicilerden tam not al\u0131rken; sahnedeki enerji, Dikili\u2019nin bir arada olma k\u00fclt\u00fcr\u00fcn\u00fc ve sanat\u0131n birle\u015ftirici g\u00fcc\u00fcn\u00fc bir kez daha g\u00f6zler \u00f6n\u00fcne serdi.<\/p>\n<p>\u201cSANAT, B\u0130R KENT\u0130N RUHUNU BESLER\u201d<\/p>\n<p>A\u00e7\u0131l\u0131\u015f konu\u015fmas\u0131nda sanat\u0131n toplumlar i\u00e7in hayati \u00f6nemine de\u011finen K\u0131rg\u00f6z, belediyecilik anlay\u0131\u015flar\u0131n\u0131 Atat\u00fcrk\u2019\u00fcn sanat vizyonuyla harmanlad\u0131klar\u0131n\u0131 \u015fu s\u00f6zlerle ifade etti: \u201cB\u00fcy\u00fck \u00d6nderimiz Gazi Mustafa Kemal Atat\u00fcrk\u2019\u00fcn ifade etti\u011fi gibi, \u2018Sanats\u0131z kalan bir milletin ya\u015fam damarlar\u0131ndan biri kopmu\u015f demektir.\u2019 Bizler de bu anlay\u0131\u015fla Dikili\u2019de ya\u015fam\u0131 sadece kolayla\u015ft\u0131ran de\u011fil, ayn\u0131 zamanda sanatla g\u00fczelle\u015ftiren bir vizyon s\u00fcrd\u00fcr\u00fcyoruz. Bu ak\u015fam sahnede g\u00f6rd\u00fc\u011f\u00fcm\u00fcz o e\u015fsiz heyecan; bir \u00e7ocu\u011fun ne\u015fesi, bir gencin tutkusu ve y\u0131llar\u0131n biriktirdi\u011fi zarif bir ifadedir. \u00c7\u00fcnk\u00fc biliyoruz ki sanat, bir kentin ruhunu besleyen en \u00f6nemli kanallardan biridir.\u201d<\/p>\n<p>D\u0130K\u0130L\u0130\u2019YE \u00c7OK AMA\u00c7LI YEN\u0130 SANAT MERKEZ\u0130<\/p>\n<p>Gecenin en heyecan verici haberini k\u00fcrs\u00fcden payla\u015fan K\u0131rg\u00f6z, belediyenin kendi m\u00fclk\u00fc olan bir binan\u0131n sanata tahsis edilece\u011fi m\u00fcjdesini \u015fu s\u00f6zlerle duyurdu: \u201cSizlere buradan g\u00fczel bir haber vermek istiyorum. \u00c7ok yak\u0131nda, belediyemizin envanterinde yer alan bir binam\u0131z\u0131 d\u00f6n\u00fc\u015ft\u00fcrerek il\u00e7emize yeni bir hizmet ve sanat merkezi kazand\u0131r\u0131yoruz. Bu merkezimizin bir b\u00f6l\u00fcm\u00fcnde seramik ve \u00e7ini gibi el sanatlar\u0131 at\u00f6lyeleri yer al\u0131rken; di\u011fer taraf\u0131 dans, halk oyunlar\u0131 ve tiyatro \u00e7al\u0131\u015fmalar\u0131n\u0131n yap\u0131laca\u011f\u0131 geni\u015f, modern salonlardan olu\u015facak. \u00c7ocuklar\u0131m\u0131z, gen\u00e7lerimiz ve kad\u0131nlar \u00e7ok daha konforlu bir alanda sanatla bulu\u015fma imkan\u0131 bulacak.\u201d<\/p>\n<p>DAYANI\u015eMA VE SOSYAL BELED\u0130YEC\u0130L\u0130K VURGUSU<\/p>\n<p>Hizmet anlay\u0131\u015flar\u0131n\u0131 \u201ckimseyi geride b\u0131rakmama\u201d ilkesiyle y\u00fcr\u00fctt\u00fcklerini hat\u0131rlatan K\u0131rg\u00f6z, sosyal ve toplumcu belediyecilik projeleriyle hayat\u0131n her alan\u0131na dokunduklar\u0131n\u0131 belirtti. Dikili\u2019nin en b\u00fcy\u00fck zenginli\u011finin; birbiriyle kucakla\u015fan ve sevgiyle ba\u011flanan insanlar\u0131 oldu\u011funu vurgulayan K\u0131rg\u00f6z, \u201cSosyal marketimiz arac\u0131l\u0131\u011f\u0131yla darda olan her bir kom\u015fumuzun elinden tutmaya, dayan\u0131\u015fman\u0131n s\u0131cakl\u0131\u011f\u0131n\u0131 t\u00fcm hanelerimize ta\u015f\u0131maya kararl\u0131y\u0131z. Biz b\u00fcy\u00fck bir aileyiz ve bu ailede hi\u00e7 kimsenin kendini yaln\u0131z, kimsesiz hissetmesine izin vermeyece\u011fiz. \u0130yili\u011fi ve payla\u015f\u0131m\u0131 b\u00fcy\u00fcterek her bir hem\u015ferimizin y\u00fcz\u00fcndeki g\u00fcl\u00fcmseme olmaya devam edece\u011fiz\u201d dedi.<\/p>\n<p>29 Nisan D\u00fcnya Dans G\u00fcn\u00fc kapsam\u0131nda emek veren t\u00fcm e\u011fitmenlere, teknik ekibe ve performans sergileyen kursiyerlere te\u015fekk\u00fcr eden Ba\u015fkan K\u0131rg\u00f6z, s\u00f6zlerini \u015f\u00f6yle tamamlad\u0131: \u201cBu ak\u015fam burada birlikte \u00fcretmenin ne kadar de\u011ferli oldu\u011funu bir kez daha g\u00f6rece\u011fiz. Birazdan sahne alacak olan her bir evlad\u0131m\u0131za, her bir dans\u00e7\u0131m\u0131za y\u00fcrekten te\u015fekk\u00fcr ediyorum. Onlar\u0131n cesareti ve eme\u011fi hepimize ilham veriyor. D\u00fcnya Dans G\u00fcn\u00fcm\u00fcz kutlu olsun.\u201d<\/p>\n<p>Kaynak: (BYZHA) Beyaz Haber Ajans\u0131<\/p>\n","protected":false},"excerpt":{"rendered":"<p>Dikili Belediyesi taraf\u0131ndan bu y\u0131l ikincisi d\u00fczenlenen 29 Nisan D\u00fcnya Dans G\u00fcn\u00fc etkinlikleri, her ya\u015ftan kursiyerin sahne ald\u0131\u011f\u0131 g\u00f6rsel bir \u015f\u00f6lene d\u00f6n\u00fc\u015ft\u00fc.<\/p>\n","protected":false},"author":1,"featured_media":14166,"comment_status":"open","ping_status":"open","sticky":false,"template":"","format":"standard","meta":{"footnotes":""},"categories":[24],"tags":[],"class_list":["post-14165","post","type-post","status-publish","format-standard","has-post-thumbnail","hentry","category-kultur-sanat"],"_links":{"self":[{"href":"https:\/\/akdenizolay.com.tr\/index.php\/wp-json\/wp\/v2\/posts\/14165","targetHints":{"allow":["GET"]}}],"collection":[{"href":"https:\/\/akdenizolay.com.tr\/index.php\/wp-json\/wp\/v2\/posts"}],"about":[{"href":"https:\/\/akdenizolay.com.tr\/index.php\/wp-json\/wp\/v2\/types\/post"}],"author":[{"embeddable":true,"href":"https:\/\/akdenizolay.com.tr\/index.php\/wp-json\/wp\/v2\/users\/1"}],"replies":[{"embeddable":true,"href":"https:\/\/akdenizolay.com.tr\/index.php\/wp-json\/wp\/v2\/comments?post=14165"}],"version-history":[{"count":1,"href":"https:\/\/akdenizolay.com.tr\/index.php\/wp-json\/wp\/v2\/posts\/14165\/revisions"}],"predecessor-version":[{"id":14167,"href":"https:\/\/akdenizolay.com.tr\/index.php\/wp-json\/wp\/v2\/posts\/14165\/revisions\/14167"}],"wp:featuredmedia":[{"embeddable":true,"href":"https:\/\/akdenizolay.com.tr\/index.php\/wp-json\/wp\/v2\/media\/14166"}],"wp:attachment":[{"href":"https:\/\/akdenizolay.com.tr\/index.php\/wp-json\/wp\/v2\/media?parent=14165"}],"wp:term":[{"taxonomy":"category","embeddable":true,"href":"https:\/\/akdenizolay.com.tr\/index.php\/wp-json\/wp\/v2\/categories?post=14165"},{"taxonomy":"post_tag","embeddable":true,"href":"https:\/\/akdenizolay.com.tr\/index.php\/wp-json\/wp\/v2\/tags?post=14165"}],"curies":[{"name":"wp","href":"https:\/\/api.w.org\/{rel}","templated":true}]}}