{"id":14177,"date":"2026-04-30T10:18:32","date_gmt":"2026-04-30T10:18:32","guid":{"rendered":"https:\/\/akdenizolay.com.tr\/index.php\/2026\/04\/30\/buyukakin-ile-talus-gebzede-is-insanlariyla-bulustu\/"},"modified":"2026-04-30T10:18:33","modified_gmt":"2026-04-30T10:18:33","slug":"buyukakin-ile-talus-gebzede-is-insanlariyla-bulustu","status":"publish","type":"post","link":"https:\/\/akdenizolay.com.tr\/index.php\/2026\/04\/30\/buyukakin-ile-talus-gebzede-is-insanlariyla-bulustu\/","title":{"rendered":"B\u00fcy\u00fckak\u0131n ile Talus, Gebze\u2019de i\u015f insanlar\u0131yla bulu\u015ftu"},"content":{"rendered":"<p> Kocaeli B\u00fcy\u00fck\u015fehir Belediye Ba\u015fkan\u0131 Tahir B\u00fcy\u00fckak\u0131n ve AK Parti Kocaeli \u0130l Ba\u015fkan\u0131 \u015eahin Talus, Gebze Ticaret ve \u0130\u015f Geli\u015ftirme Platformu \u00fcyeleri ile bir araya geldi. Ziyarette Gebze\u2019de ticaretin geli\u015ftirilmesine y\u00f6nelik fikir al\u0131\u015fveri\u015finde bulunuldu.<\/p>\n<p>Kocaeli B\u00fcy\u00fck\u015fehir Belediye Ba\u015fkan\u0131 Tahir B\u00fcy\u00fckak\u0131n ve AK Parti Kocaeli \u0130l Ba\u015fkan\u0131 \u015eahin Talus; Gebze\u2019de i\u015f d\u00fcnyas\u0131n\u0131n nabz\u0131n\u0131 tuttu. Ba\u015fkanlar B\u00fcy\u00fckak\u0131n ve Talus, Gebze Ticaret ve \u0130\u015f Geli\u015ftirme Platformu\u2019nu (GET\u0130P) ziyaret etti. Ziyarette AK Parti Gebze \u0130l\u00e7e Ba\u015fkan\u0131 Recep Kaya, Gebze Belediye Ba\u015fkan Yard\u0131mc\u0131s\u0131 Mahmut Yand\u0131k ve Kocaeli B\u00fcy\u00fck\u015fehir Belediyesi Gebze B\u00f6lge Koordinat\u00f6r\u00fc \u0130brahim Pehlivan da haz\u0131r bulundu.<\/p>\n<p><b>YEN\u0130 BA\u015eKANI TEBR\u0130K ETT\u0130LER<\/b><\/p>\n<p>Kocaeli B\u00fcy\u00fck\u015fehir Belediye Ba\u015fkan\u0131 Tahir B\u00fcy\u00fckak\u0131n ve AK Parti Kocaeli \u0130l Ba\u015fkan\u0131 \u015eahin Talus, yeniden GET\u0130P Ba\u015fkanl\u0131\u011f\u0131\u2019na se\u00e7ilen Sevim Ayd\u0131n ve y\u00f6netimine hay\u0131rl\u0131 olsun dileklerini iletirken, \u00e7al\u0131\u015fmalar\u0131nda ba\u015far\u0131lar diledi. Gebze\u2019de ticaretin geli\u015ftirilmesine y\u00f6nelik projelerle ilgili fikir al\u0131\u015fveri\u015finde bulunulurken, Sevim Ayd\u0131n ziyaretten dolay\u0131 Ba\u015fkanlar B\u00fcy\u00fckak\u0131n ve Talus\u2019a te\u015fekk\u00fcrlerini sundu.<\/p>\n<p>\u00a0<\/p>\n<p>Kaynak: (BYZHA) Beyaz Haber Ajans\u0131<\/p>\n","protected":false},"excerpt":{"rendered":"<p>Kocaeli B\u00fcy\u00fck\u015fehir Belediye Ba\u015fkan\u0131 Tahir B\u00fcy\u00fckak\u0131n ve AK Parti Kocaeli \u0130l Ba\u015fkan\u0131 \u015eahin Talus, Gebze Ticaret ve \u0130\u015f Geli\u015ftirme Platformu \u00fcyeleri ile bir araya geldi.<\/p>\n","protected":false},"author":1,"featured_media":14178,"comment_status":"open","ping_status":"open","sticky":false,"template":"","format":"standard","meta":{"footnotes":""},"categories":[20],"tags":[],"class_list":["post-14177","post","type-post","status-publish","format-standard","has-post-thumbnail","hentry","category-gundem"],"_links":{"self":[{"href":"https:\/\/akdenizolay.com.tr\/index.php\/wp-json\/wp\/v2\/posts\/14177","targetHints":{"allow":["GET"]}}],"collection":[{"href":"https:\/\/akdenizolay.com.tr\/index.php\/wp-json\/wp\/v2\/posts"}],"about":[{"href":"https:\/\/akdenizolay.com.tr\/index.php\/wp-json\/wp\/v2\/types\/post"}],"author":[{"embeddable":true,"href":"https:\/\/akdenizolay.com.tr\/index.php\/wp-json\/wp\/v2\/users\/1"}],"replies":[{"embeddable":true,"href":"https:\/\/akdenizolay.com.tr\/index.php\/wp-json\/wp\/v2\/comments?post=14177"}],"version-history":[{"count":1,"href":"https:\/\/akdenizolay.com.tr\/index.php\/wp-json\/wp\/v2\/posts\/14177\/revisions"}],"predecessor-version":[{"id":14179,"href":"https:\/\/akdenizolay.com.tr\/index.php\/wp-json\/wp\/v2\/posts\/14177\/revisions\/14179"}],"wp:featuredmedia":[{"embeddable":true,"href":"https:\/\/akdenizolay.com.tr\/index.php\/wp-json\/wp\/v2\/media\/14178"}],"wp:attachment":[{"href":"https:\/\/akdenizolay.com.tr\/index.php\/wp-json\/wp\/v2\/media?parent=14177"}],"wp:term":[{"taxonomy":"category","embeddable":true,"href":"https:\/\/akdenizolay.com.tr\/index.php\/wp-json\/wp\/v2\/categories?post=14177"},{"taxonomy":"post_tag","embeddable":true,"href":"https:\/\/akdenizolay.com.tr\/index.php\/wp-json\/wp\/v2\/tags?post=14177"}],"curies":[{"name":"wp","href":"https:\/\/api.w.org\/{rel}","templated":true}]}}