{"id":14183,"date":"2026-04-30T10:18:43","date_gmt":"2026-04-30T10:18:43","guid":{"rendered":"https:\/\/akdenizolay.com.tr\/index.php\/2026\/04\/30\/prof-dr-murat-yalcintas-yeni-altayin-bilinmeyen-hikayesi-kitabini-universiteliler-icin-imzaladi\/"},"modified":"2026-04-30T10:18:44","modified_gmt":"2026-04-30T10:18:44","slug":"prof-dr-murat-yalcintas-yeni-altayin-bilinmeyen-hikayesi-kitabini-universiteliler-icin-imzaladi","status":"publish","type":"post","link":"https:\/\/akdenizolay.com.tr\/index.php\/2026\/04\/30\/prof-dr-murat-yalcintas-yeni-altayin-bilinmeyen-hikayesi-kitabini-universiteliler-icin-imzaladi\/","title":{"rendered":"Prof. Dr. Murat Yal\u00e7\u0131nta\u015f, \u201cYeni Altay\u2019\u0131n Bilinmeyen Hikayesi\u201d kitab\u0131n\u0131 \u00fcniversiteliler i\u00e7in imzalad\u0131"},"content":{"rendered":"<p> OYAK Genel M\u00fcd\u00fcr\u00fc Prof. Dr. Murat Yal\u00e7\u0131nta\u015f, \u0130skenderun Teknik \u00dcniversitesi\u2019nde d\u00fczenlenen etkinlikte \u00f6\u011frencilerle bulu\u015ftu.<\/p>\n<p>\u201cKariyer Yolculu\u011fum ve \u00d6\u011frendiklerim\u201d ba\u015fl\u0131kl\u0131 programda gen\u00e7lerle bir araya gelen Yal\u00e7\u0131nta\u015f, profesyonel ya\u015fam\u0131ndaki tecr\u00fcbelerini, y\u00f6neticilik anlay\u0131\u015f\u0131n\u0131, savunma sanayiindeki stratejik d\u00f6n\u00fc\u015f\u00fcm\u00fc ve T\u00fcrkiye\u2019nin yerli-milli \u00fcretim vizyonunu anlatt\u0131.<\/p>\n<p>Konu\u015fmas\u0131nda T\u00fcrkiye\u2019nin savunma sanayiinde ba\u011f\u0131ms\u0131zl\u0131k hedefi do\u011frultusunda y\u00fcr\u00fct\u00fclen projelerin \u00f6nemine dikkat \u00e7eken Yal\u00e7\u0131nta\u015f, Altay Ana Muharebe Tank\u0131 Projesi\u2019nin geli\u015fim s\u00fcrecine ve bu s\u00fcre\u00e7te kar\u015f\u0131la\u015f\u0131lan kritik a\u015famalara ili\u015fkin de\u011ferlendirmelerde bulundu.<\/p>\n<p>Yal\u00e7\u0131nta\u015f, \u201cAltay\u2019\u0131n hikayesi, T\u00fcrk ordusunun tank yapma hikayesi. 2000 y\u0131l\u0131ndan ba\u015fl\u0131yor. 26 y\u0131l s\u00fcren, bir\u00e7ok defa durma noktas\u0131na gelen bir m\u00fccadele. T\u00fcrkiye o anlamda vazge\u00e7seydi, dursayd\u0131; ne Altay tank\u0131, ne \u0130HA\u2019lar ne de gemiler olacakt\u0131.\u201d ifadelerini kulland\u0131.<\/p>\n<p>T\u00fcrkiye\u2019nin ge\u00e7mi\u015fte savunma sanayii alan\u0131nda d\u0131\u015fa ba\u011f\u0131ml\u0131 bir yap\u0131 i\u00e7erisinde bulundu\u011funu belirten Yal\u00e7\u0131nta\u015f, \u201c1974 y\u0131l\u0131na kadar T\u00fcrkiye, t\u00fcm savunma sanayi ihtiya\u00e7lar\u0131n\u0131 ithal ediyordu. Gemisini, u\u00e7a\u011f\u0131n\u0131, tank\u0131n\u0131 ABD, Almanya ve ba\u015fka \u00fclkelerden sat\u0131n al\u0131yordu. \u2018Biz NATO \u00fcyesiyiz, bize her zaman destek olurlar\u2019 deniliyordu. K\u0131br\u0131s Bar\u0131\u015f Harekat\u0131 olunca, m\u00fcttefik sand\u0131\u011f\u0131m\u0131z herkes her t\u00fcrl\u00fc deste\u011fi an\u0131nda kesti.\u201d dedi.<\/p>\n<p>Uluslararas\u0131 ili\u015fkilerde stratejik \u00e7\u0131karlar\u0131n belirleyici oldu\u011funu ifade eden Yal\u00e7\u0131nta\u015f, \u201c\u00dclkelerin daimi dostu yoktur. \u00dclkelerin sadece stratejik ortaklar\u0131 vard\u0131r.\u201d de\u011ferlendirmesinde bulundu.<\/p>\n<p>T\u00fcrkiye\u2019nin savunma sanayiinde kendi kapasitesini olu\u015fturma kararl\u0131l\u0131\u011f\u0131n\u0131n bu s\u00fcre\u00e7te \u015fekillendi\u011fini belirten Yal\u00e7\u0131nta\u015f, \u201cBiz T\u00fcrkiye olarak kendi i\u015fimizi kendimiz yapal\u0131m dedik. ASELSAN, HAVELSAN, TUSA\u015e o zaman ba\u015flad\u0131.\u201d ifadelerini kulland\u0131.<\/p>\n<p>Altay Projesi\u2019nde seri \u00fcretim a\u015famas\u0131nda ya\u015fanan motor krizine de de\u011finen Yal\u00e7\u0131nta\u015f, \u201cOtokar firmas\u0131 ilk denemesini yaparken motoru Almanya\u2019dan ald\u0131. Seri \u00fcretimde de oradan al\u0131naca\u011f\u0131 s\u00f6ylendi. Ancak seri \u00fcretim safhas\u0131na gelindi\u011finde \u2018Biz size motor vermeyiz\u2019 dediler. B\u00fct\u00fcn \u00e7al\u0131\u015fmalar bir anda s\u0131f\u0131ra indi.\u201d dedi.<\/p>\n<p>Savunma sanayiinde ba\u011f\u0131ms\u0131zl\u0131\u011f\u0131n \u00f6nemine dikkat \u00e7eken Yal\u00e7\u0131nta\u015f, \u201cStratejik anlamda, savunma alan\u0131nda \u00fclkelerin kendi kendine yeterli olmas\u0131 \u015fartt\u0131r.\u201d diye konu\u015ftu.<\/p>\n<p>Gen\u00e7lere kariyer planlamas\u0131 konusunda da tavsiyelerde bulunan Yal\u00e7\u0131nta\u015f, b\u00fcy\u00fck hedefler do\u011frultusunda \u00e7al\u0131\u015fman\u0131n \u00f6nemini vurgulad\u0131.<\/p>\n<p>Program sonunda \u00f6\u011frencilerin sorular\u0131n\u0131 yan\u0131tlayan Prof. Dr. Murat Yal\u00e7\u0131nta\u015f, \u201cYeni Altay\u2019\u0131n Bilinmeyen Hikayesi\u201d kitab\u0131n\u0131 \u00fcniversiteliler i\u00e7in imzalad\u0131.<\/p>\n<p>Turkuvaz Kitap etiketiyle yay\u0131mlanan eser, Altay Ana Muharebe Tank\u0131 Projesi\u2019nin kamuoyunda \u00e7ok fazla bilinmeyen a\u015famalar\u0131n\u0131 ve T\u00fcrkiye\u2019nin savunma sanayiindeki ba\u011f\u0131ms\u0131zl\u0131k yolculu\u011funu ele al\u0131yor<\/p>\n<p>\u00a0<\/p>\n<p>\u00a0<\/p>\n<p>Kaynak: (BYZHA) Beyaz Haber Ajans\u0131<\/p>\n","protected":false},"excerpt":{"rendered":"<p>OYAK Genel M\u00fcd\u00fcr\u00fc Prof.<\/p>\n","protected":false},"author":1,"featured_media":14184,"comment_status":"open","ping_status":"open","sticky":false,"template":"","format":"standard","meta":{"footnotes":""},"categories":[24],"tags":[],"class_list":["post-14183","post","type-post","status-publish","format-standard","has-post-thumbnail","hentry","category-kultur-sanat"],"_links":{"self":[{"href":"https:\/\/akdenizolay.com.tr\/index.php\/wp-json\/wp\/v2\/posts\/14183","targetHints":{"allow":["GET"]}}],"collection":[{"href":"https:\/\/akdenizolay.com.tr\/index.php\/wp-json\/wp\/v2\/posts"}],"about":[{"href":"https:\/\/akdenizolay.com.tr\/index.php\/wp-json\/wp\/v2\/types\/post"}],"author":[{"embeddable":true,"href":"https:\/\/akdenizolay.com.tr\/index.php\/wp-json\/wp\/v2\/users\/1"}],"replies":[{"embeddable":true,"href":"https:\/\/akdenizolay.com.tr\/index.php\/wp-json\/wp\/v2\/comments?post=14183"}],"version-history":[{"count":1,"href":"https:\/\/akdenizolay.com.tr\/index.php\/wp-json\/wp\/v2\/posts\/14183\/revisions"}],"predecessor-version":[{"id":14185,"href":"https:\/\/akdenizolay.com.tr\/index.php\/wp-json\/wp\/v2\/posts\/14183\/revisions\/14185"}],"wp:featuredmedia":[{"embeddable":true,"href":"https:\/\/akdenizolay.com.tr\/index.php\/wp-json\/wp\/v2\/media\/14184"}],"wp:attachment":[{"href":"https:\/\/akdenizolay.com.tr\/index.php\/wp-json\/wp\/v2\/media?parent=14183"}],"wp:term":[{"taxonomy":"category","embeddable":true,"href":"https:\/\/akdenizolay.com.tr\/index.php\/wp-json\/wp\/v2\/categories?post=14183"},{"taxonomy":"post_tag","embeddable":true,"href":"https:\/\/akdenizolay.com.tr\/index.php\/wp-json\/wp\/v2\/tags?post=14183"}],"curies":[{"name":"wp","href":"https:\/\/api.w.org\/{rel}","templated":true}]}}