{"id":14186,"date":"2026-04-30T10:29:48","date_gmt":"2026-04-30T10:29:48","guid":{"rendered":"https:\/\/akdenizolay.com.tr\/index.php\/2026\/04\/30\/marmara-belediyeler-birligi-yeni-yonetimini-secti\/"},"modified":"2026-04-30T10:29:49","modified_gmt":"2026-04-30T10:29:49","slug":"marmara-belediyeler-birligi-yeni-yonetimini-secti","status":"publish","type":"post","link":"https:\/\/akdenizolay.com.tr\/index.php\/2026\/04\/30\/marmara-belediyeler-birligi-yeni-yonetimini-secti\/","title":{"rendered":"Marmara Belediyeler Birli\u011fi yeni y\u00f6netimini se\u00e7ti"},"content":{"rendered":"<p> Marmara Belediyeler Birli\u011fi, 2026 Y\u0131l\u0131 I. Ola\u011fan Meclis Toplant\u0131s\u0131\u2019n\u0131 \u0130stanbul\u2019da ger\u00e7ekle\u015ftirdi. Se\u00e7imlerin yap\u0131ld\u0131\u011f\u0131 toplant\u0131nda Bal\u0131kesir B\u00fcy\u00fck\u015fehir Belediye Ba\u015fkan\u0131 Ahmet Ak\u0131n ba\u015fkan olurken, Bak\u0131rk\u00f6y Belediye Ba\u015fkan\u0131 Do\u00e7. Dr. Ay\u015feg\u00fcl Oval\u0131o\u011flu da Enc\u00fcmen \u00fcyesi se\u00e7ildi.\u00a0 Toplant\u0131da ayr\u0131ca MBB enc\u00fcmen \u00fcyeleri, ba\u015fkanl\u0131k divan\u0131, denetim, plan ve b\u00fct\u00e7e ile ihtisas komisyon \u00fcyeleri de belirlendi.<\/p>\n<p>Sayg\u0131 duru\u015fu ve \u0130stiklal Mar\u015f\u0131 ile ba\u015flayan MBB 2026 Y\u0131l\u0131 1. Ola\u011fan Meclis Toplant\u0131s\u0131\u2019nda ba\u015fkanl\u0131k, enc\u00fcmen, ba\u015fkanl\u0131k divan\u0131 ve komisyon \u00fcyeleri se\u00e7imleri yap\u0131ld\u0131. Meclis Toplant\u0131s\u0131\u2019nda yap\u0131lan oylama sonucunda Marmara Belediyeler Birli\u011fi Ba\u015fkanl\u0131\u011f\u0131na, Bal\u0131kesir B\u00fcy\u00fck\u015fehir Belediye Ba\u015fkan\u0131 Ahmet Ak\u0131n se\u00e7ilirken Enc\u00fcmen \u00dcyeli\u011fine Bak\u0131rk\u00f6y Belediye Ba\u015fkan\u0131 Ay\u015feg\u00fcl Oval\u0131o\u011flu\u2019nun yan\u0131 s\u0131ra, Bilecik Belediye Ba\u015fkan\u0131 Melek M\u0131zrak Suba\u015f\u0131, Fatih Belediye Ba\u015fkan\u0131 M. Erg\u00fcn Turan, \u00c7orlu Belediye Ba\u015fkan\u0131 Ahmet Sar\u0131kurt, Gebze Belediye Ba\u015fkan\u0131 Zinnur B\u00fcy\u00fckg\u00f6z, Y\u0131ld\u0131r\u0131m Belediye Ba\u015fkan\u0131 Oktay Y\u0131lmaz ve Vize Belediye Ba\u015fkan\u0131 Ercan \u00d6zalp se\u00e7ildi.<\/p>\n<p>Yap\u0131lan se\u00e7imlerde Meclis 1. Ba\u015fkan Vekili \u00c7anakkale Belediye Ba\u015fkan\u0131 Muharrem Erkek, 2. Ba\u015fkan Vekili ise Pendik Belediye Ba\u015fkan\u0131 Ahmet Cin oldu. Toplant\u0131 g\u00fcndeminde yer alan 2025 Y\u0131l\u0131 Faaliyet Raporu, MBB Genel Sekreteri M. Cemil Arslan taraf\u0131ndan sunularak oy birli\u011fiyle kabul edildi. Toplant\u0131da konu\u015fma yapan \u0130stanbul B\u00fcy\u00fck\u015fehir Belediye Ba\u015fkan Vekili Nuri Aslan, Marmara Belediyeler Birli\u011finin siyaset \u00fcst\u00fc y\u00f6n\u00fcn\u00fc vurgulayarak daha fazla dayan\u0131\u015fma i\u00e7inde hep birlikte hareket etmeye ihtiya\u00e7 oldu\u011funu belirtti. Tuzla Belediyesi Meclis \u00dcyesi \u00dclk\u00fc \u0130nanl\u0131 da Ekrem \u0130mamo\u011flu&#8217;nun mektubunu okudu.<\/p>\n<p>Toplant\u0131n\u0131n ard\u0131ndan yeni se\u00e7ilen enc\u00fcmen \u00fcyeleriyle ilk toplant\u0131 ger\u00e7ekle\u015ftirildi.<\/p>\n<p><b>BA\u015eKAN OVALIO\u011eLU\u2019NDAN DAYANI\u015eMA MESAJI<\/b><\/p>\n<p>Enc\u00fcmen \u00dcyesi se\u00e7ilen Bak\u0131rk\u00f6y Belediye Ba\u015fkan\u0131 Do\u00e7. Dr. Ay\u015feg\u00fcl Oval\u0131o\u011flu; \u201cYerel y\u00f6netimler olarak halk\u0131m\u0131za hizmet sorumlulu\u011fumuzun bilinciyle, dayan\u0131\u015fma i\u00e7erisinde \u00e7al\u0131\u015faca\u011f\u0131z. Destek veren t\u00fcm \u00fcyelerimize te\u015fekk\u00fcr ediyor, yeni se\u00e7ilen y\u00f6netimimize ba\u015far\u0131lar diliyorum.\u201d Dedi.<\/p>\n<p>\u00a0<\/p>\n<p>Kaynak: (BYZHA) Beyaz Haber Ajans\u0131<\/p>\n","protected":false},"excerpt":{"rendered":"<p>Marmara Belediyeler Birli\u011fi, 2026 Y\u0131l\u0131 I.<\/p>\n","protected":false},"author":1,"featured_media":14187,"comment_status":"open","ping_status":"open","sticky":false,"template":"","format":"standard","meta":{"footnotes":""},"categories":[20],"tags":[],"class_list":["post-14186","post","type-post","status-publish","format-standard","has-post-thumbnail","hentry","category-gundem"],"_links":{"self":[{"href":"https:\/\/akdenizolay.com.tr\/index.php\/wp-json\/wp\/v2\/posts\/14186","targetHints":{"allow":["GET"]}}],"collection":[{"href":"https:\/\/akdenizolay.com.tr\/index.php\/wp-json\/wp\/v2\/posts"}],"about":[{"href":"https:\/\/akdenizolay.com.tr\/index.php\/wp-json\/wp\/v2\/types\/post"}],"author":[{"embeddable":true,"href":"https:\/\/akdenizolay.com.tr\/index.php\/wp-json\/wp\/v2\/users\/1"}],"replies":[{"embeddable":true,"href":"https:\/\/akdenizolay.com.tr\/index.php\/wp-json\/wp\/v2\/comments?post=14186"}],"version-history":[{"count":1,"href":"https:\/\/akdenizolay.com.tr\/index.php\/wp-json\/wp\/v2\/posts\/14186\/revisions"}],"predecessor-version":[{"id":14188,"href":"https:\/\/akdenizolay.com.tr\/index.php\/wp-json\/wp\/v2\/posts\/14186\/revisions\/14188"}],"wp:featuredmedia":[{"embeddable":true,"href":"https:\/\/akdenizolay.com.tr\/index.php\/wp-json\/wp\/v2\/media\/14187"}],"wp:attachment":[{"href":"https:\/\/akdenizolay.com.tr\/index.php\/wp-json\/wp\/v2\/media?parent=14186"}],"wp:term":[{"taxonomy":"category","embeddable":true,"href":"https:\/\/akdenizolay.com.tr\/index.php\/wp-json\/wp\/v2\/categories?post=14186"},{"taxonomy":"post_tag","embeddable":true,"href":"https:\/\/akdenizolay.com.tr\/index.php\/wp-json\/wp\/v2\/tags?post=14186"}],"curies":[{"name":"wp","href":"https:\/\/api.w.org\/{rel}","templated":true}]}}