{"id":14201,"date":"2026-04-30T10:30:03","date_gmt":"2026-04-30T10:30:03","guid":{"rendered":"https:\/\/akdenizolay.com.tr\/index.php\/2026\/04\/30\/buyuksehir-ipek-bocegi-yetistiriciligini-yayginlastiriyor\/"},"modified":"2026-04-30T10:30:04","modified_gmt":"2026-04-30T10:30:04","slug":"buyuksehir-ipek-bocegi-yetistiriciligini-yayginlastiriyor","status":"publish","type":"post","link":"https:\/\/akdenizolay.com.tr\/index.php\/2026\/04\/30\/buyuksehir-ipek-bocegi-yetistiriciligini-yayginlastiriyor\/","title":{"rendered":"B\u00fcy\u00fck\u015fehir ipek b\u00f6ce\u011fi yeti\u015ftiricili\u011fini yayg\u0131nla\u015ft\u0131r\u0131yor"},"content":{"rendered":"<p> \u00a0<\/p>\n<p><span style=\"font-size:12pt\"><span style=\"font-family:Cambria,serif\">Antalya B\u00fcy\u00fck\u015fehir Belediyesi hem geleneksel ipek b\u00f6ce\u011fi yeti\u015ftiricili\u011fini ya\u015fatmak hem de k\u0131rsaldaki \u00fcreticilere yeni bir gelir kap\u0131s\u0131 olu\u015fturmak amac\u0131yla \u00e7al\u0131\u015fmalar\u0131na h\u0131z verdi. Korkuteli il\u00e7esinde ilk defa denenecek olan ipekb\u00f6cek\u00e7ili\u011fi i\u00e7in talepte bulunan \u00fcreticilere dut fidan\u0131 da\u011f\u0131t\u0131m\u0131 ve dikimi ger\u00e7ekle\u015ftirildi.<\/span><\/span><\/p>\n<p><span style=\"font-size:12pt\"><span style=\"font-family:Cambria,serif\">Antalya B\u00fcy\u00fck\u015fehir Belediyesi, yerelden kalk\u0131nma hedefi do\u011frultusunda tar\u0131msal \u00fcretimin artmas\u0131na y\u00f6nelik desteklerini s\u00fcrd\u00fcr\u00fcyor. Tar\u0131msal Hizmetler Dairesi Ba\u015fkanl\u0131\u011f\u0131 ve Koza Birlik Kooperatifi taraf\u0131ndan y\u00fcr\u00fct\u00fclen \u00e7al\u0131\u015fmalar kapsam\u0131nda \u00fcreticilere dut fidan\u0131 da\u011f\u0131t\u0131mlar\u0131 yap\u0131l\u0131yor. Son olarak Korkuteli il\u00e7esinde ipekb\u00f6cek\u00e7ili\u011fi yapmak i\u00e7in talepte bulunan \u00fcreticilere dut fidan\u0131 da\u011f\u0131t\u0131m\u0131 ger\u00e7ekle\u015ftirildi.<\/span><\/span><\/p>\n<p><span style=\"font-size:12pt\"><span style=\"font-family:Cambria,serif\">HEDEF \u0130PEKB\u00d6CEK\u00c7\u0130L\u0130\u011e\u0130N\u0130 ANTALYA GENEL\u0130NE YAYMAK<\/span><\/span><\/p>\n<p><span style=\"font-size:12pt\"><span style=\"font-family:Cambria,serif\">Antalya B\u00fcy\u00fck\u015fehir Belediyesi Tar\u0131msal Hizmetler Dairesi Ba\u015fkanl\u0131\u011f\u0131\u2019nda g\u00f6revli Ziraat M\u00fchendisi Fatma G\u00fcler Urkun, Korkuteli\u2019nin ilk kez ipekb\u00f6cek\u00e7ili\u011fi ile tan\u0131\u015faca\u011f\u0131n\u0131 belirterek,<\/span><\/span><\/p>\n<p><span style=\"font-size:12pt\"><span style=\"font-family:Cambria,serif\">\u201cUnutulan kozac\u0131l\u0131\u011f\u0131n, ipek b\u00f6ce\u011fi yeti\u015ftiricili\u011finin b\u00fct\u00fcn Antalya genelinde yeniden canlan\u0131p yayg\u0131nla\u015fmas\u0131n\u0131 hedefliyoruz. 2019 y\u0131l\u0131ndan itibaren talep eden \u00fcreticilere dut fidan\u0131 ve besleme kasas\u0131 da\u011f\u0131t\u0131yoruz. Alanya ve Gazipa\u015fa\u2019n\u0131n ard\u0131ndan art\u0131k bat\u0131 il\u00e7elerimize y\u00f6neldik ve ilk kez Korkuteli il\u00e7esi ipekb\u00f6cek\u00e7ili\u011fi ile tan\u0131\u015facak. \u00c7omakl\u0131 Mahallesi\u2019ndeki \u00fcreticilerimiz Mihriban ve Hasan \u00d6zkan ipek b\u00f6ce\u011fi \u00fcretiminin ba\u015flang\u0131c\u0131 olan dut bah\u00e7esi tesisi ile \u00fcretimin ilk ad\u0131m\u0131n\u0131 att\u0131\u201d diye konu\u015ftu. <\/span><\/span><\/p>\n<p><span style=\"font-size:12pt\"><span style=\"font-family:Cambria,serif\">DUT F\u0130DANI D\u0130K\u0130M\u0130 YAPILDI <\/span><\/span><\/p>\n<p><span style=\"font-size:12pt\"><span style=\"font-family:Cambria,serif\">\u0130pekb\u00f6cek\u00e7ili\u011fi i\u00e7in ilk dikimi yapan Mihriban \u00d6zkan ise \u201cE\u015fim emekli olduktan sonra \u015fehirde ya\u015fay\u0131p evde bo\u015f vakit ge\u00e7irmek istemedik. K\u00f6y\u00fcm\u00fczdeki bah\u00e7emizi de\u011ferlendirmek istedik. Tarlam\u0131za hangi \u00fcr\u00fcn\u00fc ekelim nas\u0131l de\u011ferlendirelim diye d\u00fc\u015f\u00fcn\u00fcrken, Antalya B\u00fcy\u00fck\u015fehir Belediyesi\u2019nin ipekb\u00f6ce\u011fi yeti\u015ftiricili\u011fi projesini \u00f6\u011frendik. E\u015fimle birlikte biz de bunu yapabiliriz diye harekete ge\u00e7tik ve B\u00fcy\u00fck\u015fehir Belediyesi\u2019ne ba\u015fvurduk. Yetkililer hemen bize destek oldu, ipekb\u00f6ce\u011fi ve yeti\u015ftiricili\u011fi hakk\u0131nda bilgilendirdiler ve dut fidan\u0131 sa\u011flad\u0131lar, bug\u00fcn de Ziraat M\u00fchendisleri bah\u00e7emize gelip bizimle fidan dikimi yapt\u0131k. \u0130n\u015fallah dikimlerimiz tutar ipek b\u00f6ce\u011fi yeti\u015ftiricili\u011fine ba\u015flar\u0131z. Hem hobi hem de k\u00fc\u00e7\u00fck bir gelir kap\u0131s\u0131 olabilir. Belki hem kendi k\u00f6y\u00fcm\u00fczdekilere hem de \u00e7evre k\u00f6ylerde ya\u015fayan \u00fcreticilere bir ilham veririz. Korkuteli\u2019de de ilk kez bizim ba\u015flatmam\u0131z heyecan veriyor\u201d dedi. <\/span><\/span><\/p>\n<p>\u00a0<\/p>\n<p>Kaynak: (BYZHA) Beyaz Haber Ajans\u0131<\/p>\n","protected":false},"excerpt":{"rendered":"<p>\u00a0    Antalya B\u00fcy\u00fck\u015fehir Belediyesi hem geleneksel ipek b\u00f6ce\u011fi yeti\u015ftiricili\u011fini ya\u015fatmak hem de k\u0131rsaldaki \u00fcreticilere yeni bir gelir kap\u0131s\u0131 olu\u015fturmak amac\u0131yla \u00e7al\u0131\u015fmalar\u0131na h\u0131z verdi.<\/p>\n","protected":false},"author":1,"featured_media":14202,"comment_status":"open","ping_status":"open","sticky":false,"template":"","format":"standard","meta":{"footnotes":""},"categories":[21],"tags":[],"class_list":["post-14201","post","type-post","status-publish","format-standard","has-post-thumbnail","hentry","category-ekonomi"],"_links":{"self":[{"href":"https:\/\/akdenizolay.com.tr\/index.php\/wp-json\/wp\/v2\/posts\/14201","targetHints":{"allow":["GET"]}}],"collection":[{"href":"https:\/\/akdenizolay.com.tr\/index.php\/wp-json\/wp\/v2\/posts"}],"about":[{"href":"https:\/\/akdenizolay.com.tr\/index.php\/wp-json\/wp\/v2\/types\/post"}],"author":[{"embeddable":true,"href":"https:\/\/akdenizolay.com.tr\/index.php\/wp-json\/wp\/v2\/users\/1"}],"replies":[{"embeddable":true,"href":"https:\/\/akdenizolay.com.tr\/index.php\/wp-json\/wp\/v2\/comments?post=14201"}],"version-history":[{"count":1,"href":"https:\/\/akdenizolay.com.tr\/index.php\/wp-json\/wp\/v2\/posts\/14201\/revisions"}],"predecessor-version":[{"id":14203,"href":"https:\/\/akdenizolay.com.tr\/index.php\/wp-json\/wp\/v2\/posts\/14201\/revisions\/14203"}],"wp:featuredmedia":[{"embeddable":true,"href":"https:\/\/akdenizolay.com.tr\/index.php\/wp-json\/wp\/v2\/media\/14202"}],"wp:attachment":[{"href":"https:\/\/akdenizolay.com.tr\/index.php\/wp-json\/wp\/v2\/media?parent=14201"}],"wp:term":[{"taxonomy":"category","embeddable":true,"href":"https:\/\/akdenizolay.com.tr\/index.php\/wp-json\/wp\/v2\/categories?post=14201"},{"taxonomy":"post_tag","embeddable":true,"href":"https:\/\/akdenizolay.com.tr\/index.php\/wp-json\/wp\/v2\/tags?post=14201"}],"curies":[{"name":"wp","href":"https:\/\/api.w.org\/{rel}","templated":true}]}}