{"id":14213,"date":"2026-04-30T10:41:21","date_gmt":"2026-04-30T10:41:21","guid":{"rendered":"https:\/\/akdenizolay.com.tr\/index.php\/2026\/04\/30\/konya-buyuksehirden-yenilenebilir-enerjide-dev-atilim-baskan-altay-ges-yatirimlarinda-turkiyede-birinci-siraya-yerlesmis-olduk\/"},"modified":"2026-04-30T10:41:22","modified_gmt":"2026-04-30T10:41:22","slug":"konya-buyuksehirden-yenilenebilir-enerjide-dev-atilim-baskan-altay-ges-yatirimlarinda-turkiyede-birinci-siraya-yerlesmis-olduk","status":"publish","type":"post","link":"https:\/\/akdenizolay.com.tr\/index.php\/2026\/04\/30\/konya-buyuksehirden-yenilenebilir-enerjide-dev-atilim-baskan-altay-ges-yatirimlarinda-turkiyede-birinci-siraya-yerlesmis-olduk\/","title":{"rendered":"Konya B\u00fcy\u00fck\u015fehir\u2019den Yenilenebilir Enerjide Dev At\u0131l\u0131m  Ba\u015fkan Altay: \u201cGES Yat\u0131r\u0131mlar\u0131nda T\u00fcrkiye\u2019de Birinci S\u0131raya Yerle\u015fmi\u015f Olduk\u201d"},"content":{"rendered":"\n<p data-asw-org-font-size=\"14\"><strong>\u00c7evre, \u015eehircilik ve \u0130klim De\u011fi\u015fikli\u011fi Bakanl\u0131\u011f\u0131 ile \u0130LBANK koordinasyonunda Konya B\u00fcy\u00fck\u015fehir Belediyesi taraf\u0131ndan hayata ge\u00e7irilecek, 70 MW g\u00fcc\u00fcndeki G\u00fcne\u015f Enerji Santrali projesinin i\u015f ba\u015flang\u0131\u00e7 program\u0131 ger\u00e7ekle\u015ftirildi. Konya B\u00fcy\u00fck\u015fehir Belediye Ba\u015fkan\u0131 U\u011fur \u0130brahim Altay, mevcutta Konya B\u00fcy\u00fck\u015fehir Belediyesi\u2019ne ait 35 MW&#8217;l\u0131k bir yenilenebilir enerji yat\u0131r\u0131m\u0131 oldu\u011funu an\u0131msatarak, \u201cBug\u00fcn hep birlikte 70 MW&#8217;l\u0131k KOSK\u0130 ve B\u00fcy\u00fck\u015fehir Belediyemizin bir GES yat\u0131r\u0131m\u0131n\u0131n daha panel koyma program\u0131n\u0131 ger\u00e7ekle\u015ftiriyoruz. B\u00f6ylece toplamda 105 MW&#8217;l\u0131k yenilenebilir enerji yat\u0131r\u0131m\u0131n\u0131 ger\u00e7ekle\u015ftirmi\u015f olaca\u011f\u0131z ki bu, T\u00fcrkiye&#8217;de belediyeler aras\u0131nda birinci s\u0131rada olmam\u0131z\u0131 sa\u011flayacak\u201d dedi. \u0130zni al\u0131nan, onaylanan ve finansman\u0131 \u00e7\u00f6z\u00fclen projelerle birlikte en yak\u0131n zamanda GES alan\u0131nda toplamda 150 MW\u2019l\u0131k bir g\u00fcce ula\u015facaklar\u0131n\u0131 da kaydeden Ba\u015fkan Altay, \u201cBu, t\u00fcm \u015fehirler aras\u0131nda a\u00e7\u0131k ara Konya&#8217;y\u0131 \u00f6ne \u00e7\u0131karan bir \u00e7al\u0131\u015fmad\u0131r. Elhamd\u00fclillah, bir kategoride daha T\u00fcrkiye&#8217;de birinci s\u0131raya yerle\u015fmi\u015f olduk\u201d dedi. \u0130\u015f ba\u015flang\u0131c\u0131 yap\u0131lan GES&#8217;in toplam maliyetinin 2,5 milyar lira oldu\u011funu kaydeden Ba\u015fkan Altay, \u201cBu projelerimizin hayata ge\u00e7mesinde deste\u011fini bizden esirgemeyen \u00c7evre, \u015eehircilik ve \u0130klim De\u011fi\u015fikli\u011fi Bakan\u0131m\u0131z Say\u0131n Murat Kurum&#8217;a, de\u011ferli \u0130LBANK Y\u00f6netimine ve D\u00fcnya Bankas\u0131 yetkililerine te\u015fekk\u00fcr ediyorum\u201d diye konu\u015ftu. Konya Valisi \u0130brahim Ak\u0131n, \u201cKurulacak 70 MW kapasiteli GES, Konya&#8217;m\u0131z\u0131n s\u00fcrd\u00fcr\u00fclebilir ve \u00e7evreye uyumlu gelecek in\u015fa etme iradesinin de somut bir \u00f6rne\u011fini te\u015fkil edecektir\u201d diyerek Ba\u015fkan Altay\u2019a ve eme\u011fi ge\u00e7enlere te\u015fekk\u00fcr etti.\u00a0<\/strong><\/p>\n<hr \/>\n<p data-asw-org-font-size=\"14\">\u00c7evre, \u015eehircilik ve \u0130klim De\u011fi\u015fikli\u011fi Bakanl\u0131\u011f\u0131 ile \u0130LBANK koordinasyonunda Konya B\u00fcy\u00fck\u015fehir Belediyesi taraf\u0131ndan hayata ge\u00e7irilecek 70 MW kapasiteli G\u00fcne\u015f Enerji Santrali (GES) projesinin i\u015f ba\u015flang\u0131\u00e7 program\u0131 yap\u0131ld\u0131.<\/p>\n<p data-asw-org-font-size=\"14\">Karatay Sara\u00e7o\u011flu Mahallesi\u2019nde hayata ge\u00e7ecek GES sahas\u0131nda d\u00fczenlenen programda konu\u015fan \u0130LBANK \u00dcstyap\u0131 Uygulama Dairesi Ba\u015fkan\u0131 Mesut Erg\u00fcl, projenin T\u00fcrkiye Kamu ve Belediye Yenilenebilir Enerji Projesi (PUMREP) kapsam\u0131ndaki en b\u00fcy\u00fck proje oldu\u011funu ifade ederek, Ba\u015fkan Altay\u2019a Konya\u2019ya b\u00f6yle k\u0131ymetli bir tesis kazand\u0131rd\u0131\u011f\u0131 i\u00e7in te\u015fekk\u00fcr etti.<\/p>\n<p data-asw-org-font-size=\"14\"><strong>\u201cB\u00dcY\u00dcK\u015eEH\u0130R BELED\u0130YES\u0130 OLARAK YEN\u0130LENEB\u0130L\u0130R ENERJ\u0130 KAYNAKLARINA \u00c7OK \u00d6NEML\u0130 YATIRIMLAR GER\u00c7EKLE\u015eT\u0130RD\u0130K\u201d<\/strong><\/p>\n<p data-asw-org-font-size=\"14\">Konya B\u00fcy\u00fck\u015fehir Belediye Ba\u015fkan\u0131 U\u011fur \u0130brahim Altay, d\u00fcnyan\u0131n konu\u015ftu\u011fu en \u00f6nemli i\u015flerden birisinin iklim de\u011fi\u015fikli\u011fi ve onun \u015fehirler \u00fczerindeki etkisi oldu\u011funu vurgulayarak, \u201cKonya B\u00fcy\u00fck\u015fehir Belediyesi olarak yenilenebilir enerji kaynaklar\u0131na \u00e7ok \u00f6nemli yat\u0131r\u0131mlar ger\u00e7ekle\u015ftirdik. Ba\u015fta KOSK\u0130 Genel M\u00fcd\u00fcrl\u00fc\u011f\u00fcm\u00fcz olmak \u00fczere \u00e7ok \u00f6nemli bir elektrik t\u00fcketicisiyiz. Yine tramvaylar\u0131m\u0131zdan kaynakl\u0131 olarak \u00e7ok \u00f6nemli bir elektrik t\u00fcketimi ger\u00e7ekle\u015ftiriyoruz. Bunun hem ekonomik olmas\u0131 hem \u00e7evreye zarar vermemesi ad\u0131na bug\u00fcne kadar \u00f6nemli yat\u0131r\u0131mlar ger\u00e7ekle\u015ftirdik\u201d diye konu\u015ftu.<\/p>\n<p data-asw-org-font-size=\"14\"><strong>\u201cEYL\u00dcL AYI G\u0130B\u0130 BURADA ELEKTR\u0130K \u00dcRETMEY\u0130 PLANLIYORUZ\u201d<\/strong><\/p>\n<p data-asw-org-font-size=\"14\">Ba\u015fkan Altay, i\u015f ba\u015flang\u0131c\u0131 ger\u00e7ekle\u015ftirilen GES projesi ile sonbaharda elektrik \u00fcretmeyi hedeflediklerini belirterek, \u201c\u015eu anda Konya B\u00fcy\u00fck\u015fehir Belediyesi olarak toplam 35 MW&#8217;l\u0131k bir yenilenebilir enerji yat\u0131r\u0131m\u0131m\u0131z var. Bunun 25 MW&#8217;\u0131 Mavi HES&#8217;te, 1.4 MW&#8217;\u0131 Se\u00e7me HES Tesislerimizde. Kalan k\u0131sm\u0131 da GES yat\u0131r\u0131m\u0131 olarak \u015fu anda faaliyette. Bug\u00fcn in\u015fallah hep birlikte 70 MW&#8217;l\u0131k KOSK\u0130 ve B\u00fcy\u00fck\u015fehir Belediyemizin GES yat\u0131r\u0131m\u0131n\u0131n panel koyma program\u0131n\u0131 ger\u00e7ekle\u015ftiriyoruz. \u0130n\u015fallah bir aksilik olmazsa Temmuz sonu, A\u011fustos ba\u015f\u0131 gibi buradaki i\u015flemimizi bitirmeyi arzu ediyoruz. Eyl\u00fcl ay\u0131 gibi burada elektrik \u00fcretmeyi planl\u0131yoruz\u201d a\u00e7\u0131klamalar\u0131n\u0131 yapt\u0131.<\/p>\n<p data-asw-org-font-size=\"14\"><strong>\u201cT\u00dcM \u015eEH\u0130RLER ARASINDA A\u00c7IK ARA KONYA&#8217;YI \u00d6NE \u00c7IKARAN B\u0130R \u00c7ALI\u015eMA\u201d<\/strong><\/p>\n<p data-asw-org-font-size=\"14\">Toplamda 105 MW&#8217;l\u0131k yenilenebilir enerji yat\u0131r\u0131m\u0131n\u0131 ger\u00e7ekle\u015ftirmi\u015f olacaklar\u0131n\u0131 kaydeden Ba\u015fkan Altay, \u201cBu, T\u00fcrkiye&#8217;de belediyeler aras\u0131nda birinci s\u0131rada olmam\u0131z\u0131 sa\u011flam\u0131\u015f olacak ama bununla yetinmiyoruz. Hemen yeni yat\u0131r\u0131mlarla ilgili planlamalar\u0131m\u0131z\u0131 yapt\u0131k. \u015eu anda izni al\u0131nm\u0131\u015f, onaylanm\u0131\u015f ve finansman\u0131 \u00e7\u00f6z\u00fclm\u00fc\u015f 25 MW&#8217;l\u0131k bir GES yat\u0131r\u0131m\u0131 i\u00e7in planlamalar\u0131m\u0131z\u0131 tamamlad\u0131k. Bunun 19 MW&#8217;\u0131n\u0131 yine KOSK\u0130&#8217;miz ar\u0131tma tesisi b\u00f6lgesinde yapacak. B\u00f6ylece yeni yapmakta oldu\u011fumuz ar\u0131tma tesisimizin elektrik ihtiyac\u0131n\u0131 da buradan kar\u015f\u0131lam\u0131\u015f olaca\u011f\u0131z. Yine \u00c7evre, \u015eehircilik ve \u0130klim De\u011fi\u015fikli\u011fi Bakanl\u0131\u011f\u0131m\u0131zla birlikte \u00e7ok \u00f6nemli bir \u00e7evre projesi olarak y\u00fcr\u00fctt\u00fc\u011f\u00fcm\u00fcz Meke G\u00f6l\u00fc i\u00e7in 3 MW GES yat\u0131r\u0131m\u0131 yapaca\u011f\u0131z ve di\u011fer yat\u0131r\u0131mlar\u0131m\u0131zla birlikte toplam 25 MW&#8217;l\u0131k bir GES yat\u0131r\u0131m\u0131 daha planland\u0131, izinleri al\u0131nd\u0131 ve finansman\u0131 sa\u011fland\u0131. B\u00f6ylece toplamda 130 MW&#8217;l\u0131k bir GES yat\u0131r\u0131m\u0131 i\u00e7in s\u00fcreci tamamlam\u0131\u015f olduk. Bununla da yetinmiyoruz. Biliyorsunuz Mavi T\u00fcnel HES kapsam\u0131nda 25 MW&#8217;l\u0131k bir HES&#8217;imiz var. Hibrit olarak ona da in\u015fallah bir 20 MW&#8217;l\u0131k ekleme ile ilgili \u00e7al\u0131\u015fmalar\u0131 y\u00fcr\u00fct\u00fcyoruz. Yani bunlar tamamland\u0131\u011f\u0131nda toplam 150 MW&#8217;l\u0131k bir yenilenebilir enerji yat\u0131r\u0131m\u0131na kavu\u015fmu\u015f olaca\u011f\u0131z ki bu t\u00fcm \u015fehirler aras\u0131nda a\u00e7\u0131k ara Konya&#8217;y\u0131 \u00f6ne \u00e7\u0131karan bir \u00e7al\u0131\u015fmad\u0131r. \u0130l\u00e7e belediyelerimizin yat\u0131r\u0131mlar\u0131n\u0131 da buna dahil etmiyoruz\u201d ifadelerini kulland\u0131.<\/p>\n<p data-asw-org-font-size=\"14\"><strong>\u201c2,5 M\u0130LYAR L\u0130RALIK B\u0130R YATIRIMI \u015eEHR\u0130M\u0130ZE KAZANDIRMI\u015e OLUYORUZ\u201d<\/strong><\/p>\n<p data-asw-org-font-size=\"14\">\u201cKonya Modeli Belediyecilik\u201d anlay\u0131\u015f\u0131yla her manada \u00f6ne \u00e7\u0131kan i\u015fler yapmaya gayret ettiklerini aktaran Ba\u015fkan Altay, konu\u015fmas\u0131na \u015f\u00f6yle devam etti:\u00a0<\/p>\n<p data-asw-org-font-size=\"14\">\u201c\u00c7\u00fcnk\u00fc \u015funa inan\u0131yoruz ki; sadece bir alanda geli\u015fmeniz, \u015fehrinize yat\u0131r\u0131m yapman\u0131z ya da di\u011fer \u015fehirlerle k\u0131yasland\u0131\u011f\u0131nda sadece bir alanda \u00f6ne \u00e7\u0131kman\u0131z \u015fehrinizi markala\u015ft\u0131rmaya yetmez. Onun i\u00e7in ak\u0131ll\u0131 \u015fehircilikten ula\u015f\u0131m yat\u0131r\u0131mlar\u0131na, \u00e7evre projelerinden iklim de\u011fi\u015fikli\u011finin etkilerinin azalt\u0131lmas\u0131na ve yenilenebilir enerjiye kadar her alanda \u00f6nc\u00fc ve \u00f6nder olmaya gayret ediyoruz. Bu 70 MW&#8217;l\u0131k GES&#8217;imizin toplam maliyeti 60 milyon dolar. Yani 2,5 milyar liral\u0131k bir yat\u0131r\u0131m\u0131 \u015fehrimize kazand\u0131rm\u0131\u015f oluyoruz. \u0130n\u015fallah \u00e7ok k\u0131sa s\u00fcrede de GES yat\u0131r\u0131mlar\u0131n\u0131n geri d\u00f6n\u00fc\u015f\u00fc sa\u011flanm\u0131\u015f oluyor. B\u00f6ylece B\u00fcy\u00fck\u015fehir Belediyemize de uzun s\u00fcreli bir finansman deste\u011fi olacak.\u201d\u00a0<\/p>\n<p data-asw-org-font-size=\"14\"><strong>\u201cKONYA YEN\u0130LENEB\u0130L\u0130R ENERJ\u0130 YATIRIMINDA DA A\u00c7IK ARA T\u00dcRK\u0130YE&#8217;DE \u0130LK \u015eEH\u0130R OLDU\u201d<\/strong><\/p>\n<p data-asw-org-font-size=\"14\">Ba\u015fkan Altay, \u00f6zellikle yenilenebilir enerji konusunda gelinen noktan\u0131n Konyal\u0131lar ad\u0131na \u00e7ok mutluluk verici oldu\u011funu dile getirerek, \u201c\u0130n\u015fallah bundan sonra da bu t\u00fcr projelerimizi yapmaya devam edece\u011fiz. Konya B\u00fcy\u00fck\u015fehir olarak \u00f6zellikle iklim de\u011fi\u015fikli\u011finin azalt\u0131lmas\u0131 konusunda \u00e7al\u0131\u015fmalar\u0131m\u0131za da kesintisiz bir \u015fekilde devam ediyoruz. \u00dclkemizin \u015fu ana kadar d\u00fczenledi\u011fi en b\u00fcy\u00fck organizasyon olacak COP 31 kapsam\u0131nda da in\u015fallah bu yapt\u0131klar\u0131m\u0131z\u0131 t\u00fcm d\u00fcnyaya anlatmak i\u00e7in \u00c7evre, \u015eehircilik ve \u0130klim De\u011fi\u015fikli\u011fi Bakanl\u0131\u011f\u0131m\u0131zla birlikte \u00e7al\u0131\u015fmalar\u0131m\u0131z\u0131 y\u00fcr\u00fct\u00fcyoruz. \u00c7\u00fcnk\u00fc sadece yenilenebilir enerji yat\u0131r\u0131mlar\u0131 de\u011fil, bir\u00e7ok manada \u00e7evre projeleri kapsam\u0131nda \u00f6nemli i\u015fler yap\u0131yoruz. Bu projelerimizin hayata ge\u00e7mesinde deste\u011fini bizden esirgemeyen \u00c7evre, \u015eehircilik ve \u0130klim De\u011fi\u015fikli\u011fi Bakan\u0131m\u0131z, de\u011ferli hem\u015ferimiz Say\u0131n Murat Kurum&#8217;a, \u0130LBANK Y\u00f6netim Kurulu Ba\u015fkan\u0131m\u0131za, \u0130LBANK Genel M\u00fcd\u00fcr\u00fcm\u00fcze ve D\u00fcnya Bankas\u0131 yetkililerine te\u015fekk\u00fcr ediyorum. Konya&#8217;m\u0131za hay\u0131rl\u0131 u\u011furlu olmas\u0131n\u0131 temenni ediyorum. Elhamd\u00fclillah, bir kategoride daha T\u00fcrkiye&#8217;de 1. s\u0131raya yerle\u015fmi\u015f olduk. B\u00f6ylece Konya yenilenebilir enerji yat\u0131r\u0131m\u0131nda da a\u00e7\u0131k ara T\u00fcrkiye&#8217;de ilk \u015fehir oldu. Eme\u011fi ge\u00e7en herkese te\u015fekk\u00fcr ediyorum\u201d dedi.<\/p>\n<p data-asw-org-font-size=\"14\"><strong>VAL\u0130 AKIN BA\u015eKAN ALTAY\u2019A TE\u015eEKK\u00dcR ETT\u0130<\/strong><\/p>\n<p data-asw-org-font-size=\"14\">Konya Valisi \u0130brahim Ak\u0131n, iklim de\u011fi\u015fikli\u011finin d\u00fcnyay\u0131 etkileyen \u00f6nemli bir ger\u00e7eklik oldu\u011funu belirterek, \u201cG\u00fcne\u015f her sabah do\u011farken \u0131\u015f\u0131kla beraber s\u00fcrd\u00fcr\u00fclebilir ve yerli bir enerji imk\u00e2n\u0131n\u0131 da sunmaktad\u0131r. Nitekim bu imk\u00e2n\u0131n fark\u0131nda olan Konya\u2019m\u0131z co\u011frafi avantaj\u0131, geni\u015f y\u00fcz\u00f6l\u00e7\u00fcm\u00fc ve y\u00fcksek g\u00fcne\u015flenme s\u00fcresiyle bu nimeti en do\u011fru de\u011ferlendirebilecek \u015fehirlerimizin ba\u015f\u0131nda gelmektedir. Bu itibarla G\u00fcne\u015f Enerji Santralimiz tamamland\u0131\u011f\u0131nda fosil yak\u0131tlara olan ba\u011f\u0131ml\u0131l\u0131\u011f\u0131m\u0131z azalacak. Karbon sal\u0131n\u0131m\u0131 d\u00fc\u015fecek. \u00c7evre dostu \u00fcretim modeli g\u00fc\u00e7 kazanacak ve daha da \u00f6nemlisi \u00e7ocuklar\u0131m\u0131za daha ya\u015fan\u0131labilir bir d\u00fcnya b\u0131rakma yolunda somut bir ad\u0131m at\u0131lm\u0131\u015f olacakt\u0131r. Kurulacak olan 70 MW kapasiteli GES Konya&#8217;m\u0131z\u0131n s\u00fcrd\u00fcr\u00fclebilir ve \u00e7evreye uyumlu gelecek in\u015fa etme iradesinin de somut bir \u00f6rne\u011fini te\u015fkil edecektir in\u015fallah. Bu k\u0131ymetli yat\u0131r\u0131m\u0131n hayata ge\u00e7irilmesinde eme\u011fi ge\u00e7en ba\u015fta Konya B\u00fcy\u00fck\u015fehir Belediye Ba\u015fkan\u0131m\u0131z ve de\u011ferli ekibi olmak \u00fczere t\u00fcm kurum ve kurulu\u015flar\u0131m\u0131za, katk\u0131 sunan herkese te\u015fekk\u00fcr ediyorum\u201d ifadelerine yer verdi.<\/p>\n<p data-asw-org-font-size=\"14\">Konu\u015fmalar\u0131n ard\u0131ndan dualarla Konya B\u00fcy\u00fck\u015fehir Belediyesi ve KOSK\u0130\u2019nin 70 MW kapasiteli G\u00fcne\u015f Enerji Santrali i\u015f ba\u015flang\u0131c\u0131 ger\u00e7ekle\u015ftirildi.<\/p>\n<p data-asw-org-font-size=\"14\">Programa; Karatay Kaymakam\u0131 Cengiz Ayhan, Sel\u00e7uklu Belediye Ba\u015fkan\u0131 Ahmet Pekyat\u0131rmac\u0131, Karatay Belediye Ba\u015fkan\u0131 Hasan K\u0131lca, Meram Belediye Ba\u015fkan\u0131 Mustafa Kavu\u015f, Saray\u00f6n\u00fc Belediye Ba\u015fkan\u0131 Necati Ko\u00e7, AK Parti Konya \u0130l Ba\u015fkan Yard\u0131mc\u0131s\u0131 Osman Ar\u0131, \u00c7evre, \u015eehircilik ve \u0130klim De\u011fi\u015fikli\u011fi \u0130l M\u00fcd\u00fcr\u00fc Fatih Ayaz, \u0130LBANK Konya B\u00f6lge M\u00fcd\u00fcr\u00fc Sedat Y\u0131lmaz da kat\u0131ld\u0131.<\/p>\n<p data-asw-org-font-size=\"14\"><strong>160 B\u0130N PANEL \u0130LE 140 M\u0130LYON kWh ELEKTR\u0130K \u00dcRET\u0130LECEK<\/strong><\/p>\n<p data-asw-org-font-size=\"14\">\u00c7evre, \u015eehircilik ve \u0130klim De\u011fi\u015fikli\u011fi Bakanl\u0131\u011f\u0131 ile \u0130LBANK koordinasyonunda, D\u00fcnya Bankas\u0131 finansman\u0131yla hayata ge\u00e7en proje; 160 bin panel ile y\u0131ll\u0131k 140 milyon kWh elektrik \u00fcreterek 58 binden fazla hanenin ve KOSK\u0130 Genel M\u00fcd\u00fcrl\u00fc\u011f\u00fc&#8217;n\u00fcn enerji ihtiyac\u0131n\u0131 kar\u015f\u0131layacak.\u00a0<\/p>\n<p data-asw-org-font-size=\"14\">Ayr\u0131ca y\u0131lda yakla\u015f\u0131k 100 bin ton karbon sal\u0131m\u0131n\u0131n \u00f6n\u00fcne ge\u00e7ilecek.<\/p>\n<p data-asw-org-font-size=\"14\">\u00a0<\/p>\n<p data-asw-org-font-size=\"14\">\u00a0<\/p>\n<p>Kaynak: (BYZHA) Beyaz Haber Ajans\u0131<\/p>\n","protected":false},"excerpt":{"rendered":"<p>\u00c7evre, \u015eehircilik ve \u0130klim De\u011fi\u015fikli\u011fi Bakanl\u0131\u011f\u0131 ile \u0130LBANK koordinasyonunda Konya B\u00fcy\u00fck\u015fehir Belediyesi taraf\u0131ndan hayata ge\u00e7irilecek, 70 MW g\u00fcc\u00fcndeki G\u00fcne\u015f Enerji Santrali projesinin i\u015f ba\u015flang\u0131\u00e7 program\u0131 ger\u00e7ekle\u015ftirildi.<\/p>\n","protected":false},"author":1,"featured_media":14214,"comment_status":"open","ping_status":"open","sticky":false,"template":"","format":"standard","meta":{"footnotes":""},"categories":[21],"tags":[],"class_list":["post-14213","post","type-post","status-publish","format-standard","has-post-thumbnail","hentry","category-ekonomi"],"_links":{"self":[{"href":"https:\/\/akdenizolay.com.tr\/index.php\/wp-json\/wp\/v2\/posts\/14213","targetHints":{"allow":["GET"]}}],"collection":[{"href":"https:\/\/akdenizolay.com.tr\/index.php\/wp-json\/wp\/v2\/posts"}],"about":[{"href":"https:\/\/akdenizolay.com.tr\/index.php\/wp-json\/wp\/v2\/types\/post"}],"author":[{"embeddable":true,"href":"https:\/\/akdenizolay.com.tr\/index.php\/wp-json\/wp\/v2\/users\/1"}],"replies":[{"embeddable":true,"href":"https:\/\/akdenizolay.com.tr\/index.php\/wp-json\/wp\/v2\/comments?post=14213"}],"version-history":[{"count":1,"href":"https:\/\/akdenizolay.com.tr\/index.php\/wp-json\/wp\/v2\/posts\/14213\/revisions"}],"predecessor-version":[{"id":14215,"href":"https:\/\/akdenizolay.com.tr\/index.php\/wp-json\/wp\/v2\/posts\/14213\/revisions\/14215"}],"wp:featuredmedia":[{"embeddable":true,"href":"https:\/\/akdenizolay.com.tr\/index.php\/wp-json\/wp\/v2\/media\/14214"}],"wp:attachment":[{"href":"https:\/\/akdenizolay.com.tr\/index.php\/wp-json\/wp\/v2\/media?parent=14213"}],"wp:term":[{"taxonomy":"category","embeddable":true,"href":"https:\/\/akdenizolay.com.tr\/index.php\/wp-json\/wp\/v2\/categories?post=14213"},{"taxonomy":"post_tag","embeddable":true,"href":"https:\/\/akdenizolay.com.tr\/index.php\/wp-json\/wp\/v2\/tags?post=14213"}],"curies":[{"name":"wp","href":"https:\/\/api.w.org\/{rel}","templated":true}]}}