{"id":14225,"date":"2026-04-30T14:19:05","date_gmt":"2026-04-30T14:19:05","guid":{"rendered":"https:\/\/akdenizolay.com.tr\/index.php\/2026\/04\/30\/baskan-tugay-en-buyuk-gucumuz-calisanlarimiz\/"},"modified":"2026-04-30T14:19:06","modified_gmt":"2026-04-30T14:19:06","slug":"baskan-tugay-en-buyuk-gucumuz-calisanlarimiz","status":"publish","type":"post","link":"https:\/\/akdenizolay.com.tr\/index.php\/2026\/04\/30\/baskan-tugay-en-buyuk-gucumuz-calisanlarimiz\/","title":{"rendered":"Ba\u015fkan Tugay: En b\u00fcy\u00fck g\u00fcc\u00fcm\u00fcz \u00e7al\u0131\u015fanlar\u0131m\u0131z"},"content":{"rendered":"<p> \u0130zmir B\u00fcy\u00fck\u015fehir Belediyesi \u015firketlerinden \u0130zmir \u0130novasyon ve Teknoloji A\u015e ile T\u00fcrkiye Genel Hizmetler \u0130\u015f\u00e7ileri Sendikas\u0131 (Genel-\u0130\u015f) aras\u0131nda, Sosyal Demokrat Kamu \u0130\u015fverenleri Sendikas\u0131 (SODEMSEN) koordinasyonunda y\u00fcr\u00fct\u00fclen toplu i\u015f s\u00f6zle\u015fmesi g\u00f6r\u00fc\u015fmeleri tamamland\u0131. \u0130mzalanan s\u00f6zle\u015fme ile \u00e7al\u0131\u015fanlar\u0131n \u00fccret, sosyal hak ve izin ko\u015fullar\u0131nda \u00f6nemli iyile\u015ftirmeler yap\u0131ld\u0131. \u0130mza t\u00f6reninde konu\u015fan \u0130zmir B\u00fcy\u00fck\u015fehir Belediye Ba\u015fkan\u0131 Dr. Cemil Tugay, \u201cEn b\u00fcy\u00fck g\u00fcc\u00fc \u00e7al\u0131\u015fanlar\u0131m\u0131zdan al\u0131yoruz\u201d dedi.\u00a0<\/p>\n<p>\u0130zmir \u0130novasyon ve Teknoloji A\u015e ile Genel-\u0130\u015f aras\u0131nda, SODEMSEN koordinasyonunda y\u00fcr\u00fct\u00fclen toplu i\u015f s\u00f6zle\u015fmesi g\u00f6r\u00fc\u015fmeleri anla\u015fmayla sonu\u00e7land\u0131. Taraflar, m\u00fczakerelerin ard\u0131ndan t\u00fcm maddelerde uzla\u015fmaya vararak s\u00f6zle\u015fme metnini imza a\u015famas\u0131na getirdi. 1 Mart\u2019tan itibaren y\u00fcr\u00fcrl\u00fck kazanan, 29 \u015eubat 2028\u2019e kadar ge\u00e7erli olacak toplu i\u015f s\u00f6zle\u015fmesinde, \u00e7al\u0131\u015fanlar\u0131n \u00fccret, sosyal hak ve izin ko\u015fullar\u0131nda \u00f6nemli iyile\u015ftirmeler sa\u011fland\u0131. \u0130mzalar, \u0130zmir B\u00fcy\u00fck\u015fehir Belediye Ba\u015fkan\u0131 Dr. Cemil Tugay, D\u0130SK\/Genel \u0130\u015f Toplu \u0130\u015f S\u00f6zle\u015fmesi Daire Ba\u015fkan\u0131 Faruk Saral, D\u0130SK Ege B\u00f6lge Temsilcisi Deniz \u015eahin G\u00fcm\u00fc\u015ftekin, D\u0130SK Genel-\u0130\u015f 1 Nolu \u015eube Ba\u015fkan\u0131 Engin Topal taraf\u0131ndan at\u0131ld\u0131. 83 \u00e7al\u0131\u015fan\u0131 ilgilendiren s\u00f6zle\u015fmenin imza t\u00f6reninde konu\u015fan Ba\u015fkan Tugay, en b\u00fcy\u00fck g\u00fcc\u00fc \u00e7al\u0131\u015fanlardan ald\u0131klar\u0131n\u0131 belirterek \u201cAllah g\u00fc\u00e7 versin; \u00e7al\u0131\u015fal\u0131m, hep beraber yolumuzdan \u015fa\u015fmayal\u0131m ve daha iyi toplu i\u015f s\u00f6zle\u015fmelerine hep beraber imza atal\u0131m. Hay\u0131rl\u0131 olsun\u201d diye konu\u015ftu.\u00a0\u00a0<\/p>\n<p><strong>\u201cBu zorlu d\u00f6nemleri hep beraber atlataca\u011f\u0131z\u201d<\/strong><br \/>Her toplu i\u015f s\u00f6zle\u015fmesini mutlulukla imzalad\u0131\u011f\u0131n\u0131 kaydeden Ba\u015fkan Tugay, \u201cHepinizin bildi\u011fi gibi zorlu \u015fartlar alt\u0131nda kurumun ayakta kalmas\u0131, bir d\u00fczen i\u00e7inde olmas\u0131 ve halka kar\u015f\u0131 hizmetlerini iyi \u015fekilde yerine getirmesi i\u00e7in elimizden geleni yap\u0131yoruz. \u015eunu bilmenizi isterim; en b\u00fcy\u00fck g\u00fcc\u00fc \u00e7al\u0131\u015fanlar\u0131m\u0131zdan al\u0131yoruz. \u00c7al\u0131\u015fanlar\u0131m\u0131z\u0131n kuruma sahip \u00e7\u0131kmas\u0131, bize inanarak bu yolu y\u00fcr\u00fcmesi temennisindeyiz. Bu zorlu d\u00f6nemleri hep beraber atlataca\u011f\u0131z. T\u00fcrkiye bu kadar yoksulluk, haks\u0131zl\u0131k i\u00e7inde olmak durumunda de\u011fil. Omuz omuza verip m\u00fccadele edece\u011fiz. Her toplu i\u015f s\u00f6zle\u015fmesi daha iyi olmal\u0131. Daha iyi \u015fartlara sahip, insanlar\u0131n hayatlar\u0131n\u0131 refah i\u00e7inde ya\u015fayaca\u011f\u0131 toplu i\u015f s\u00f6zle\u015fmeleri yap\u0131lmal\u0131. Bunu yaparken belediyenin hizmetlerinden geri kalmamas\u0131n\u0131 da sa\u011flamal\u0131y\u0131z. Sendikalar\u0131 bir taraftan verdikleri m\u00fccadele i\u00e7in tebrik ediyorum, di\u011fer taraftan kurumun i\u00e7inde bulundu\u011fu durumu do\u011fru de\u011ferlendirdikleri i\u00e7in te\u015fekk\u00fcr ediyorum\u201d ifadelerini kulland\u0131.\u00a0<\/p>\n<p><strong>\u201cMutluluk verici\u201d<\/strong><br \/>D\u0130SK\/Genel-\u0130\u015f Toplu \u0130\u015f S\u00f6zle\u015fmesi Dairesi Ba\u015fkan\u0131 Faruk Saral, \u00f6zellikle iktidar\u0131n belediyeleri ekonomik olarak darbo\u011fazda b\u0131rakt\u0131\u011f\u0131 bir d\u00f6nemde; i\u015f\u00e7inin, sendikan\u0131n, belediye ba\u015fkan\u0131n\u0131n ve b\u00fcrokratlar\u0131n mutlu oldu\u011fu bir s\u00f6zle\u015fmeyi uzla\u015farak tamamlaman\u0131n kendileri i\u00e7in \u00e7ok sevindirici oldu\u011funu s\u00f6yledi. Saral, \u0130zmir B\u00fcy\u00fck\u015fehir Belediye Ba\u015fkan\u0131 Dr. Cemil Tugay\u2019a, eme\u011fi ge\u00e7en genel m\u00fcd\u00fcrlere ve b\u00fcrokratlara te\u015fekk\u00fcr etti.<\/p>\n<p><strong>1 May\u0131s vurgusu<\/strong><br \/>D\u0130SK Ege B\u00f6lge Temsilcisi Deniz \u015eahin G\u00fcm\u00fc\u015ftekin \u201c1 May\u0131s Emek ve Dayan\u0131\u015fma G\u00fcn\u00fc \u00f6ncesinde yapt\u0131\u011f\u0131m\u0131z bu toplu i\u015f s\u00f6zle\u015fmesi, t\u00fcm emek\u00e7i arkada\u015flar\u0131m\u0131za hay\u0131rl\u0131 olsun. 1 May\u0131s\u2019tan \u00f6nce yap\u0131lmas\u0131 bizim i\u00e7in onur verici bir durum. \u0130zmir B\u00fcy\u00fck\u015fehir Belediye Ba\u015fkan\u0131m\u0131za, Toplu \u0130\u015f S\u00f6zle\u015fmesi Dairesi Ba\u015fkan\u0131m\u0131za, Engin Topal Ba\u015fkan\u0131m\u0131za ve b\u00fcrokratlar\u0131m\u0131za te\u015fekk\u00fcr ediyorum\u201d derken, D\u0130SK Genel-\u0130\u015f \u015eube Ba\u015fkan\u0131 Engin Topal da \u201c\u0130yi bir toplu i\u015f s\u00f6zle\u015fmesi oldu\u011funu d\u00fc\u015f\u00fcn\u00fcyorum. \u00c7al\u0131\u015fan arkada\u015flar\u0131m\u0131za hay\u0131rl\u0131s\u0131 olsun. Herkese eme\u011finden dolay\u0131 te\u015fekk\u00fcr ediyoruz\u201d dedi.\u00a0<\/p>\n<p><strong>\u00dccret art\u0131\u015flar\u0131 ve yan haklar<\/strong><br \/>S\u00f6zle\u015fme kapsam\u0131nda g\u00fcnl\u00fck br\u00fct taban \u00fccretler grup baz\u0131nda yeniden belirlenirken, her hizmet y\u0131l\u0131 i\u00e7in g\u00fcnl\u00fck 6,17 TL k\u0131dem zamm\u0131 uygulanacak. Ayr\u0131ca 2026 eyl\u00fcl, 2027 mart ve 2027 eyl\u00fcl d\u00f6nemlerinde 6 ayl\u0131k enflasyon (T\u00dcFE) oran\u0131na ek olarak y\u00fczde 1 art\u0131\u015f yap\u0131lmas\u0131 kararla\u015ft\u0131r\u0131ld\u0131. Bu art\u0131\u015flar, \u00fccret d\u0131\u015f\u0131ndaki parasal haklara da yans\u0131t\u0131lacak. \u00c7al\u0131\u015fanlara y\u00f6nelik sosyal ve mali haklarda da dikkat \u00e7eken iyile\u015ftirmeler yap\u0131ld\u0131. Hizmet \u00f6zendirme primi ayl\u0131k 3 bin TL olarak belirlenirken, yakacak yard\u0131m\u0131 4 bin 398 TL\u2019ye, g\u0131da yard\u0131m\u0131 ise 6 bin TL\u2019ye \u00e7\u0131kar\u0131ld\u0131. Yemek verilemeyen durumlarda g\u00fcnl\u00fck 500 TL \u00f6deme yap\u0131lacak.<\/p>\n<p><strong>Primler, sosyal yard\u0131mlar ve izinlerde geni\u015fleme<\/strong><br \/>Yeni s\u00f6zle\u015fmeyle birlikte i\u015f riski tazminat\u0131 2 bin 500 TL ile 4 bin 500 TL aras\u0131nda d\u00fczenlenirken, teknik ve uzman kadrolara g\u00fcnl\u00fck 370 TL uzmanl\u0131k ve sorumluluk primi getirildi. A\u011f\u0131r vas\u0131ta \u015fof\u00f6rlerine g\u00fcnl\u00fck sorumluluk zamm\u0131 verilmesi kararla\u015ft\u0131r\u0131ld\u0131. Mali sorumluluk ta\u015f\u0131yan personele g\u00fcnl\u00fck 200 TL \u00f6deme yap\u0131lmas\u0131 da karara ba\u011fland\u0131. Sosyal yard\u0131mlar aile ve \u00e7ocuk yard\u0131mlar\u0131, devlet memurlar\u0131na uygulanan esaslara g\u00f6re \u00f6denecek. \u00d6\u011frenim yard\u0131mlar\u0131 okul t\u00fcr\u00fcne g\u00f6re art\u0131r\u0131lacak. S\u00f6zle\u015fmeye g\u00f6re do\u011fum, evlilik, \u00f6l\u00fcm, afet ve evlat edinme yard\u0131mlar\u0131 da g\u00fcncellendi. Ayr\u0131ca engelli \u00e7ocu\u011fu olan \u00e7al\u0131\u015fanlara ayl\u0131k destek sa\u011flanacak.<\/p>\n<p><strong>\u0130zin haklar\u0131nda da \u00f6nemli d\u00fczenlemeler yer ald\u0131<\/strong><br \/>Kad\u0131n \u00e7al\u0131\u015fanlara \u00f6zel g\u00fcnlerinde y\u0131ll\u0131k 12 g\u00fcne kadar \u00fccretli izin kolayl\u0131\u011f\u0131 sa\u011flan\u0131rken, refakat izinleri geni\u015fletildi. Ayr\u0131ca kanser tedavisi g\u00f6ren \u00e7al\u0131\u015fanlar ile birinci derece yak\u0131nlar\u0131 i\u00e7in tedavi s\u00fcresince \u00fccretli izin hakk\u0131 tan\u0131nd\u0131. Ge\u00e7ici g\u00f6revle \u015fehir d\u0131\u015f\u0131na g\u00f6nderilen personele g\u00fcnl\u00fck harc\u0131rah \u00f6demesi de yap\u0131lacak. Toplu i\u015f s\u00f6zle\u015fmesinde disiplin kurulu yap\u0131s\u0131 e\u015fit temsil esas\u0131na g\u00f6re d\u00fczenlendi.\u00a0<\/p>\n<p>\u00a0<\/p>\n<p>Kaynak: (BYZHA) Beyaz Haber Ajans\u0131<\/p>\n","protected":false},"excerpt":{"rendered":"<p>\u0130zmir B\u00fcy\u00fck\u015fehir Belediyesi \u015firketlerinden \u0130zmir \u0130novasyon ve Teknoloji A\u015e ile T\u00fcrkiye Genel Hizmetler \u0130\u015f\u00e7ileri Sendikas\u0131 (Genel-\u0130\u015f) aras\u0131nda, Sosyal Demokrat Kamu \u0130\u015fverenleri Sendikas\u0131 (SODEMSEN) koordinasyonunda y\u00fcr\u00fct\u00fclen toplu i\u015f s\u00f6zle\u015fmesi g\u00f6r\u00fc\u015fmeleri tamamland\u0131.<\/p>\n","protected":false},"author":1,"featured_media":14226,"comment_status":"open","ping_status":"open","sticky":false,"template":"","format":"standard","meta":{"footnotes":""},"categories":[20],"tags":[],"class_list":["post-14225","post","type-post","status-publish","format-standard","has-post-thumbnail","hentry","category-gundem"],"_links":{"self":[{"href":"https:\/\/akdenizolay.com.tr\/index.php\/wp-json\/wp\/v2\/posts\/14225","targetHints":{"allow":["GET"]}}],"collection":[{"href":"https:\/\/akdenizolay.com.tr\/index.php\/wp-json\/wp\/v2\/posts"}],"about":[{"href":"https:\/\/akdenizolay.com.tr\/index.php\/wp-json\/wp\/v2\/types\/post"}],"author":[{"embeddable":true,"href":"https:\/\/akdenizolay.com.tr\/index.php\/wp-json\/wp\/v2\/users\/1"}],"replies":[{"embeddable":true,"href":"https:\/\/akdenizolay.com.tr\/index.php\/wp-json\/wp\/v2\/comments?post=14225"}],"version-history":[{"count":1,"href":"https:\/\/akdenizolay.com.tr\/index.php\/wp-json\/wp\/v2\/posts\/14225\/revisions"}],"predecessor-version":[{"id":14227,"href":"https:\/\/akdenizolay.com.tr\/index.php\/wp-json\/wp\/v2\/posts\/14225\/revisions\/14227"}],"wp:featuredmedia":[{"embeddable":true,"href":"https:\/\/akdenizolay.com.tr\/index.php\/wp-json\/wp\/v2\/media\/14226"}],"wp:attachment":[{"href":"https:\/\/akdenizolay.com.tr\/index.php\/wp-json\/wp\/v2\/media?parent=14225"}],"wp:term":[{"taxonomy":"category","embeddable":true,"href":"https:\/\/akdenizolay.com.tr\/index.php\/wp-json\/wp\/v2\/categories?post=14225"},{"taxonomy":"post_tag","embeddable":true,"href":"https:\/\/akdenizolay.com.tr\/index.php\/wp-json\/wp\/v2\/tags?post=14225"}],"curies":[{"name":"wp","href":"https:\/\/api.w.org\/{rel}","templated":true}]}}