{"id":14228,"date":"2026-04-30T14:19:11","date_gmt":"2026-04-30T14:19:11","guid":{"rendered":"https:\/\/akdenizolay.com.tr\/index.php\/2026\/04\/30\/inegol-belediyesi-thm-korosundan-kulaklarin-pasini-silen-konser\/"},"modified":"2026-04-30T14:19:12","modified_gmt":"2026-04-30T14:19:12","slug":"inegol-belediyesi-thm-korosundan-kulaklarin-pasini-silen-konser","status":"publish","type":"post","link":"https:\/\/akdenizolay.com.tr\/index.php\/2026\/04\/30\/inegol-belediyesi-thm-korosundan-kulaklarin-pasini-silen-konser\/","title":{"rendered":"\u0130neg\u00f6l Belediyesi Thm Korosundan Kulaklar\u0131n Pas\u0131n\u0131 Silen Konser"},"content":{"rendered":"\n<p class=\"MsoNoSpacing\" style=\"text-align:justify\"><span style=\"font-size:11pt\"><span style=\"font-family:Calibri,sans-serif\">\u0130neg\u00f6l Belediyesi T\u00fcrk Halk M\u00fczi\u011fi Korosu, Anadolu Bozlaklar\u0131 konserinde sanatseverlerle bulu\u015ftu. \u015eef Y\u00fccel D\u00fczel y\u00f6netimindeki koro, solo ve koro performanslar\u0131yla izleyenlere unutulmaz bir m\u00fczik ziyafeti sundu.<\/span><\/span><\/p>\n<p class=\"MsoNoSpacing\" style=\"text-align:justify\"><span style=\"font-size:11pt\"><span style=\"font-family:Calibri,sans-serif\">\u0130neg\u00f6l Belediyesi T\u00fcrk Halk M\u00fczi\u011fi Korosu, Nisan ay\u0131 k\u00fclt\u00fcr sanat etkinlikleri kapsam\u0131nda d\u00fczenlenen \u201cAnadolu Bozlaklar\u0131\u201d konseriyle sanatseverlerle bulu\u015ftu. Be\u015finci Mevsim K\u00fclt\u00fcr Sanat Merkezi\u2019nde ger\u00e7ekle\u015ftirilen konsere ilgi yo\u011fun olurken, salonu dolduran vatanda\u015flar t\u00fcrk\u00fc dolu bir gece ya\u015fad\u0131.<\/span><\/span><\/p>\n<p class=\"MsoNoSpacing\" style=\"text-align:justify\"><span style=\"font-size:11pt\"><span style=\"font-family:Calibri,sans-serif\">\u015eef Y\u00fccel D\u00fczel y\u00f6netimindeki koro, Anadolu\u2019nun farkl\u0131 y\u00f6relerinden se\u00e7ilen bozlak eserleri hem koro hem de solo performanslarla seslendirdi. Duygu y\u00fckl\u00fc t\u00fcrk\u00fcler, dinleyicilerden b\u00fcy\u00fck alk\u0131\u015f ald\u0131. Konsere \u0130neg\u00f6l Belediye Ba\u015fkan\u0131 Alper Taban da beraberindeki AK Partili y\u00f6neticiler ve meclis \u00fcyeleriyle birlikte kat\u0131ld\u0131. Program boyunca sahnedeki performanslar\u0131 ilgiyle takip eden sanatseverler, alk\u0131\u015flar ve telefonlar\u0131n\u0131n fla\u015flar\u0131yla \u015fark\u0131lara e\u015flik etti. T\u00fcrk halk m\u00fczi\u011finin en \u00f6zel \u00f6rneklerinin seslendirildi\u011fi gece, kat\u0131l\u0131mc\u0131lara unutulmaz anlar ya\u015fatt\u0131.<\/span><\/span><\/p>\n<p class=\"MsoNoSpacing\" style=\"text-align:justify\"><span style=\"font-size:11pt\"><span style=\"font-family:Calibri,sans-serif\"><b>BSA\u015eKAN TABAN\u2019DAN YEN\u0130 SALON M\u00dcJDES\u0130<\/b><\/span><\/span><\/p>\n<p class=\"MsoNoSpacing\" style=\"text-align:justify\"><span style=\"font-size:11pt\"><span style=\"font-family:Calibri,sans-serif\">Konser sonunda sahneye davet edilen Belediye Ba\u015fkan\u0131 Alper Taban, sahnede k\u0131sa bir selamlama konu\u015fmas\u0131 yapt\u0131. Ba\u015fkan Taban, \u201cNe kadar gururlansak azd\u0131r; b\u00f6ylesine g\u00fczel bir koroya, orkestraya, \u015fefe ve b\u00f6yle sanatla ilgili bir halka sahibiz. Bu ak\u015fam \u00e7ok b\u00fcy\u00fck keyif ald\u0131k. \u0130n\u015fallah daha g\u00fczel g\u00fcnler de bizleri bekliyor. Botanik nikah ve etkinlik salonunun yap\u0131m\u0131na ba\u015flad\u0131k. 1 y\u0131l gibi bir yap\u0131m s\u00fcreci var. Tamamland\u0131\u011f\u0131nda daha g\u00fczel salonlarda etkinlikler yapma imkan\u0131 bulaca\u011f\u0131z. Tiyatrolar, korolar, festivaller, konserler, sempozyumlar ve pek \u00e7ok etkinlik orada yap\u0131l\u0131yor olacak. Ayr\u0131 ayr\u0131 salonlar\u0131m\u0131z olacak orada. \u0130neg\u00f6l\u2019e yak\u0131\u015f\u0131r bir yer olacak. Ben \u0130neg\u00f6l i\u00e7in ne yapsak azd\u0131r diyorum. Gayretle \u00e7al\u0131\u015fmaya devam edece\u011fiz\u201d dedi.<\/span><\/span><\/p>\n<p class=\"MsoNoSpacing\" style=\"text-align:justify\">\u00a0<\/p>\n<p>Kaynak: (BYZHA) Beyaz Haber Ajans\u0131<\/p>\n","protected":false},"excerpt":{"rendered":"<p>\u0130neg\u00f6l Belediyesi T\u00fcrk Halk M\u00fczi\u011fi Korosu, Anadolu Bozlaklar\u0131 konserinde sanatseverlerle bulu\u015ftu.<\/p>\n","protected":false},"author":1,"featured_media":14229,"comment_status":"open","ping_status":"open","sticky":false,"template":"","format":"standard","meta":{"footnotes":""},"categories":[24],"tags":[],"class_list":["post-14228","post","type-post","status-publish","format-standard","has-post-thumbnail","hentry","category-kultur-sanat"],"_links":{"self":[{"href":"https:\/\/akdenizolay.com.tr\/index.php\/wp-json\/wp\/v2\/posts\/14228","targetHints":{"allow":["GET"]}}],"collection":[{"href":"https:\/\/akdenizolay.com.tr\/index.php\/wp-json\/wp\/v2\/posts"}],"about":[{"href":"https:\/\/akdenizolay.com.tr\/index.php\/wp-json\/wp\/v2\/types\/post"}],"author":[{"embeddable":true,"href":"https:\/\/akdenizolay.com.tr\/index.php\/wp-json\/wp\/v2\/users\/1"}],"replies":[{"embeddable":true,"href":"https:\/\/akdenizolay.com.tr\/index.php\/wp-json\/wp\/v2\/comments?post=14228"}],"version-history":[{"count":1,"href":"https:\/\/akdenizolay.com.tr\/index.php\/wp-json\/wp\/v2\/posts\/14228\/revisions"}],"predecessor-version":[{"id":14230,"href":"https:\/\/akdenizolay.com.tr\/index.php\/wp-json\/wp\/v2\/posts\/14228\/revisions\/14230"}],"wp:featuredmedia":[{"embeddable":true,"href":"https:\/\/akdenizolay.com.tr\/index.php\/wp-json\/wp\/v2\/media\/14229"}],"wp:attachment":[{"href":"https:\/\/akdenizolay.com.tr\/index.php\/wp-json\/wp\/v2\/media?parent=14228"}],"wp:term":[{"taxonomy":"category","embeddable":true,"href":"https:\/\/akdenizolay.com.tr\/index.php\/wp-json\/wp\/v2\/categories?post=14228"},{"taxonomy":"post_tag","embeddable":true,"href":"https:\/\/akdenizolay.com.tr\/index.php\/wp-json\/wp\/v2\/tags?post=14228"}],"curies":[{"name":"wp","href":"https:\/\/api.w.org\/{rel}","templated":true}]}}