{"id":14282,"date":"2026-04-30T18:00:57","date_gmt":"2026-04-30T18:00:57","guid":{"rendered":"https:\/\/akdenizolay.com.tr\/index.php\/2026\/04\/30\/4-mevsim-kocaeli-icin-basvurular-basladi\/"},"modified":"2026-04-30T18:00:58","modified_gmt":"2026-04-30T18:00:58","slug":"4-mevsim-kocaeli-icin-basvurular-basladi","status":"publish","type":"post","link":"https:\/\/akdenizolay.com.tr\/index.php\/2026\/04\/30\/4-mevsim-kocaeli-icin-basvurular-basladi\/","title":{"rendered":"\u201c4 Mevsim Kocaeli\u201d i\u00e7in ba\u015fvurular ba\u015flad\u0131"},"content":{"rendered":"<p> Kocaeli B\u00fcy\u00fck\u015fehir Belediyesi taraf\u0131ndan d\u00fczenlenen \u201c4 Mevsim Kocaeli 13. Ulusal Foto\u011fraf Yar\u0131\u015fmas\u0131\u201d i\u00e7in ba\u015fvurular ba\u015flad\u0131. Son ba\u015fvuru tarihi 8 Kas\u0131m 2026 olan yar\u0131\u015fma foto\u011fraf tutkunlar\u0131n\u0131 Kocaeli\u2019nin do\u011fal, k\u00fclt\u00fcrel ve g\u00f6rsel zenginliklerini kadrajlamaya davet ediyor.<\/p>\n<p><b>KOCAEL\u0130\u2019N\u0130N T\u00dcM Y\u00d6NLER\u0130 OBJEKT\u0130F ALTINDA<\/b><\/p>\n<p>Kocaeli B\u00fcy\u00fck\u015fehir Belediyesi \u00f6nc\u00fcl\u00fc\u011f\u00fcnde bu y\u0131l 13\u2019\u00fcnc\u00fcs\u00fc d\u00fczenlenen \u201c4 Mevsim Kocaeli 13. Ulusal Foto\u011fraf Yar\u0131\u015fmas\u0131\u201d i\u00e7in ba\u015fvurular ba\u015flad\u0131. T\u00fcrkiye Foto\u011fraf Sanat\u0131 Federasyonu (TFSF) onay\u0131yla, Kocaeli Foto\u011fraf Sanat\u0131 Derne\u011fi (KASK) ve G\u00f6lc\u00fck Foto\u011fraf ve Sinema Sanat\u0131 Derne\u011fi (GFSD) i\u015f birli\u011finde hayata ge\u00e7irilen yar\u0131\u015fma, bu y\u0131l \u201cG\u00f6zlerinize \u0130nanacaks\u0131n\u0131z\u201d temas\u0131 ile geni\u015fleyen kapsam\u0131 ve zengin i\u00e7erik yap\u0131s\u0131yla \u00f6ne \u00e7\u0131karken foto\u011fraf tutkunlar\u0131n\u0131 her mevsimin kendine \u00f6zg\u00fc g\u00fczelliklerini kadrajlar\u0131na yans\u0131tmaya davet ediyor.<\/p>\n<p><b>BU YILIN TEMASI \u201cG\u00d6ZLER\u0130N\u0130ZE \u0130NANACAKSINIZ<\/b><\/p>\n<p>Bu y\u0131l temas\u0131 \u201cG\u00f6zlerinize \u0130nanacaks\u0131n\u0131z\u201d olarak belirlenen yar\u0131\u015fma do\u011frultusunda kat\u0131l\u0131mc\u0131lardan; Kocaeli\u2019nin d\u00f6rt mevsime yay\u0131lan do\u011fal zenginliklerini, turizm potansiyelini, k\u00fclt\u00fcrel \u00e7e\u015fitlili\u011fi ve insan hik\u00e2yelerini, belediye hizmetleri ve kentin havadan ve su alt\u0131ndan estetik bir bak\u0131\u015f a\u00e7\u0131s\u0131yla foto\u011fraf karelerine yans\u0131tmalar\u0131 bekleniyor.<\/p>\n<p>Kat\u0131l\u0131mc\u0131lar\u0131n, kentin sakl\u0131 kalm\u0131\u015f g\u00fczelliklerini \u00f6zg\u00fcn bak\u0131\u015f a\u00e7\u0131lar\u0131yla ke\u015ffederek g\u00f6r\u00fcn\u00fcr k\u0131lmalar\u0131 ve izleyicide hayranl\u0131k uyand\u0131ran g\u00fc\u00e7l\u00fc g\u00f6rsel hik\u00e2yeler olu\u015fturmalar\u0131 ama\u00e7lan\u0131yor.<\/p>\n<p><b>YARI\u015eMA 4 ANA KATEGOR\u0130DE D\u00dcZENLENECEK<\/b><\/p>\n<p>Yar\u0131\u015fma, bu y\u0131l Kocaeli\u2019de Turizm ve K\u00fclt\u00fcrel Ya\u015fam, B\u00fcy\u00fck\u015fehir Kocaeli, Havadan Kocaeli ve Su Alt\u0131 Kocaeli olmak \u00fczere d\u00f6rt ana kategoride d\u00fczenlenecek. \u201cTurizm ve K\u00fclt\u00fcrel Ya\u015fam\u201d kategorisinde turistik noktalar, do\u011fal ve tarihi alanlar ile yerel k\u00fclt\u00fcr \u00f6ne \u00e7\u0131karken; \u201cB\u00fcy\u00fck\u015fehir Kocaeli\u201d kategorisinde projeler ve sosyal-k\u00fclt\u00fcrel \u00e7al\u0131\u015fmalar belgelenebilecek. \u201cHavadan Kocaeli\u201d kategorisi drone \u00e7ekimleriyle kenti farkl\u0131 bir a\u00e7\u0131dan sunmay\u0131 ama\u00e7larken, \u201cSu Alt\u0131 Kocaeli\u201d kategorisi ise \u0130zmit K\u00f6rfezi\u2019nde yeniden canlanan su alt\u0131 ya\u015fam\u0131n\u0131 ve biyolojik \u00e7e\u015fitlili\u011fi g\u00f6r\u00fcn\u00fcr k\u0131lmay\u0131 hedefliyor.<\/p>\n<p><b>HER KATEGOR\u0130DE B\u00dcY\u00dcK \u00d6D\u00dcLLER<\/b><\/p>\n<p>Kocaeli B\u00fcy\u00fck\u015fehir Belediyesi K\u00fclt\u00fcr, Sanat ve Sosyal \u0130\u015fler Dairesi Ba\u015fkanl\u0131\u011f\u0131\u2019na ba\u011fl\u0131 Turizm ve Do\u011fal Ya\u015fam Alanlar\u0131 \u015eube M\u00fcd\u00fcrl\u00fc\u011f\u00fc taraf\u0131ndan organize edilen yar\u0131\u015fmada dereceye giren foto\u011fraf\u00e7\u0131lar b\u00fcy\u00fck \u00f6d\u00fcllerle \u00f6d\u00fcllendirilecek. Her bir kategori i\u00e7in birincilik \u00f6d\u00fcl\u00fc 50.000 TL, ikincilik 30.000 TL, \u00fc\u00e7\u00fcnc\u00fcl\u00fck 20.000 TL, Kartpostal Kocaeli \u00d6zel \u00d6d\u00fcl\u00fc: 15.000 TL ve sergilemeye hak kazanan eserler i\u00e7in 3.500 TL para \u00f6d\u00fcl\u00fc takdim edilecek.<\/p>\n<p><b>SON BA\u015eVURU 8 KASIM 2026<\/b><\/p>\n<p>4 Mevsim Kocaeli yar\u0131\u015fmas\u0131 i\u00e7in son ba\u015fvuru tarihi 8 Kas\u0131m 2026 olarak belirlenirken, se\u00e7ici kurul de\u011ferlendirmesi 18 Kas\u0131m\u2019da yap\u0131lacak ve sonu\u00e7lar 23 Kas\u0131m 2026 tarihinde kamuoyuyla payla\u015f\u0131lacak. Yar\u0131\u015fmaya ba\u015fvurular yaln\u0131zca dijital ortamda, T\u00fcrkiye Foto\u011fraf Sanat\u0131 Federasyonu\u2019nun online sistemi \u00fczerinden ger\u00e7ekle\u015ftirilecek. Ayr\u0131ca, ba\u015fvuru yapmak isteyenler\u00a0https:\/\/tfsfonayliyarismalar.org\/tr\/yarisma\/detay\/4-mevsim-kocaeli-13-ulusal-fotograf-yarismasi-tr\u00a0sitesinden yar\u0131\u015fmaya dair t\u00fcm bilgilere ula\u015fabilecek.\u00a0 Amat\u00f6r ve profesyonel t\u00fcm foto\u011fraf\u00e7\u0131lar; do\u011fay\u0131, kenti, insan\u0131 ve ya\u015fam\u0131 bir araya getiren bu prestijli organizasyona davet ediliyor.<\/p>\n<p>\u00a0<\/p>\n<p>Kaynak: (BYZHA) Beyaz Haber Ajans\u0131<\/p>\n","protected":false},"excerpt":{"rendered":"<p>Kocaeli B\u00fcy\u00fck\u015fehir Belediyesi taraf\u0131ndan d\u00fczenlenen \u201c4 Mevsim Kocaeli 13.<\/p>\n","protected":false},"author":1,"featured_media":14283,"comment_status":"open","ping_status":"open","sticky":false,"template":"","format":"standard","meta":{"footnotes":""},"categories":[24],"tags":[],"class_list":["post-14282","post","type-post","status-publish","format-standard","has-post-thumbnail","hentry","category-kultur-sanat"],"_links":{"self":[{"href":"https:\/\/akdenizolay.com.tr\/index.php\/wp-json\/wp\/v2\/posts\/14282","targetHints":{"allow":["GET"]}}],"collection":[{"href":"https:\/\/akdenizolay.com.tr\/index.php\/wp-json\/wp\/v2\/posts"}],"about":[{"href":"https:\/\/akdenizolay.com.tr\/index.php\/wp-json\/wp\/v2\/types\/post"}],"author":[{"embeddable":true,"href":"https:\/\/akdenizolay.com.tr\/index.php\/wp-json\/wp\/v2\/users\/1"}],"replies":[{"embeddable":true,"href":"https:\/\/akdenizolay.com.tr\/index.php\/wp-json\/wp\/v2\/comments?post=14282"}],"version-history":[{"count":1,"href":"https:\/\/akdenizolay.com.tr\/index.php\/wp-json\/wp\/v2\/posts\/14282\/revisions"}],"predecessor-version":[{"id":14284,"href":"https:\/\/akdenizolay.com.tr\/index.php\/wp-json\/wp\/v2\/posts\/14282\/revisions\/14284"}],"wp:featuredmedia":[{"embeddable":true,"href":"https:\/\/akdenizolay.com.tr\/index.php\/wp-json\/wp\/v2\/media\/14283"}],"wp:attachment":[{"href":"https:\/\/akdenizolay.com.tr\/index.php\/wp-json\/wp\/v2\/media?parent=14282"}],"wp:term":[{"taxonomy":"category","embeddable":true,"href":"https:\/\/akdenizolay.com.tr\/index.php\/wp-json\/wp\/v2\/categories?post=14282"},{"taxonomy":"post_tag","embeddable":true,"href":"https:\/\/akdenizolay.com.tr\/index.php\/wp-json\/wp\/v2\/tags?post=14282"}],"curies":[{"name":"wp","href":"https:\/\/api.w.org\/{rel}","templated":true}]}}