{"id":14312,"date":"2026-04-30T18:38:18","date_gmt":"2026-04-30T18:38:18","guid":{"rendered":"https:\/\/akdenizolay.com.tr\/index.php\/2026\/04\/30\/kirsaldaki-camilere-dort-dortluk-bakim\/"},"modified":"2026-04-30T18:38:20","modified_gmt":"2026-04-30T18:38:20","slug":"kirsaldaki-camilere-dort-dortluk-bakim","status":"publish","type":"post","link":"https:\/\/akdenizolay.com.tr\/index.php\/2026\/04\/30\/kirsaldaki-camilere-dort-dortluk-bakim\/","title":{"rendered":"K\u0131rsaldaki camilere d\u00f6rt d\u00f6rtl\u00fck bak\u0131m"},"content":{"rendered":"<p> Kocaeli B\u00fcy\u00fck\u015fehir Belediyesi, muhtarlardan gelen talepler do\u011frultusunda k\u00f6y camilerinde kapsaml\u0131 bak\u0131m ve onar\u0131m \u00e7al\u0131\u015fmalar\u0131 ger\u00e7ekle\u015ftirerek ibadet alanlar\u0131n\u0131 adeta ba\u015ftan sona yeniliyor.<\/p>\n<p><strong>TALEPLER HIZLA DE\u011eERLEND\u0130R\u0130L\u0130YOR<\/strong><br \/>Kesintisiz hizmet anlay\u0131\u015f\u0131yla \u00e7al\u0131\u015fmalar\u0131n\u0131 kararl\u0131l\u0131kla s\u00fcrd\u00fcren Kocaeli B\u00fcy\u00fck\u015fehir Belediyesi, vatanda\u015flar\u0131n ortak kullan\u0131m alanlar\u0131na y\u00f6nelik hizmetlerine devam ediyor. Bu kapsamda muhtarlar arac\u0131l\u0131\u011f\u0131yla B\u00fcy\u00fck\u015fehir\u2019e iletilen talepler h\u0131zl\u0131 bir \u015fekilde de\u011ferlendirilirken, k\u00f6y camilerinde ihtiya\u00e7 duyulan bak\u0131m ve onar\u0131m \u00e7al\u0131\u015fmalar\u0131 planl\u0131 \u015fekilde y\u00fcr\u00fct\u00fcl\u00fcyor.<\/p>\n<p><strong>TES\u0130SLER \u015eUBE M\u00dcD\u00dcRL\u00dc\u011e\u00dc SAHADA<\/strong><\/p>\n<p>Yol ve Bak\u0131m Dairesi Ba\u015fkanl\u0131\u011f\u0131\u2019na ba\u011fl\u0131 Tesisler \u015eube M\u00fcd\u00fcrl\u00fc\u011f\u00fc ekipleri, cami \u00e7evrelerinde d\u00fczenleme \u00e7al\u0131\u015fmalar\u0131n\u0131 titizlikle y\u00fcr\u00fct\u00fcyor. Ta\u015f duvar kenarlar\u0131 g\u00fc\u00e7lendirilirken zemin iyile\u015ftirme uygulamalar\u0131yla alanlar daha dayan\u0131kl\u0131 ve kullan\u0131\u015fl\u0131 hale getiriliyor. \u00c7al\u0131\u015fmalar kapsam\u0131nda camilerin simgesi olan minarelerde de boya uygulamalar\u0131 yap\u0131l\u0131yor. B\u00f6ylece yap\u0131lar daha estetik ve bak\u0131ml\u0131 bir g\u00f6r\u00fcn\u00fcme kavu\u015fuyor.<\/p>\n<p><strong>\u0130\u00c7 MEK\u00c2NLAR DA ELDEN GE\u00c7\u0130R\u0130L\u0130YOR<\/strong><\/p>\n<p>Bak\u0131m ve onar\u0131m \u00e7al\u0131\u015fmalar\u0131 yaln\u0131zca d\u0131\u015f alanlarla s\u0131n\u0131rl\u0131 kalm\u0131yor. Elektrik aksamlar\u0131nda yap\u0131lan yenilemeler, cami i\u00e7indeki eksiklerin giderilmesi ve abdesthanelerde ger\u00e7ekle\u015ftirilen d\u00fczenlemelerle yap\u0131lar tamamen yenileniyor.<\/p>\n<p><strong>\u0130HT\u0130YA\u00c7 ODAKLI H\u0130ZMET ANLAYI\u015eI<\/strong><br \/>Kocaeli B\u00fcy\u00fck\u015fehir Belediyesi, kent genelinde s\u00fcrd\u00fcrd\u00fc\u011f\u00fc \u00e7al\u0131\u015fmalarla vatanda\u015flar\u0131n taleplerine h\u0131zl\u0131 ve kal\u0131c\u0131 \u00e7\u00f6z\u00fcmler \u00fcretmeye devam ediyor. K\u0131rsal b\u00f6lgelerdeki camilerinde ger\u00e7ekle\u015ftirilen bu kapsaml\u0131 \u00e7al\u0131\u015fmalar sayesinde ibadet alanlar\u0131 daha d\u00fczenli, g\u00fcvenli ve estetik bir yap\u0131ya kavu\u015fuyor.<\/p>\n<p>\u00a0<\/p>\n<p>Kaynak: (BYZHA) Beyaz Haber Ajans\u0131<\/p>\n","protected":false},"excerpt":{"rendered":"<p>Kocaeli B\u00fcy\u00fck\u015fehir Belediyesi, muhtarlardan gelen talepler do\u011frultusunda k\u00f6y camilerinde kapsaml\u0131 bak\u0131m ve onar\u0131m \u00e7al\u0131\u015fmalar\u0131 ger\u00e7ekle\u015ftirerek ibadet alanlar\u0131n\u0131 adeta ba\u015ftan sona yeniliyor.<\/p>\n","protected":false},"author":1,"featured_media":14313,"comment_status":"open","ping_status":"open","sticky":false,"template":"","format":"standard","meta":{"footnotes":""},"categories":[20],"tags":[],"class_list":["post-14312","post","type-post","status-publish","format-standard","has-post-thumbnail","hentry","category-gundem"],"_links":{"self":[{"href":"https:\/\/akdenizolay.com.tr\/index.php\/wp-json\/wp\/v2\/posts\/14312","targetHints":{"allow":["GET"]}}],"collection":[{"href":"https:\/\/akdenizolay.com.tr\/index.php\/wp-json\/wp\/v2\/posts"}],"about":[{"href":"https:\/\/akdenizolay.com.tr\/index.php\/wp-json\/wp\/v2\/types\/post"}],"author":[{"embeddable":true,"href":"https:\/\/akdenizolay.com.tr\/index.php\/wp-json\/wp\/v2\/users\/1"}],"replies":[{"embeddable":true,"href":"https:\/\/akdenizolay.com.tr\/index.php\/wp-json\/wp\/v2\/comments?post=14312"}],"version-history":[{"count":1,"href":"https:\/\/akdenizolay.com.tr\/index.php\/wp-json\/wp\/v2\/posts\/14312\/revisions"}],"predecessor-version":[{"id":14314,"href":"https:\/\/akdenizolay.com.tr\/index.php\/wp-json\/wp\/v2\/posts\/14312\/revisions\/14314"}],"wp:featuredmedia":[{"embeddable":true,"href":"https:\/\/akdenizolay.com.tr\/index.php\/wp-json\/wp\/v2\/media\/14313"}],"wp:attachment":[{"href":"https:\/\/akdenizolay.com.tr\/index.php\/wp-json\/wp\/v2\/media?parent=14312"}],"wp:term":[{"taxonomy":"category","embeddable":true,"href":"https:\/\/akdenizolay.com.tr\/index.php\/wp-json\/wp\/v2\/categories?post=14312"},{"taxonomy":"post_tag","embeddable":true,"href":"https:\/\/akdenizolay.com.tr\/index.php\/wp-json\/wp\/v2\/tags?post=14312"}],"curies":[{"name":"wp","href":"https:\/\/api.w.org\/{rel}","templated":true}]}}