{"id":14318,"date":"2026-04-30T18:38:27","date_gmt":"2026-04-30T18:38:27","guid":{"rendered":"https:\/\/akdenizolay.com.tr\/index.php\/2026\/04\/30\/turkiye-kalkinma-ve-yatirim-bankasi-2026nin-ilk-ceyreginde-guclu-performansini-surdurdu\/"},"modified":"2026-04-30T18:38:28","modified_gmt":"2026-04-30T18:38:28","slug":"turkiye-kalkinma-ve-yatirim-bankasi-2026nin-ilk-ceyreginde-guclu-performansini-surdurdu","status":"publish","type":"post","link":"https:\/\/akdenizolay.com.tr\/index.php\/2026\/04\/30\/turkiye-kalkinma-ve-yatirim-bankasi-2026nin-ilk-ceyreginde-guclu-performansini-surdurdu\/","title":{"rendered":"T\u00fcrkiye Kalk\u0131nma ve Yat\u0131r\u0131m Bankas\u0131   2026\u2019n\u0131n ilk \u00e7eyre\u011finde g\u00fc\u00e7l\u00fc performans\u0131n\u0131 s\u00fcrd\u00fcrd\u00fc"},"content":{"rendered":"<p> T\u00fcrkiye Kalk\u0131nma ve Yat\u0131r\u0131m Bankas\u0131, 2026 y\u0131l\u0131n\u0131n ilk \u00fc\u00e7 ay\u0131na ait finansal sonu\u00e7lar\u0131n\u0131 Kamuyu Ayd\u0131nlatma Platformu\u2019nda (KAP) a\u00e7\u0131klad\u0131.\u00a0Banka, 2026 y\u0131l\u0131n\u0131n ilk \u00fc\u00e7 ay\u0131nda aktiflerini\u00a0bir \u00f6nceki y\u0131l\u0131n ayn\u0131 d\u00f6nemine g\u00f6re y\u00fczde 27 art\u0131rarak 203,2 milyar TL\u2019ye y\u00fckseltti.\u00a0<\/p>\n<p>Kredi hacmi bir \u00f6nceki y\u0131l\u0131n ayn\u0131 d\u00f6nemine g\u00f6re y\u00fczde 23 art\u0131\u015fla 125,7 milyar TL\u2019ye ula\u015f\u0131rken, aktif kalitesinin \u00f6nemli bir g\u00f6stergesi olan br\u00fct takipteki kredilerin toplam kredilere oran\u0131 y\u00fczde 0,5 d\u00fczeyinde seyretti. Bankan\u0131n\u00a0net k\u00e2r\u0131 ise bir \u00f6nceki y\u0131l\u0131n ayn\u0131 d\u00f6nemine g\u00f6re y\u00fczde 45 art\u0131\u015fla 2,6 milyar TL\u2019ye y\u00fckseldi.\u00a0<\/p>\n<p><strong>Uluslararas\u0131 i\u015f birlikleriyle istihdam art\u0131\u015f\u0131na katk\u0131 sa\u011fl\u0131yoruz<\/strong><\/p>\n<p>Y\u0131l\u0131n ilk \u00e7eyre\u011finde uluslararas\u0131 finans kurulu\u015flar\u0131yla i\u015f birliklerine devam ettiklerini belirten T\u00fcrkiye Kalk\u0131nma ve Yat\u0131r\u0131m Bankas\u0131 Genel M\u00fcd\u00fcr\u00fc \u0130brahim \u00d6ztop, \u201cUzun vadeli finansman \u00e7\u00f6z\u00fcmlerimiz ve katma de\u011fer odakl\u0131 yakla\u015f\u0131m\u0131m\u0131zla; sanayiden ye\u015fil enerjiye, turizmden teknolojiye kadar bir\u00e7ok sekt\u00f6r\u00fc destekliyoruz. Temin etti\u011fimiz tematik fonlar arac\u0131l\u0131\u011f\u0131yla; istihdam\u0131 art\u0131ran, d\u0131\u015fa ba\u011f\u0131ml\u0131l\u0131\u011f\u0131 azaltan ve katma de\u011ferli \u00fcretimi destekleyen alanlara odaklan\u0131yoruz. B\u00f6lgesel kalk\u0131nmadan dijital altyap\u0131n\u0131n g\u00fc\u00e7lendirilmesine, \u00fcretim kapasitesinin art\u0131r\u0131lmas\u0131ndan yenilenebilir enerji yat\u0131r\u0131mlar\u0131na kadar uzanan geni\u015f bir \u00e7er\u00e7evede yat\u0131r\u0131mc\u0131lar\u0131m\u0131za uzun vadeli finansman sunuyoruz\u201d dedi.<\/p>\n<p><strong>Yat\u0131r\u0131m bankac\u0131l\u0131\u011f\u0131 faaliyetlerimiz etkin bir \u015fekilde s\u00fcrd\u00fcr\u00fcyoruz<\/strong><\/p>\n<p>Yat\u0131r\u0131m bankac\u0131l\u0131\u011f\u0131 faaliyetleri kapsam\u0131nda, y\u0131l\u0131n ilk \u00e7eyre\u011finde de etkin bir \u015fekilde \u00e7al\u0131\u015fmalar\u0131n\u0131 s\u00fcrd\u00fcrd\u00fcklerini belirten \u00d6ztop, \u201cBanka olarak hem \u00f6zel sekt\u00f6re hem de kamuya y\u00f6nelik yat\u0131r\u0131m bankac\u0131l\u0131\u011f\u0131 hizmetlerimizi kararl\u0131l\u0131kla s\u00fcrd\u00fcrerek sermaye piyasalar\u0131n\u0131n geli\u015fimine katk\u0131 sa\u011fl\u0131yoruz.\u00a0Birle\u015fme ve sat\u0131n alma dan\u0131\u015fmanl\u0131\u011f\u0131 faaliyetlerimiz kapsam\u0131nda; ba\u015fta T\u00fcrkiye Varl\u0131k Fonu ve \u00d6zelle\u015ftirme \u0130daresi ile y\u00fcr\u00fct\u00fclen projeler olmak \u00fczere, enerji ve liman \u00f6zelle\u015ftirmelerine y\u00f6nelik \u00e7al\u0131\u015fmalar\u0131m\u0131za devam ediyoruz. \u00c7e\u015fitlendirilmi\u015f dan\u0131\u015fmanl\u0131k hizmetlerimiz ile\u00a0stratejik sekt\u00f6rlerin alternatif finansman kaynaklar\u0131na eri\u015fiminin g\u00fc\u00e7lendirilmesine katk\u0131 sa\u011fl\u0131yoruz\u201d ifadelerini kulland\u0131.<\/p>\n<p><strong>TKF giri\u015fimcilik ekosistemini desteklemeyi s\u00fcrd\u00fcr\u00fcyor<\/strong><\/p>\n<p>T\u00fcrkiye Kalk\u0131nma ve Yat\u0131r\u0131m Bankas\u0131 \u00e7at\u0131s\u0131 alt\u0131nda kurulan T\u00fcrkiye Kalk\u0131nma Fonu\u2019nun (TKF), 2026 y\u0131l\u0131n\u0131n ilk \u00e7eyre\u011finde de yenilik\u00e7i ve y\u00fcksek katma de\u011ferli yat\u0131r\u0131mlarla giri\u015fimcilik ekosistemini desteklemeyi s\u00fcrd\u00fcrd\u00fc\u011f\u00fcn\u00fc belirten \u00d6ztop, \u2018\u2019\u0130lk \u00e7eyrekte TKYB \u00dcst Fonu \u00fczerinden yapt\u0131\u011f\u0131m\u0131z yat\u0131r\u0131mlar arac\u0131l\u0131\u011f\u0131yla uluslararas\u0131 i\u015f birliklerimizi g\u00fc\u00e7lendirdik. Ayr\u0131ca, T.C. Ticaret Bakanl\u0131\u011f\u0131 ve Uluda\u011f Otomotiv End\u00fcstrisi \u0130hracat\u00e7\u0131lar\u0131 Birli\u011fi i\u015f birli\u011fiyle kurulan \u2018O\u0130B GSYF\u2019 ile giri\u015fim sermayesi ekosistemine yeni bir fon kazand\u0131rd\u0131k. 11 fon \u00fczerinden 6,7 milyar TL\u2019ye ula\u015fan y\u00f6netilen kaynak ile giri\u015fimcilik ekosisteminin geli\u015fimini destekleyen \u00f6nemli bir kald\u0131ra\u00e7 olu\u015fturduk. T\u00fcrkiye Kalk\u0131nma Fonu arac\u0131l\u0131\u011f\u0131yla bug\u00fcne kadar sa\u011flanan toplam kaynak b\u00fcy\u00fckl\u00fc\u011f\u00fc 93,5 milyon ABD dolar\u0131n\u0131 a\u015ft\u0131\u2019\u2019 dedi.<\/p>\n<p><strong>S\u00fcrd\u00fcr\u00fclebilir kalk\u0131nma faaliyetlerimizin merkezinde konumlan\u0131yor<\/strong><\/p>\n<p>Bankan\u0131n s\u00fcrd\u00fcr\u00fclebilir kalk\u0131nma vizyonu do\u011frultusunda hayata ge\u00e7irdi\u011fi uygulamalar ve uluslararas\u0131 i\u015f birlikleri hakk\u0131nda konu\u015fan \u00d6ztop, \u201c\u00c7evresel, sosyal ve y\u00f6neti\u015fim alanlar\u0131ndaki g\u00fc\u00e7l\u00fc performans\u0131m\u0131z\u0131 b\u00fct\u00fcnc\u00fcl bir yakla\u015f\u0131mla ele al\u0131yoruz. S\u00fcrd\u00fcr\u00fclebilirlik temal\u0131 kredi portf\u00f6y\u00fcm\u00fcz, toplam portf\u00f6y\u00fcm\u00fcz\u00fcn y\u00fczde 96\u2019s\u0131n\u0131 olu\u015ftururken, iklim odakl\u0131 finansman pay\u0131m\u0131z\u0131n y\u00fczde 56 seviyesine ula\u015fmas\u0131, bu alandaki \u00f6ncelikli yakla\u015f\u0131m\u0131m\u0131z\u0131n somut bir g\u00f6stergesidir\u2019\u2019 de\u011ferlendirmesinde bulundu.<\/p>\n<p>\u00a0<\/p>\n<p>Kaynak: (BYZHA) Beyaz Haber Ajans\u0131<\/p>\n","protected":false},"excerpt":{"rendered":"<p>T\u00fcrkiye Kalk\u0131nma ve Yat\u0131r\u0131m Bankas\u0131, 2026 y\u0131l\u0131n\u0131n ilk \u00fc\u00e7 ay\u0131na ait finansal sonu\u00e7lar\u0131n\u0131 Kamuyu Ayd\u0131nlatma Platformu\u2019nda (KAP) a\u00e7\u0131klad\u0131.<\/p>\n","protected":false},"author":1,"featured_media":14319,"comment_status":"open","ping_status":"open","sticky":false,"template":"","format":"standard","meta":{"footnotes":""},"categories":[21],"tags":[],"class_list":["post-14318","post","type-post","status-publish","format-standard","has-post-thumbnail","hentry","category-ekonomi"],"_links":{"self":[{"href":"https:\/\/akdenizolay.com.tr\/index.php\/wp-json\/wp\/v2\/posts\/14318","targetHints":{"allow":["GET"]}}],"collection":[{"href":"https:\/\/akdenizolay.com.tr\/index.php\/wp-json\/wp\/v2\/posts"}],"about":[{"href":"https:\/\/akdenizolay.com.tr\/index.php\/wp-json\/wp\/v2\/types\/post"}],"author":[{"embeddable":true,"href":"https:\/\/akdenizolay.com.tr\/index.php\/wp-json\/wp\/v2\/users\/1"}],"replies":[{"embeddable":true,"href":"https:\/\/akdenizolay.com.tr\/index.php\/wp-json\/wp\/v2\/comments?post=14318"}],"version-history":[{"count":1,"href":"https:\/\/akdenizolay.com.tr\/index.php\/wp-json\/wp\/v2\/posts\/14318\/revisions"}],"predecessor-version":[{"id":14320,"href":"https:\/\/akdenizolay.com.tr\/index.php\/wp-json\/wp\/v2\/posts\/14318\/revisions\/14320"}],"wp:featuredmedia":[{"embeddable":true,"href":"https:\/\/akdenizolay.com.tr\/index.php\/wp-json\/wp\/v2\/media\/14319"}],"wp:attachment":[{"href":"https:\/\/akdenizolay.com.tr\/index.php\/wp-json\/wp\/v2\/media?parent=14318"}],"wp:term":[{"taxonomy":"category","embeddable":true,"href":"https:\/\/akdenizolay.com.tr\/index.php\/wp-json\/wp\/v2\/categories?post=14318"},{"taxonomy":"post_tag","embeddable":true,"href":"https:\/\/akdenizolay.com.tr\/index.php\/wp-json\/wp\/v2\/tags?post=14318"}],"curies":[{"name":"wp","href":"https:\/\/api.w.org\/{rel}","templated":true}]}}