{"id":14339,"date":"2026-05-01T07:58:56","date_gmt":"2026-05-01T07:58:56","guid":{"rendered":"https:\/\/akdenizolay.com.tr\/index.php\/2026\/05\/01\/baskan-hatice-gencay-cevreci-belediyeler-birligi-toplantisinda-yer-aldi\/"},"modified":"2026-05-01T07:58:56","modified_gmt":"2026-05-01T07:58:56","slug":"baskan-hatice-gencay-cevreci-belediyeler-birligi-toplantisinda-yer-aldi","status":"publish","type":"post","link":"https:\/\/akdenizolay.com.tr\/index.php\/2026\/05\/01\/baskan-hatice-gencay-cevreci-belediyeler-birligi-toplantisinda-yer-aldi\/","title":{"rendered":"Ba\u015fkan Hatice Gen\u00e7ay, \u00c7evreci Belediyeler Birli\u011fi Toplant\u0131s\u0131nda Yer Ald\u0131"},"content":{"rendered":"<p> Didim Belediye Ba\u015fkan\u0131 Hatice Gen\u00e7ay, K\u00fc\u00e7\u00fckkuyu\u2019da d\u00fczenlenen \u00c7evreci Belediyeler Birli\u011fi Nisan Ay\u0131 Enc\u00fcmen Toplant\u0131s\u0131\u2019na kat\u0131ld\u0131. Toplant\u0131da \u00e7evre odakl\u0131 yerel y\u00f6netim politikalar\u0131, s\u00fcrd\u00fcr\u00fclebilir kentle\u015fme ve belediyeler aras\u0131 i\u015f birli\u011fi konular\u0131 ele al\u0131nd\u0131.<\/p>\n<p>\u00c7evre Odakl\u0131 Politikalar Ele Al\u0131nd\u0131<\/p>\n<p>K\u00fc\u00e7\u00fckkuyu Belediyesi\u2019nin ev sahipli\u011finde ger\u00e7ekle\u015ftirilen toplant\u0131da kentlerin do\u011fal yap\u0131s\u0131n\u0131 korumaya y\u00f6nelik uygulamalar ve \u00e7evre dostu projeler \u00fczerine g\u00f6r\u00fc\u015f al\u0131\u015fveri\u015finde bulunuldu. Yerel y\u00f6netimler aras\u0131nda koordinasyonun art\u0131r\u0131lmas\u0131 ve ortak \u00e7al\u0131\u015fmalar\u0131n geli\u015ftirilmesi konular\u0131 \u00f6ne \u00e7\u0131kt\u0131.<\/p>\n<p>Ba\u015fkan Hatice Gen\u00e7ay\u2019dan Mesaj<\/p>\n<p>Ba\u015fkan Hatice Gen\u00e7ay, toplant\u0131ya ili\u015fkin yapt\u0131\u011f\u0131 a\u00e7\u0131klamada \u015fu ifadelere yer verdi:<\/p>\n<p>\u201cDidim\u2019imizin do\u011fas\u0131n\u0131 koruyan ve gelece\u011fini g\u00fc\u00e7lendiren \u00e7al\u0131\u015fmalar i\u00e7in ortak ak\u0131lla \u00fcretmeye devam ediyoruz. Yerel y\u00f6netimler aras\u0131ndaki dayan\u0131\u015fmay\u0131 b\u00fcy\u00fctmek, \u00e7evreye duyarl\u0131 projeleri hayata ge\u00e7irmek ad\u0131na b\u00fcy\u00fck \u00f6nem ta\u015f\u0131yor.\u201d<\/p>\n<p>\u00a0<\/p>\n<p>Kaynak: (BYZHA) Beyaz Haber Ajans\u0131<\/p>\n","protected":false},"excerpt":{"rendered":"<p>Didim Belediye Ba\u015fkan\u0131 Hatice Gen\u00e7ay, K\u00fc\u00e7\u00fckkuyu\u2019da d\u00fczenlenen \u00c7evreci Belediyeler Birli\u011fi Nisan Ay\u0131 Enc\u00fcmen Toplant\u0131s\u0131\u2019na kat\u0131ld\u0131.<\/p>\n","protected":false},"author":1,"featured_media":14340,"comment_status":"open","ping_status":"open","sticky":false,"template":"","format":"standard","meta":{"footnotes":""},"categories":[20],"tags":[],"class_list":["post-14339","post","type-post","status-publish","format-standard","has-post-thumbnail","hentry","category-gundem"],"_links":{"self":[{"href":"https:\/\/akdenizolay.com.tr\/index.php\/wp-json\/wp\/v2\/posts\/14339","targetHints":{"allow":["GET"]}}],"collection":[{"href":"https:\/\/akdenizolay.com.tr\/index.php\/wp-json\/wp\/v2\/posts"}],"about":[{"href":"https:\/\/akdenizolay.com.tr\/index.php\/wp-json\/wp\/v2\/types\/post"}],"author":[{"embeddable":true,"href":"https:\/\/akdenizolay.com.tr\/index.php\/wp-json\/wp\/v2\/users\/1"}],"replies":[{"embeddable":true,"href":"https:\/\/akdenizolay.com.tr\/index.php\/wp-json\/wp\/v2\/comments?post=14339"}],"version-history":[{"count":1,"href":"https:\/\/akdenizolay.com.tr\/index.php\/wp-json\/wp\/v2\/posts\/14339\/revisions"}],"predecessor-version":[{"id":14341,"href":"https:\/\/akdenizolay.com.tr\/index.php\/wp-json\/wp\/v2\/posts\/14339\/revisions\/14341"}],"wp:featuredmedia":[{"embeddable":true,"href":"https:\/\/akdenizolay.com.tr\/index.php\/wp-json\/wp\/v2\/media\/14340"}],"wp:attachment":[{"href":"https:\/\/akdenizolay.com.tr\/index.php\/wp-json\/wp\/v2\/media?parent=14339"}],"wp:term":[{"taxonomy":"category","embeddable":true,"href":"https:\/\/akdenizolay.com.tr\/index.php\/wp-json\/wp\/v2\/categories?post=14339"},{"taxonomy":"post_tag","embeddable":true,"href":"https:\/\/akdenizolay.com.tr\/index.php\/wp-json\/wp\/v2\/tags?post=14339"}],"curies":[{"name":"wp","href":"https:\/\/api.w.org\/{rel}","templated":true}]}}