{"id":14345,"date":"2026-05-01T07:59:09","date_gmt":"2026-05-01T07:59:09","guid":{"rendered":"https:\/\/akdenizolay.com.tr\/index.php\/2026\/05\/01\/didim-belediyesi-ev-sahipliginde-yelken-heyecani-basladi\/"},"modified":"2026-05-01T07:59:10","modified_gmt":"2026-05-01T07:59:10","slug":"didim-belediyesi-ev-sahipliginde-yelken-heyecani-basladi","status":"publish","type":"post","link":"https:\/\/akdenizolay.com.tr\/index.php\/2026\/05\/01\/didim-belediyesi-ev-sahipliginde-yelken-heyecani-basladi\/","title":{"rendered":"Didim Belediyesi Ev Sahipli\u011finde Yelken Heyecan\u0131 Ba\u015flad\u0131"},"content":{"rendered":"\n<p style=\"text-align:justify;margin-bottom:11px\"><span style=\"font-size:12pt\"><span style=\"line-height:115%\"><span style=\"font-family:Calibri,sans-serif\"><span style=\",serif\">TYF Yelken Ligi IQ Foil Y\u0131ld\u0131zlar Kupas\u0131\u2019nda gen\u00e7 sporcular Didim\u2019de m\u00fccadele ediyor<\/span><\/span><\/span><\/span><\/p>\n<p style=\"text-align:justify;margin-bottom:11px\"><span style=\"font-size:12pt\"><span style=\"line-height:115%\"><span style=\"font-family:Calibri,sans-serif\"><span style=\",serif\">T\u00fcrkiye Yelken Federasyonu (TYF) taraf\u0131ndan d\u00fczenlenen TYF Yelken Ligi IQ Foil 3. Ayak Y\u0131ld\u0131zlar Kupas\u0131, 29 Nisan\u20133 May\u0131s tarihleri aras\u0131nda Didim\u2019de ba\u015flad\u0131. Didim Belediyesi\u2019nin ev sahipli\u011finde ger\u00e7ekle\u015ftirilen organizasyon, T\u00fcrkiye\u2019nin farkl\u0131 illerinden gelen gen\u00e7 sporcular\u0131 bir araya getirdi.<\/span><\/span><\/span><\/span><\/p>\n<p style=\"text-align:justify;margin-bottom:11px\"><span style=\"font-size:12pt\"><span style=\"line-height:115%\"><span style=\"font-family:Calibri,sans-serif\"><span style=\",serif\">Gen\u00e7 Sporcular Milli Tak\u0131m Yolunda Yar\u0131\u015f\u0131yor<\/span><\/span><\/span><\/span><\/p>\n<p style=\"text-align:justify;margin-bottom:11px\"><span style=\"font-size:12pt\"><span style=\"line-height:115%\"><span style=\"font-family:Calibri,sans-serif\"><span style=\",serif\">IQ Foil s\u0131n\u0131f\u0131nda ger\u00e7ekle\u015ftirilen yar\u0131\u015flar, y\u0131ld\u0131zlar kategorisindeki sporcular a\u00e7\u0131s\u0131ndan b\u00fcy\u00fck \u00f6nem ta\u015f\u0131yor. Didim\u2019in uygun r\u00fczg\u00e2r ko\u015fullar\u0131yla dikkat \u00e7ekti\u011fi organizasyonda sporcular, milli tak\u0131m hedefi i\u00e7in k\u0131yas\u0131ya m\u00fccadele ediyor. Yar\u0131\u015flar\u0131n bu y\u0131l Didim\u2019de d\u00f6rd\u00fcnc\u00fc kez d\u00fczenlendi\u011fi belirtildi.<\/span><\/span><\/span><\/span><\/p>\n<p style=\"text-align:justify;margin-bottom:11px\"><span style=\"font-size:12pt\"><span style=\"line-height:115%\"><span style=\"font-family:Calibri,sans-serif\"><span style=\",serif\">Ba\u015fkan Hatice Gen\u00e7ay Sporcularla Bir Araya Geldi<\/span><\/span><\/span><\/span><\/p>\n<p style=\"text-align:justify;margin-bottom:11px\"><span style=\"font-size:12pt\"><span style=\"line-height:115%\"><span style=\"font-family:Calibri,sans-serif\"><span style=\",serif\">Yar\u0131\u015flar\u0131n ilk g\u00fcn\u00fcnde Didim Belediye Ba\u015fkan\u0131 Hatice Gen\u00e7ay, hakem heyeti ve sporcular\u0131 ziyaret etti. Sporculara ba\u015far\u0131lar dileyen Gen\u00e7ay, Didim Belediyesi olarak sporun ve sporcunun yan\u0131nda olmaya devam ettiklerini ifade etti.<\/span><\/span><\/span><\/span><\/p>\n<p style=\"text-align:justify;margin-bottom:11px\"><span style=\"font-size:12pt\"><span style=\"line-height:115%\"><span style=\"font-family:Calibri,sans-serif\"><span style=\",serif\">Spor Turizmi Vurgusu<\/span><\/span><\/span><\/span><\/p>\n<p style=\"text-align:justify;margin-bottom:11px\"><span style=\"font-size:12pt\"><span style=\"line-height:115%\"><span style=\"font-family:Calibri,sans-serif\"><span style=\",serif\">Yar\u0131\u015flara ili\u015fkin de\u011ferlendirmede bulunan Didim Belediye Ba\u015fkan\u0131 Hatice Gen\u00e7ay, Didim\u2019in \u00f6nemli bir spor organizasyonuna ev sahipli\u011fi yapmas\u0131ndan duydu\u011fu memnuniyeti dile getirdi. Ba\u015fkan, \u201cGen\u00e7 sporcular\u0131m\u0131z\u0131n azmi ve m\u00fccadelesi bizlere umut veriyor. Spor turizmini desteklemeye ve yelken sporunun geli\u015fimine katk\u0131 sunmaya devam edece\u011fiz\u201d ifadelerini kulland\u0131.<\/span><\/span><\/span><\/span><\/p>\n<p style=\"text-align:justify;margin-bottom:11px\"><span style=\"font-size:12pt\"><span style=\"line-height:115%\"><span style=\"font-family:Calibri,sans-serif\"><span style=\",serif\">3 May\u0131s\u2019ta sona erecek organizasyon sonunda dereceye giren sporcular i\u00e7in \u00f6d\u00fcl t\u00f6reni d\u00fczenlenecek<\/span><\/span><\/span><\/span><\/p>\n<p style=\"text-align:justify;margin-bottom:11px\">\u00a0<\/p>\n<p>Kaynak: (BYZHA) Beyaz Haber Ajans\u0131<\/p>\n","protected":false},"excerpt":{"rendered":"<p>TYF Yelken Ligi IQ Foil Y\u0131ld\u0131zlar Kupas\u0131\u2019nda gen\u00e7 sporcular Didim\u2019de m\u00fccadele ediyor    T\u00fcrkiye Yelken Federasyonu (TYF) taraf\u0131ndan d\u00fczenlenen TYF Yelken Ligi IQ Foil 3.<\/p>\n","protected":false},"author":1,"featured_media":14346,"comment_status":"open","ping_status":"open","sticky":false,"template":"","format":"standard","meta":{"footnotes":""},"categories":[25],"tags":[],"class_list":["post-14345","post","type-post","status-publish","format-standard","has-post-thumbnail","hentry","category-spor"],"_links":{"self":[{"href":"https:\/\/akdenizolay.com.tr\/index.php\/wp-json\/wp\/v2\/posts\/14345","targetHints":{"allow":["GET"]}}],"collection":[{"href":"https:\/\/akdenizolay.com.tr\/index.php\/wp-json\/wp\/v2\/posts"}],"about":[{"href":"https:\/\/akdenizolay.com.tr\/index.php\/wp-json\/wp\/v2\/types\/post"}],"author":[{"embeddable":true,"href":"https:\/\/akdenizolay.com.tr\/index.php\/wp-json\/wp\/v2\/users\/1"}],"replies":[{"embeddable":true,"href":"https:\/\/akdenizolay.com.tr\/index.php\/wp-json\/wp\/v2\/comments?post=14345"}],"version-history":[{"count":1,"href":"https:\/\/akdenizolay.com.tr\/index.php\/wp-json\/wp\/v2\/posts\/14345\/revisions"}],"predecessor-version":[{"id":14347,"href":"https:\/\/akdenizolay.com.tr\/index.php\/wp-json\/wp\/v2\/posts\/14345\/revisions\/14347"}],"wp:featuredmedia":[{"embeddable":true,"href":"https:\/\/akdenizolay.com.tr\/index.php\/wp-json\/wp\/v2\/media\/14346"}],"wp:attachment":[{"href":"https:\/\/akdenizolay.com.tr\/index.php\/wp-json\/wp\/v2\/media?parent=14345"}],"wp:term":[{"taxonomy":"category","embeddable":true,"href":"https:\/\/akdenizolay.com.tr\/index.php\/wp-json\/wp\/v2\/categories?post=14345"},{"taxonomy":"post_tag","embeddable":true,"href":"https:\/\/akdenizolay.com.tr\/index.php\/wp-json\/wp\/v2\/tags?post=14345"}],"curies":[{"name":"wp","href":"https:\/\/api.w.org\/{rel}","templated":true}]}}