{"id":14381,"date":"2026-05-01T08:28:26","date_gmt":"2026-05-01T08:28:26","guid":{"rendered":"https:\/\/akdenizolay.com.tr\/index.php\/2026\/05\/01\/izmir-cicek-gibi-acacak\/"},"modified":"2026-05-01T08:28:27","modified_gmt":"2026-05-01T08:28:27","slug":"izmir-cicek-gibi-acacak","status":"publish","type":"post","link":"https:\/\/akdenizolay.com.tr\/index.php\/2026\/05\/01\/izmir-cicek-gibi-acacak\/","title":{"rendered":"\u0130zmir \u00e7i\u00e7ek gibi a\u00e7acak"},"content":{"rendered":"<p> \u0130zmir B\u00fcy\u00fck\u015fehir Belediyesi taraf\u0131ndan \u00fc\u00e7\u00fcnc\u00fc kez d\u00fczenlenecek \u0130zmir Balkon-Bah\u00e7e Bitkileri Festivali i\u00e7in geri say\u0131ma ge\u00e7ildi. 8-10 May\u0131s tarihlerinde K\u00fclt\u00fcrpark \u00e7i\u00e7ek a\u00e7acak.<\/p>\n<p>\u0130zmir B\u00fcy\u00fck\u015fehir Belediyesi taraf\u0131ndan \u00fc\u00e7\u00fcnc\u00fc kez d\u00fczenlenecek \u0130zmir Balkon ve Bah\u00e7e Bitkileri Festivali\u2019ne say\u0131l\u0131 g\u00fcnler kald\u0131. \u0130zmir tar\u0131m\u0131n\u0131 g\u00fc\u00e7lendirmek ve balkon bah\u00e7ecili\u011fini yayg\u0131nla\u015ft\u0131rmak amac\u0131yla K\u00fclt\u00fcrpark\u2019ta 8-10 May\u0131s tarihlerinde ger\u00e7ekle\u015ftirilecek programla \u0130zmir \u00e7i\u00e7ek a\u00e7acak. \u00c7i\u00e7ek ve bitki sat\u0131\u015f stantlar\u0131 ile yeme i\u00e7me alanlar\u0131n\u0131n yan\u0131 s\u0131ra at\u00f6lyeler, s\u00f6yle\u015filer, konserler ve \u00e7ocuk etkinlikleriyle renklenecek programa \u0130zmirlilerin yo\u011fun ilgi g\u00f6stermesi bekleniyor.<\/p>\n<p><strong>Festival Sahne Program\u0131<\/strong><\/p>\n<p><strong><u>08 May\u0131s\u00a0<\/u><\/strong><\/p>\n<p>17.30 A\u00e7\u0131l\u0131\u015f \u0130zBB Bando Korteji<\/p>\n<p>18.00-18.45 G\u00fclce Alatay Konseri<\/p>\n<p>18.45-19.30 \u00d6zlem Menokan Konseri<\/p>\n<p><strong><u>09 May\u0131s\u00a0<\/u><\/strong><\/p>\n<p>15.00 \u0130zBB Bando Korteji<\/p>\n<p>16.00-17.00 \u00c7a\u011fr\u0131 Ergin Konseri\u00a0<\/p>\n<p>17.00-17.30 \u0130zBB Bando Quartet Enstr\u00fcman Dinletisi<\/p>\n<p>18.00-19.00 Merve Mete Konseri<\/p>\n<p>19.30-20.30 Enes Kundurac\u0131 Konseri<\/p>\n<p><strong><u>10 May\u0131s\u00a0<\/u><\/strong><\/p>\n<p>15.00 \u0130zBB Bando Korteji<\/p>\n<p>16.00-17.00 \u00c7a\u011fr\u0131 Ergin Konseri<\/p>\n<p>17.00-17.50 \u0130zBB Bando Trio Enstr\u00fcman Dinletisi<\/p>\n<p>18.00-19.00 Merve Mete Konseri<\/p>\n<p>\u00a0<\/p>\n<p>Kaynak: (BYZHA) Beyaz Haber Ajans\u0131<\/p>\n","protected":false},"excerpt":{"rendered":"<p>\u0130zmir B\u00fcy\u00fck\u015fehir Belediyesi taraf\u0131ndan \u00fc\u00e7\u00fcnc\u00fc kez d\u00fczenlenecek \u0130zmir Balkon-Bah\u00e7e Bitkileri Festivali i\u00e7in geri say\u0131ma ge\u00e7ildi.<\/p>\n","protected":false},"author":1,"featured_media":14382,"comment_status":"open","ping_status":"open","sticky":false,"template":"","format":"standard","meta":{"footnotes":""},"categories":[24],"tags":[],"class_list":["post-14381","post","type-post","status-publish","format-standard","has-post-thumbnail","hentry","category-kultur-sanat"],"_links":{"self":[{"href":"https:\/\/akdenizolay.com.tr\/index.php\/wp-json\/wp\/v2\/posts\/14381","targetHints":{"allow":["GET"]}}],"collection":[{"href":"https:\/\/akdenizolay.com.tr\/index.php\/wp-json\/wp\/v2\/posts"}],"about":[{"href":"https:\/\/akdenizolay.com.tr\/index.php\/wp-json\/wp\/v2\/types\/post"}],"author":[{"embeddable":true,"href":"https:\/\/akdenizolay.com.tr\/index.php\/wp-json\/wp\/v2\/users\/1"}],"replies":[{"embeddable":true,"href":"https:\/\/akdenizolay.com.tr\/index.php\/wp-json\/wp\/v2\/comments?post=14381"}],"version-history":[{"count":1,"href":"https:\/\/akdenizolay.com.tr\/index.php\/wp-json\/wp\/v2\/posts\/14381\/revisions"}],"predecessor-version":[{"id":14383,"href":"https:\/\/akdenizolay.com.tr\/index.php\/wp-json\/wp\/v2\/posts\/14381\/revisions\/14383"}],"wp:featuredmedia":[{"embeddable":true,"href":"https:\/\/akdenizolay.com.tr\/index.php\/wp-json\/wp\/v2\/media\/14382"}],"wp:attachment":[{"href":"https:\/\/akdenizolay.com.tr\/index.php\/wp-json\/wp\/v2\/media?parent=14381"}],"wp:term":[{"taxonomy":"category","embeddable":true,"href":"https:\/\/akdenizolay.com.tr\/index.php\/wp-json\/wp\/v2\/categories?post=14381"},{"taxonomy":"post_tag","embeddable":true,"href":"https:\/\/akdenizolay.com.tr\/index.php\/wp-json\/wp\/v2\/tags?post=14381"}],"curies":[{"name":"wp","href":"https:\/\/api.w.org\/{rel}","templated":true}]}}