{"id":14417,"date":"2026-05-01T08:52:47","date_gmt":"2026-05-01T08:52:47","guid":{"rendered":"https:\/\/akdenizolay.com.tr\/index.php\/2026\/05\/01\/kartepeli-izciler-canakkalede-tarih-bilinciyle-yurudu\/"},"modified":"2026-05-01T08:52:48","modified_gmt":"2026-05-01T08:52:48","slug":"kartepeli-izciler-canakkalede-tarih-bilinciyle-yurudu","status":"publish","type":"post","link":"https:\/\/akdenizolay.com.tr\/index.php\/2026\/05\/01\/kartepeli-izciler-canakkalede-tarih-bilinciyle-yurudu\/","title":{"rendered":"Kartepe\u2019li \u0130zciler \u00c7anakkale\u2019de Tarih Bilinciyle Y\u00fcr\u00fcd\u00fc"},"content":{"rendered":"<p> T\u00fcrkiye \u0130zcilik Federasyonu taraf\u0131ndan her y\u0131l geleneksel olarak d\u00fczenlenen 57. Alay Mill\u00ee Bilin\u00e7 Kamp\u0131, bu y\u0131l da \u00c7anakkale\u2019de yo\u011fun kat\u0131l\u0131mla ger\u00e7ekle\u015ftirildi. Kartepe Belediye Spor Kul\u00fcb\u00fc izcileri, T\u00fcrkiye\u2019nin d\u00f6rt bir yan\u0131ndan izcilerle birlikte \u201cDedeci\u011fim ben geldim\u201d slogan\u0131yla anlaml\u0131 y\u00fcr\u00fcy\u00fc\u015fe kat\u0131ld\u0131.<\/p>\n<p><strong>Ya\u015fayarak \u00d6\u011frenmenin En Anlaml\u0131 Hali<\/strong><\/p>\n<p>\u0130zciler, tarihi sadece dinlemekle kalmay\u0131p bizzat hissederek ya\u015fad\u0131. \u00c7anakkale\u2019nin r\u00fczg\u00e2r\u0131nda bir as\u0131r \u00f6ncesinin izlerini hissetti. Kamp s\u00fcresince d\u00fczenlenen grup \u00e7al\u0131\u015fmalar\u0131, oryantiring etkinlikleri ve tarih\u00ee alan gezileriyle izciler hem fiziksel hem de zihinsel olarak aktif bir s\u00fcre\u00e7 ge\u00e7irdi. Gece saatlerinde top ve t\u00fcfek sesleriyle uyanan, ard\u0131ndan okunan selalarla duygusal anlar ya\u015fayan izciler, \u00c7anakkale ruhunu derinden hissetti.<\/p>\n<p><strong>Tek Y\u00fcrek Kamp<\/strong><\/p>\n<p>Kamp\u0131n ard\u0131ndan ger\u00e7ekle\u015ftirilen k\u00fclt\u00fcr gezisinde \u015fehitlikler ve m\u00fczeler ziyaret edilerek, T\u00fcrk milletinin direni\u015f destan\u0131 yerinde \u00f6\u011frenildi. T\u00fcrkiye\u2019nin 81 ilinden gelen izcilerin bir araya geldi\u011fi bu anlaml\u0131 kamp, gen\u00e7lere tarih bilinci kazand\u0131r\u0131rken milli ve manevi de\u011ferlerin peki\u015fmesine de \u00f6nemli katk\u0131 sa\u011flad\u0131.\u00a0Kartepe Belediye Spor Kul\u00fcb\u00fc izcileri de bu b\u00fcy\u00fck organizasyonda g\u00f6sterdikleri disiplin, birlik ve temsil g\u00fcc\u00fcyle dikkat \u00e7ekerek Kartepe\u2019yi en iyi \u015fekilde temsil etti.<\/p>\n<p>Kocaeli B\u00fcy\u00fck\u015fehir Belediyesi Ka\u011f\u0131tspor Kul\u00fcb\u00fc, Kocaeli Gen\u00e7lik ve Spor \u0130l M\u00fcd\u00fcrl\u00fc\u011f\u00fc Spor Kul\u00fcb\u00fc, Saraybah\u00e7espor Kul\u00fcb\u00fc ve Kocaeli T\u0130FAKE izcileriyle g\u00fc\u00e7lerini birle\u015ftiren Kartepe ekibi, Kocaeli bayra\u011f\u0131n\u0131 \u00c7anakkale\u2019de gururla dalgaland\u0131rd\u0131. Be\u015f kul\u00fcb\u00fcn olu\u015fturdu\u011fu 200 ki\u015filik Kocaeli kafilesi, milli birlik ve beraberlik ruhunu en g\u00fc\u00e7l\u00fc \u015fekilde yans\u0131tarak kamp s\u00fcresince omuz omuza faaliyetlerde bulundu.<\/p>\n<h6>\u00a0<\/h6>\n<p>Kaynak: (BYZHA) Beyaz Haber Ajans\u0131<\/p>\n","protected":false},"excerpt":{"rendered":"<p>T\u00fcrkiye \u0130zcilik Federasyonu taraf\u0131ndan her y\u0131l geleneksel olarak d\u00fczenlenen 57.<\/p>\n","protected":false},"author":1,"featured_media":14418,"comment_status":"open","ping_status":"open","sticky":false,"template":"","format":"standard","meta":{"footnotes":""},"categories":[24],"tags":[],"class_list":["post-14417","post","type-post","status-publish","format-standard","has-post-thumbnail","hentry","category-kultur-sanat"],"_links":{"self":[{"href":"https:\/\/akdenizolay.com.tr\/index.php\/wp-json\/wp\/v2\/posts\/14417","targetHints":{"allow":["GET"]}}],"collection":[{"href":"https:\/\/akdenizolay.com.tr\/index.php\/wp-json\/wp\/v2\/posts"}],"about":[{"href":"https:\/\/akdenizolay.com.tr\/index.php\/wp-json\/wp\/v2\/types\/post"}],"author":[{"embeddable":true,"href":"https:\/\/akdenizolay.com.tr\/index.php\/wp-json\/wp\/v2\/users\/1"}],"replies":[{"embeddable":true,"href":"https:\/\/akdenizolay.com.tr\/index.php\/wp-json\/wp\/v2\/comments?post=14417"}],"version-history":[{"count":1,"href":"https:\/\/akdenizolay.com.tr\/index.php\/wp-json\/wp\/v2\/posts\/14417\/revisions"}],"predecessor-version":[{"id":14419,"href":"https:\/\/akdenizolay.com.tr\/index.php\/wp-json\/wp\/v2\/posts\/14417\/revisions\/14419"}],"wp:featuredmedia":[{"embeddable":true,"href":"https:\/\/akdenizolay.com.tr\/index.php\/wp-json\/wp\/v2\/media\/14418"}],"wp:attachment":[{"href":"https:\/\/akdenizolay.com.tr\/index.php\/wp-json\/wp\/v2\/media?parent=14417"}],"wp:term":[{"taxonomy":"category","embeddable":true,"href":"https:\/\/akdenizolay.com.tr\/index.php\/wp-json\/wp\/v2\/categories?post=14417"},{"taxonomy":"post_tag","embeddable":true,"href":"https:\/\/akdenizolay.com.tr\/index.php\/wp-json\/wp\/v2\/tags?post=14417"}],"curies":[{"name":"wp","href":"https:\/\/api.w.org\/{rel}","templated":true}]}}