{"id":14429,"date":"2026-05-01T09:10:03","date_gmt":"2026-05-01T09:10:03","guid":{"rendered":"https:\/\/akdenizolay.com.tr\/index.php\/2026\/05\/01\/ciglide-1-mayis-coskusu-baskan-yildiz-emekcilerle-omuz-omuza\/"},"modified":"2026-05-01T09:10:04","modified_gmt":"2026-05-01T09:10:04","slug":"ciglide-1-mayis-coskusu-baskan-yildiz-emekcilerle-omuz-omuza","status":"publish","type":"post","link":"https:\/\/akdenizolay.com.tr\/index.php\/2026\/05\/01\/ciglide-1-mayis-coskusu-baskan-yildiz-emekcilerle-omuz-omuza\/","title":{"rendered":"\u00c7i\u011fli\u2019de 1 May\u0131s Co\u015fkusu: Ba\u015fkan Y\u0131ld\u0131z Emek\u00e7ilerle Omuz Omuza"},"content":{"rendered":"<p> \u00c7i\u011fli Belediye Ba\u015fkan\u0131 Onur Emrah Y\u0131ld\u0131z, 1 May\u0131s Emek ve Dayan\u0131\u015fma G\u00fcn\u00fc kapsam\u0131nda mesai arkada\u015flar\u0131 ile bir araya gelerek \u0130\u015f\u00e7i Bayram\u0131\u2019n\u0131 co\u015fku i\u00e7inde kutlad\u0131. \u00c7i\u011fli Belediyesi hizmet binas\u0131 \u00f6n\u00fcnde ger\u00e7ekle\u015fen etkinlikte;\u00a0 belediye \u00e7al\u0131\u015fanlar\u0131, vatanda\u015flar, sendika temsilcileri, Cumhuriyet Halk Partisi \u0130l\u00e7e Ba\u015fkan\u0131 Erkan Akar ve y\u00f6netimi, meclis \u00fcyeleri, parti temsilcileri ve b\u00fcrokratlar ile birlikte bayram\u0131n ruhuna yak\u0131\u015f\u0131r bir atmosfer ya\u015fand\u0131.<\/p>\n<p>Davul ve zurna e\u015fli\u011finde halaylar\u0131n \u00e7ekildi\u011fi, \u015fark\u0131lar\u0131n s\u00f6ylendi\u011fi programda Ba\u015fkan Y\u0131ld\u0131z da \u00e7al\u0131\u015fma arkada\u015flar\u0131yla birlikte halaya kat\u0131ld\u0131. Ba\u015fkan Onur Emrah Y\u0131ld\u0131z\u2019\u0131n samimi g\u00f6r\u00fcnt\u00fcleri vatanda\u015flar\u0131n da ilgisini \u00e7ekerken, alanda bulunan \u00e7ok say\u0131da ki\u015fi halaya dahil olarak bayram sevincini payla\u015ft\u0131.<\/p>\n<p><b>Y\u0131ld\u0131z: \u201c1 May\u0131s eme\u011fin, dayan\u0131\u015fman\u0131n ve adalet aray\u0131\u015f\u0131n\u0131n en g\u00fc\u00e7l\u00fc sembollerinden biridir\u201d<\/b><\/p>\n<p>Programda konu\u015fan Ba\u015fkan Y\u0131ld\u0131z, eme\u011fin ve al\u0131n terinin kutsall\u0131\u011f\u0131na dikkat \u00e7ekerek \u015fu ifadeleri kulland\u0131; \u201c1 May\u0131s, sadece bir bayram de\u011fil; eme\u011fin, dayan\u0131\u015fman\u0131n ve adalet aray\u0131\u015f\u0131n\u0131n en g\u00fc\u00e7l\u00fc sembollerinden biridir. Bizler \u00c7i\u011fli Belediyesi ailesi olarak, her bir \u00e7al\u0131\u015fma arkada\u015f\u0131m\u0131z\u0131n al\u0131n terine b\u00fcy\u00fck bir sayg\u0131 duyuyoruz. G\u00f6reve geldi\u011fimiz ilk g\u00fcnden itibaren i\u015f\u00e7inin hakk\u0131n\u0131 zaman\u0131nda ve eksiksiz almas\u0131n\u0131n temel \u00f6nceli\u011fimiz oldu\u011funu ifade ettik. Bug\u00fcn geldi\u011fimiz noktada bu s\u00f6z\u00fcm\u00fcz\u00fc yerine getirmenin gururunu ya\u015f\u0131yoruz. \u00c7\u00fcnk\u00fc biliyoruz ki mutlu \u00e7al\u0131\u015fan, g\u00fc\u00e7l\u00fc bir belediyenin temelidir.\u201d<\/p>\n<p><b>\u201cEmek\u00e7inin hakk\u0131n\u0131 korumak boynumuzun borcu\u201d<\/b><\/p>\n<p>\u00c7al\u0131\u015fanlarla ayn\u0131 sofray\u0131, ayn\u0131 sevinci payla\u015fman\u0131n \u00f6nemine de\u011finen Y\u0131ld\u0131z, s\u00f6zlerini \u015f\u00f6yle s\u00fcrd\u00fcrd\u00fc; \u201cBiz b\u00fcy\u00fck bir aileyiz. Bu ailenin her ferdi, \u00c7i\u011fli\u2019ye hizmet yolunda b\u00fcy\u00fck bir emek veriyor. Sahada gece g\u00fcnd\u00fcz demeden \u00e7al\u0131\u015fan emek\u00e7i karde\u015flerimizin hakk\u0131n\u0131 korumak, onlar\u0131n yan\u0131nda olmak bizim boynumuzun borcudur. Daha adil, daha huzurlu ve daha g\u00fc\u00e7l\u00fc bir \u00e7al\u0131\u015fma ortam\u0131 olu\u015fturmak i\u00e7in var g\u00fcc\u00fcm\u00fczle \u00e7al\u0131\u015fmaya devam edece\u011fiz. Eme\u011fin de\u011fer g\u00f6rd\u00fc\u011f\u00fc, dayan\u0131\u015fman\u0131n b\u00fcy\u00fcd\u00fc\u011f\u00fc nice 1 May\u0131s\u2019larda hep birlikte olmak dile\u011fiyle, t\u00fcm emek\u00e7ilerimizin bayram\u0131n\u0131 y\u00fcrekten kutluyorum.\u201d<\/p>\n<p>\u00a0<\/p>\n<p>\u00a0<\/p>\n<p>Kaynak: (BYZHA) Beyaz Haber Ajans\u0131<\/p>\n","protected":false},"excerpt":{"rendered":"<p>\u00c7i\u011fli Belediye Ba\u015fkan\u0131 Onur Emrah Y\u0131ld\u0131z, 1 May\u0131s Emek ve Dayan\u0131\u015fma G\u00fcn\u00fc kapsam\u0131nda mesai arkada\u015flar\u0131 ile bir araya gelerek \u0130\u015f\u00e7i Bayram\u0131\u2019n\u0131 co\u015fku i\u00e7inde kutlad\u0131.<\/p>\n","protected":false},"author":1,"featured_media":14430,"comment_status":"open","ping_status":"open","sticky":false,"template":"","format":"standard","meta":{"footnotes":""},"categories":[20],"tags":[],"class_list":["post-14429","post","type-post","status-publish","format-standard","has-post-thumbnail","hentry","category-gundem"],"_links":{"self":[{"href":"https:\/\/akdenizolay.com.tr\/index.php\/wp-json\/wp\/v2\/posts\/14429","targetHints":{"allow":["GET"]}}],"collection":[{"href":"https:\/\/akdenizolay.com.tr\/index.php\/wp-json\/wp\/v2\/posts"}],"about":[{"href":"https:\/\/akdenizolay.com.tr\/index.php\/wp-json\/wp\/v2\/types\/post"}],"author":[{"embeddable":true,"href":"https:\/\/akdenizolay.com.tr\/index.php\/wp-json\/wp\/v2\/users\/1"}],"replies":[{"embeddable":true,"href":"https:\/\/akdenizolay.com.tr\/index.php\/wp-json\/wp\/v2\/comments?post=14429"}],"version-history":[{"count":1,"href":"https:\/\/akdenizolay.com.tr\/index.php\/wp-json\/wp\/v2\/posts\/14429\/revisions"}],"predecessor-version":[{"id":14431,"href":"https:\/\/akdenizolay.com.tr\/index.php\/wp-json\/wp\/v2\/posts\/14429\/revisions\/14431"}],"wp:featuredmedia":[{"embeddable":true,"href":"https:\/\/akdenizolay.com.tr\/index.php\/wp-json\/wp\/v2\/media\/14430"}],"wp:attachment":[{"href":"https:\/\/akdenizolay.com.tr\/index.php\/wp-json\/wp\/v2\/media?parent=14429"}],"wp:term":[{"taxonomy":"category","embeddable":true,"href":"https:\/\/akdenizolay.com.tr\/index.php\/wp-json\/wp\/v2\/categories?post=14429"},{"taxonomy":"post_tag","embeddable":true,"href":"https:\/\/akdenizolay.com.tr\/index.php\/wp-json\/wp\/v2\/tags?post=14429"}],"curies":[{"name":"wp","href":"https:\/\/api.w.org\/{rel}","templated":true}]}}