{"id":14435,"date":"2026-05-01T09:10:15","date_gmt":"2026-05-01T09:10:15","guid":{"rendered":"https:\/\/akdenizolay.com.tr\/index.php\/2026\/05\/01\/hidirellez-atesi-dev-isimlerle-menemende-yanacak\/"},"modified":"2026-05-01T09:10:16","modified_gmt":"2026-05-01T09:10:16","slug":"hidirellez-atesi-dev-isimlerle-menemende-yanacak","status":"publish","type":"post","link":"https:\/\/akdenizolay.com.tr\/index.php\/2026\/05\/01\/hidirellez-atesi-dev-isimlerle-menemende-yanacak\/","title":{"rendered":"H\u0131d\u0131rellez ate\u015fi, dev isimlerle Menemen\u2019de yanacak"},"content":{"rendered":"<p> <b><i>Bahar\u0131n en g\u00fczel habercisi, umutlar\u0131n ve dileklerin g\u00fcn\u00fc H\u0131d\u0131rellez, Menemen\u2019de her y\u0131l oldu\u011fu gibi bu y\u0131l da co\u015fkuyla kar\u015f\u0131lanacak. 5 May\u0131s Sal\u0131 g\u00fcn\u00fc en g\u00fczel \u015fark\u0131lar\u0131yla Kibariye ve H\u00fcsn\u00fc \u015eenlendirici, Menemen\u2019de sahne alacak. Menemen Belediye Ba\u015fkan\u0131 Ayd\u0131n Pehlivan, \u201cT\u00fcm hem\u015fehrilerimizi H\u0131d\u0131rellez k\u00fclt\u00fcr\u00fcn\u00fc hep birlikte ya\u015fatmak ad\u0131na Cumhuriyet Meydan\u0131\u2019na bekliyoruz.\u201d dedi.<\/i><\/b><\/p>\n<p>Menemen\u2019de bahar\u0131n geli\u015fi ve H\u0131d\u0131rellez sevinci, bu y\u0131l da on binleri tek y\u00fcrek olarak bulu\u015fturacak. Her y\u0131l d\u00fczenledi\u011fi etkinliklerle kitleleri H\u0131drellez ate\u015finin etraf\u0131nda bulu\u015fturan Menemen Belediyesi, bu y\u0131l da gelene\u011fi bozmayarak renkli bir program haz\u0131rlad\u0131. Program kapsam\u0131nda \u00fcnl\u00fc sanat\u00e7\u0131lar Kibariye ve H\u00fcsn\u00fc \u015eenlendirici, en g\u00fczel par\u00e7alarla Menemen\u2019de unutulmaz bir gece ya\u015fatacak. M\u00fczik, ne\u015fe ve bahar\u0131n enerjisinin H\u0131d\u0131rellez ile birlikte Menemen\u2019de bulu\u015faca\u011f\u0131 bu \u00f6zel program, 5 May\u0131s Sal\u0131 g\u00fcn\u00fc saat 20.00\u2019da ba\u015flayacak. Menemen Cumhuriyet Meydan\u0131\u2019nda ger\u00e7ekle\u015ftirilecek konser, on binleri bir araya getirecek.<\/p>\n<p><b>\u201cGeleneklerimizi ya\u015fataca\u011f\u0131z\u201d<\/b><\/p>\n<p>Hem\u015fehrilerini h\u0131d\u0131rellez \u00e7o\u015fkusunu ya\u015famaya davet eden Menemen Belediye Ba\u015fkan\u0131 Ayd\u0131n Pehlivan, \u201c\u00dclkemizin en g\u00fczel renklerinden biri hi\u00e7 \u015f\u00fcphesiz dileklerin dilendi\u011fi, umutlar\u0131n tazelendi\u011fi H\u0131d\u0131rellez ak\u015famlar\u0131d\u0131r. Biz de Menemen Belediyesi olarak, b\u00f6ylesi \u00f6zel bir g\u00fcn\u00fc hem\u015fehrilerimizin \u00e7ok daha renkli ve unutulmaz an\u0131lar b\u0131rakacak \u015fekilde ge\u00e7irmesi ad\u0131na \u00fcnl\u00fc sanat\u00e7\u0131lar\u0131m\u0131z Kibariye ve H\u00fcsn\u00fc \u015eenlendirici\u2019yi il\u00e7emize getirerek, H\u0131d\u0131rellez co\u015fkusunu en \u00fcst seviyeye \u00e7\u0131kar\u0131yoruz. Gelece\u011fe ad\u0131m atarken, geleneklerimizi de ya\u015fatmaya devam edece\u011fiz.\u201d dedi.<\/p>\n<p>Kaynak: (BYZHA) Beyaz Haber Ajans\u0131<\/p>\n","protected":false},"excerpt":{"rendered":"<p>Bahar\u0131n en g\u00fczel habercisi, umutlar\u0131n ve dileklerin g\u00fcn\u00fc H\u0131d\u0131rellez, Menemen\u2019de her y\u0131l oldu\u011fu gibi bu y\u0131l da co\u015fkuyla kar\u015f\u0131lanacak.<\/p>\n","protected":false},"author":1,"featured_media":14436,"comment_status":"open","ping_status":"open","sticky":false,"template":"","format":"standard","meta":{"footnotes":""},"categories":[24],"tags":[],"class_list":["post-14435","post","type-post","status-publish","format-standard","has-post-thumbnail","hentry","category-kultur-sanat"],"_links":{"self":[{"href":"https:\/\/akdenizolay.com.tr\/index.php\/wp-json\/wp\/v2\/posts\/14435","targetHints":{"allow":["GET"]}}],"collection":[{"href":"https:\/\/akdenizolay.com.tr\/index.php\/wp-json\/wp\/v2\/posts"}],"about":[{"href":"https:\/\/akdenizolay.com.tr\/index.php\/wp-json\/wp\/v2\/types\/post"}],"author":[{"embeddable":true,"href":"https:\/\/akdenizolay.com.tr\/index.php\/wp-json\/wp\/v2\/users\/1"}],"replies":[{"embeddable":true,"href":"https:\/\/akdenizolay.com.tr\/index.php\/wp-json\/wp\/v2\/comments?post=14435"}],"version-history":[{"count":1,"href":"https:\/\/akdenizolay.com.tr\/index.php\/wp-json\/wp\/v2\/posts\/14435\/revisions"}],"predecessor-version":[{"id":14437,"href":"https:\/\/akdenizolay.com.tr\/index.php\/wp-json\/wp\/v2\/posts\/14435\/revisions\/14437"}],"wp:featuredmedia":[{"embeddable":true,"href":"https:\/\/akdenizolay.com.tr\/index.php\/wp-json\/wp\/v2\/media\/14436"}],"wp:attachment":[{"href":"https:\/\/akdenizolay.com.tr\/index.php\/wp-json\/wp\/v2\/media?parent=14435"}],"wp:term":[{"taxonomy":"category","embeddable":true,"href":"https:\/\/akdenizolay.com.tr\/index.php\/wp-json\/wp\/v2\/categories?post=14435"},{"taxonomy":"post_tag","embeddable":true,"href":"https:\/\/akdenizolay.com.tr\/index.php\/wp-json\/wp\/v2\/tags?post=14435"}],"curies":[{"name":"wp","href":"https:\/\/api.w.org\/{rel}","templated":true}]}}