{"id":14447,"date":"2026-05-01T12:18:18","date_gmt":"2026-05-01T12:18:18","guid":{"rendered":"https:\/\/akdenizolay.com.tr\/index.php\/2026\/05\/01\/konak-tunellerinde-gercegini-aratmayan-deprem-ve-yangin-tatbikati\/"},"modified":"2026-05-01T12:18:19","modified_gmt":"2026-05-01T12:18:19","slug":"konak-tunellerinde-gercegini-aratmayan-deprem-ve-yangin-tatbikati","status":"publish","type":"post","link":"https:\/\/akdenizolay.com.tr\/index.php\/2026\/05\/01\/konak-tunellerinde-gercegini-aratmayan-deprem-ve-yangin-tatbikati\/","title":{"rendered":"Konak T\u00fcnelleri\u2019nde ger\u00e7e\u011fini aratmayan deprem ve yang\u0131n tatbikat\u0131"},"content":{"rendered":"<p> \u0130zmir B\u00fcy\u00fck\u015fehir Belediyesi, \u00e7al\u0131\u015fanlar\u0131n\u0131n afet ve acil durumlara haz\u0131rl\u0131kl\u0131 olmas\u0131n\u0131 sa\u011flamak ve olas\u0131 afetlerde do\u011fru refleksler geli\u015ftirmelerini desteklemek amac\u0131yla \u0130zmir Ula\u015f\u0131m Merkezi \u015eube M\u00fcd\u00fcrl\u00fc\u011f\u00fc Konak T\u00fcneller Yerle\u015fkesi\u2019nde bir deprem ve yang\u0131n tahliye tatbikat\u0131 ger\u00e7ekle\u015ftirdi. Ger\u00e7e\u011fe yak\u0131n senaryo ile y\u00fcr\u00fct\u00fclen tatbikatta personel, deprem an\u0131ndaki do\u011fru davran\u0131\u015f bi\u00e7imleri ile yang\u0131n sonras\u0131 tahliye s\u00fcre\u00e7lerini uygulamal\u0131 olarak test etti.<\/p>\n<p>\u0130zmir B\u00fcy\u00fck\u015fehir Belediyesi Afet \u0130\u015fleri ve Risk Y\u00f6netimi Dairesi Ba\u015fkanl\u0131\u011f\u0131nca organize edilen, \u0130zmir B\u00fcy\u00fck\u015fehir Belediyesi \u0130tfaiye Dairesi Ba\u015fkanl\u0131\u011f\u0131 ekipleri taraf\u0131ndan \u0130zmir Ula\u015f\u0131m Merkezi \u015eube M\u00fcd\u00fcrl\u00fc\u011f\u00fc Konak T\u00fcneller Yerle\u015fkesi\u2019nde geni\u015f kat\u0131l\u0131ml\u0131 bir deprem ve yang\u0131n tahliye tatbikat\u0131 ger\u00e7ekle\u015ftirildi. Tatbikatta personel, deprem an\u0131ndaki do\u011fru davran\u0131\u015f bi\u00e7imleri ile yang\u0131n sonras\u0131 tahliye s\u00fcre\u00e7lerindeki koordinasyonunu uygulamal\u0131 olarak test etti.<\/p>\n<p><strong>Deprem senaryosu ile ba\u015flayan tatbikat, yang\u0131nla devam etti<\/strong><br \/>Senaryo gere\u011fi merkez \u00fcss\u00fc \u0130zmir olan 6.2 b\u00fcy\u00fckl\u00fc\u011f\u00fcnde bir deprem meydana geldi\u011fi bilgisi payla\u015f\u0131ld\u0131. Bina i\u00e7erisindeki t\u00fcm personel, \u201c\u00e7\u00f6k-kapan-tutun\u201d y\u00f6ntemiyle yakla\u015f\u0131k 30 saniye boyunca kendini korumaya ald\u0131. Sars\u0131nt\u0131n\u0131n sona erdi\u011fi bilgisinin verilmesinin ard\u0131ndan tahliye anonsu yap\u0131larak, personel kontroll\u00fc \u015fekilde bina d\u0131\u015f\u0131na y\u00f6nlendirildi.<br \/>Depremin hemen ard\u0131ndan, trafik lambalar\u0131n\u0131n bulundu\u011fu sinyal deposunda elektrik kaynakl\u0131 yang\u0131n \u00e7\u0131kt\u0131\u011f\u0131 senaryosu devreye al\u0131nd\u0131. Yang\u0131n alarm\u0131 \u00e7al\u0131\u015ft\u0131r\u0131larak durum bina genelinde duyuruldu ve vakit kaybetmeden 112 Acil \u00c7a\u011fr\u0131 Merkezi\u2019ne bilgi verildi. Yang\u0131n\u0131n ihbar edilmesinin ard\u0131ndan \u0130zmir B\u00fcy\u00fck\u015fehir Belediyesi \u0130tfaiye Dairesi Ba\u015fkanl\u0131\u011f\u0131 ekipleri h\u0131zla olay yerine sevk edildi. \u0130tfaiye ekipleri ula\u015fana kadar s\u00f6nd\u00fcrme ekipleri, ta\u015f\u0131nabilir yang\u0131n s\u00f6nd\u00fcrme cihazlar\u0131yla ilk m\u00fcdahaleyi ger\u00e7ekle\u015ftirdi.<\/p>\n<p><strong>\u0130tfaiye ekipleri k\u0131sa s\u00fcrede yang\u0131n\u0131 kontrol alt\u0131na ald\u0131<\/strong><br \/>Tatbikat s\u00fcresince bina g\u00f6revlileri, personelin tahliyesini organize ederek \u00e7al\u0131\u015fanlar\u0131 dumanl\u0131 alanlardan uzakla\u015ft\u0131r\u0131p acil \u00e7\u0131k\u0131\u015flara y\u00f6nlendirdi. Koruma g\u00f6revlileri tahliye g\u00fczerg\u00e2hlar\u0131n\u0131n g\u00fcvenli\u011fini sa\u011flarken, engelli ve \u00f6zel durumu bulunan personelin tahliyesi i\u00e7in bina g\u00f6revlileri ve belirlenen destek ekipleri g\u00f6rev ald\u0131. Bu a\u015famada olay yerine ula\u015fan \u0130zmir \u0130tfaiyesi ekipleri \u00e7al\u0131\u015fmalar\u0131 devrald\u0131. \u0130tfaiye ekiplerinin m\u00fcdahalesiyle yang\u0131n k\u0131sa s\u00fcrede kontrol alt\u0131na al\u0131nd\u0131.<br \/>T\u00fcm personel, binadan tahliye olduktan sonra belirlenen g\u00fcvenli alanda topland\u0131. Toplanma alan\u0131nda yap\u0131lan say\u0131mda iki personelin eksik oldu\u011fu tespit edildi. Senaryo gere\u011fi yaral\u0131 olarak belirlenen personelin birinin ikinci kattaki izleme odas\u0131nda, di\u011ferinin ise yang\u0131n\u0131n \u00e7\u0131kt\u0131\u011f\u0131 sinyal deposunda mahsur kald\u0131\u011f\u0131 belirlendi. Kurtarma ekipleri taraf\u0131ndan bulunduklar\u0131 yerlerden g\u00fcvenli \u015fekilde \u00e7\u0131kar\u0131lan yaral\u0131lar, ilk yard\u0131m ekiplerine teslim edildi. \u0130lk m\u00fcdahaleleri yap\u0131lan yaral\u0131lar i\u00e7in sa\u011fl\u0131k ekiplerine bilgi verildi. T\u00fcm personelin g\u00fcvenli bir \u015fekilde tahliye edildi\u011finin teyit edilmesinin ard\u0131ndan tatbikat, anonsla sonland\u0131r\u0131ld\u0131.<\/p>\n<p>\u00a0<\/p>\n<p>\u00a0<\/p>\n<p>Kaynak: (BYZHA) Beyaz Haber Ajans\u0131<\/p>\n","protected":false},"excerpt":{"rendered":"<p>\u0130zmir B\u00fcy\u00fck\u015fehir Belediyesi, \u00e7al\u0131\u015fanlar\u0131n\u0131n afet ve acil durumlara haz\u0131rl\u0131kl\u0131 olmas\u0131n\u0131 sa\u011flamak ve olas\u0131 afetlerde do\u011fru refleksler geli\u015ftirmelerini desteklemek amac\u0131yla \u0130zmir Ula\u015f\u0131m Merkezi \u015eube M\u00fcd\u00fcrl\u00fc\u011f\u00fc Konak T\u00fcneller Yerle\u015fkesi\u2019nde bir deprem ve yang\u0131n tahliye tatbikat\u0131 ger\u00e7ekle\u015ftirdi.<\/p>\n","protected":false},"author":1,"featured_media":14448,"comment_status":"open","ping_status":"open","sticky":false,"template":"","format":"standard","meta":{"footnotes":""},"categories":[20],"tags":[],"class_list":["post-14447","post","type-post","status-publish","format-standard","has-post-thumbnail","hentry","category-gundem"],"_links":{"self":[{"href":"https:\/\/akdenizolay.com.tr\/index.php\/wp-json\/wp\/v2\/posts\/14447","targetHints":{"allow":["GET"]}}],"collection":[{"href":"https:\/\/akdenizolay.com.tr\/index.php\/wp-json\/wp\/v2\/posts"}],"about":[{"href":"https:\/\/akdenizolay.com.tr\/index.php\/wp-json\/wp\/v2\/types\/post"}],"author":[{"embeddable":true,"href":"https:\/\/akdenizolay.com.tr\/index.php\/wp-json\/wp\/v2\/users\/1"}],"replies":[{"embeddable":true,"href":"https:\/\/akdenizolay.com.tr\/index.php\/wp-json\/wp\/v2\/comments?post=14447"}],"version-history":[{"count":1,"href":"https:\/\/akdenizolay.com.tr\/index.php\/wp-json\/wp\/v2\/posts\/14447\/revisions"}],"predecessor-version":[{"id":14449,"href":"https:\/\/akdenizolay.com.tr\/index.php\/wp-json\/wp\/v2\/posts\/14447\/revisions\/14449"}],"wp:featuredmedia":[{"embeddable":true,"href":"https:\/\/akdenizolay.com.tr\/index.php\/wp-json\/wp\/v2\/media\/14448"}],"wp:attachment":[{"href":"https:\/\/akdenizolay.com.tr\/index.php\/wp-json\/wp\/v2\/media?parent=14447"}],"wp:term":[{"taxonomy":"category","embeddable":true,"href":"https:\/\/akdenizolay.com.tr\/index.php\/wp-json\/wp\/v2\/categories?post=14447"},{"taxonomy":"post_tag","embeddable":true,"href":"https:\/\/akdenizolay.com.tr\/index.php\/wp-json\/wp\/v2\/tags?post=14447"}],"curies":[{"name":"wp","href":"https:\/\/api.w.org\/{rel}","templated":true}]}}