{"id":14462,"date":"2026-05-01T13:18:38","date_gmt":"2026-05-01T13:18:38","guid":{"rendered":"https:\/\/akdenizolay.com.tr\/index.php\/2026\/05\/01\/ekranlarin-en-iddiali-magazin-programi-nr1-magazin-bu-hafta-da-dopdolu\/"},"modified":"2026-05-01T13:18:39","modified_gmt":"2026-05-01T13:18:39","slug":"ekranlarin-en-iddiali-magazin-programi-nr1-magazin-bu-hafta-da-dopdolu","status":"publish","type":"post","link":"https:\/\/akdenizolay.com.tr\/index.php\/2026\/05\/01\/ekranlarin-en-iddiali-magazin-programi-nr1-magazin-bu-hafta-da-dopdolu\/","title":{"rendered":"Ekranlar\u0131n en iddial\u0131 Magazin program\u0131 &#8216;NR1 Magazin&#8217; bu hafta da dopdolu!"},"content":{"rendered":"<p> Sunuculu\u011funu ekranlar\u0131n sevilen y\u00fcz\u00fc\u00a0<b>Tu\u011f\u00e7e Aral<\/b>\u2019\u0131n, yap\u0131mc\u0131l\u0131\u011f\u0131n\u0131 ise deneyimli isim\u00a0<b>Suat Yan\u00e7<\/b>\u2019\u0131n \u00fcstlendi\u011fi sezonun en iddial\u0131 ve dinamik magazin program\u0131\u00a0<i>NR1 Magazin<\/i>, yepyeni b\u00f6l\u00fcm\u00fcyle izleyiciyi ekran ba\u015f\u0131na kilitlemeye haz\u0131rlan\u0131yor. En renkli, en g\u00fcncel ve en \u00e7ok konu\u015fulan magazin olaylar\u0131n\u0131n nabz\u0131, bu\u00a0<b>Cuma saat 20:00&#8217;de NR1 T\u00fcrk\u00a0<\/b>ekranlar\u0131nda atacak.<\/p>\n<h3>Bu Hafta NR1 Magazin&#8217;de Neler Var?<\/h3>\n<p>Haftan\u0131n en s\u0131cak magazin ba\u015fl\u0131klar\u0131n\u0131n t\u00fcm detaylar\u0131yla masaya yat\u0131r\u0131laca\u011f\u0131 programda, izleyiciyi temposu hi\u00e7 d\u00fc\u015fmeyen dopdolu bir i\u00e7erik bekliyor. \u0130\u015fte bu haftan\u0131n \u00f6ne \u00e7\u0131kan ba\u015fl\u0131klar\u0131:<\/p>\n<ul>\n<li><b>Seda Sayan&#8217;dan G\u00fcld\u00fcren Tepki:<\/b>\u00a0K\u0131br\u0131s&#8217;ta sahne alan \u00fcnl\u00fc sanat\u00e7\u0131 Seda Sayan, e\u015fi \u00c7a\u011flar \u00d6kten\u2019in sahnede evlilik y\u0131l d\u00f6n\u00fcmleri i\u00e7in yapt\u0131\u011f\u0131 beklenmedik s\u00fcrprize nas\u0131l bir tepki verdi? \u0130zleyenleri kahkahaya bo\u011facak o anlar&#8230;<\/p>\n<\/li>\n<li><b>Semicenk Konserinde &#8220;Pi\u015fti&#8221; \u015eoku:<\/b>\u00a0Spor, sanat ve m\u00fczik d\u00fcnyas\u0131n\u0131n ak\u0131n etti\u011fi, \u00fcnl\u00fc ak\u0131n\u0131na u\u011frayan Semicenk konserinde hangi eski sevgililer pi\u015fti oldu? O \u00e7ok konu\u015fulan geceden yans\u0131yan \u00e7arp\u0131c\u0131 g\u00f6r\u00fcnt\u00fcler.<\/p>\n<\/li>\n<li><b>Ziynet Sali&#8217;den Estetik G\u00f6ndermesi:<\/b>\u00a0Memleketi K\u0131br\u0131s&#8217;ta sevenleriyle bulu\u015fan Ziynet Sali, sahnede estetik yapt\u0131ran hangi \u00fcnl\u00fc isimlere bomba g\u00f6ndermelerde bulundu?<\/p>\n<\/li>\n<li><b>Tescilli G\u00fczeller Belli Oldu:<\/b>\u00a0Ankara&#8217;n\u0131n ev sahipli\u011finde d\u00fczenlenen g\u00f6rkemli\u00a0<i>Beauty of Turkey 2026<\/i>\u00a0yar\u0131\u015fmas\u0131n\u0131n kazanan g\u00fczelleri kimler oldu?<\/p>\n<\/li>\n<li><b>M\u00fczi\u011fin Nabz\u0131:<\/b>\u00a0Haftan\u0131n en renkli ve co\u015fkulu konserlerinden \u00e7ok \u00f6zel g\u00f6r\u00fcnt\u00fcler ile m\u00fczik listelerine h\u0131zl\u0131 bir giri\u015f yapan yepyeni video klipler ekranlara gelecek.<\/p>\n<\/li>\n<\/ul>\n<h3>St\u00fcdyoda \u00d6zel Konuk: Hilal Alt\u0131n<\/h3>\n<p>Sadece \u00f6zel haberleriyle de\u011fil, a\u011f\u0131rlad\u0131\u011f\u0131 konuklar\u0131yla da ad\u0131ndan s\u00f6z ettiren programda Tu\u011f\u00e7e Aral\u2019\u0131n bu haftaki st\u00fcdyo konu\u011fu; g\u00fc\u00e7l\u00fc sesi ve yorumuyla dikkat \u00e7eken\u00a0<b>Hilal Alt\u0131n<\/b>\u00a0olacak. Seda Sayan\u2019\u0131n haf\u0131zalara kaz\u0131nan hit par\u00e7as\u0131 *&#8221;Ger\u00e7ek\u00e7i Ol&#8221;*u y\u0131llar sonra kendine has tarz\u0131yla yeniden yorumlayan ba\u015far\u0131l\u0131 \u015fark\u0131c\u0131, m\u00fczik yolculu\u011funu ve yeni projelerini NR1 Magazin&#8217;de izleyicilerle payla\u015facak.<\/p>\n<p>Kaynak: (BYZHA) Beyaz Haber Ajans\u0131<\/p>\n","protected":false},"excerpt":{"rendered":"<p>Sunuculu\u011funu ekranlar\u0131n sevilen y\u00fcz\u00fc\u00a0Tu\u011f\u00e7e Aral\u2019\u0131n, yap\u0131mc\u0131l\u0131\u011f\u0131n\u0131 ise deneyimli isim\u00a0Suat Yan\u00e7\u2019\u0131n \u00fcstlendi\u011fi sezonun en iddial\u0131 ve dinamik magazin program\u0131\u00a0NR1 Magazin, yepyeni b\u00f6l\u00fcm\u00fcyle izleyiciyi ekran ba\u015f\u0131na kilitlemeye haz\u0131rlan\u0131yor.<\/p>\n","protected":false},"author":1,"featured_media":14463,"comment_status":"open","ping_status":"open","sticky":false,"template":"","format":"standard","meta":{"footnotes":""},"categories":[1],"tags":[],"class_list":["post-14462","post","type-post","status-publish","format-standard","has-post-thumbnail","hentry","category-magazin"],"_links":{"self":[{"href":"https:\/\/akdenizolay.com.tr\/index.php\/wp-json\/wp\/v2\/posts\/14462","targetHints":{"allow":["GET"]}}],"collection":[{"href":"https:\/\/akdenizolay.com.tr\/index.php\/wp-json\/wp\/v2\/posts"}],"about":[{"href":"https:\/\/akdenizolay.com.tr\/index.php\/wp-json\/wp\/v2\/types\/post"}],"author":[{"embeddable":true,"href":"https:\/\/akdenizolay.com.tr\/index.php\/wp-json\/wp\/v2\/users\/1"}],"replies":[{"embeddable":true,"href":"https:\/\/akdenizolay.com.tr\/index.php\/wp-json\/wp\/v2\/comments?post=14462"}],"version-history":[{"count":1,"href":"https:\/\/akdenizolay.com.tr\/index.php\/wp-json\/wp\/v2\/posts\/14462\/revisions"}],"predecessor-version":[{"id":14464,"href":"https:\/\/akdenizolay.com.tr\/index.php\/wp-json\/wp\/v2\/posts\/14462\/revisions\/14464"}],"wp:featuredmedia":[{"embeddable":true,"href":"https:\/\/akdenizolay.com.tr\/index.php\/wp-json\/wp\/v2\/media\/14463"}],"wp:attachment":[{"href":"https:\/\/akdenizolay.com.tr\/index.php\/wp-json\/wp\/v2\/media?parent=14462"}],"wp:term":[{"taxonomy":"category","embeddable":true,"href":"https:\/\/akdenizolay.com.tr\/index.php\/wp-json\/wp\/v2\/categories?post=14462"},{"taxonomy":"post_tag","embeddable":true,"href":"https:\/\/akdenizolay.com.tr\/index.php\/wp-json\/wp\/v2\/tags?post=14462"}],"curies":[{"name":"wp","href":"https:\/\/api.w.org\/{rel}","templated":true}]}}