{"id":14468,"date":"2026-05-01T13:28:25","date_gmt":"2026-05-01T13:28:25","guid":{"rendered":"https:\/\/akdenizolay.com.tr\/index.php\/2026\/05\/01\/osmangazide-kadinin-uretim-gucu-1-mayista-sergilendi\/"},"modified":"2026-05-01T13:28:26","modified_gmt":"2026-05-01T13:28:26","slug":"osmangazide-kadinin-uretim-gucu-1-mayista-sergilendi","status":"publish","type":"post","link":"https:\/\/akdenizolay.com.tr\/index.php\/2026\/05\/01\/osmangazide-kadinin-uretim-gucu-1-mayista-sergilendi\/","title":{"rendered":"Osmangazi\u2019de Kad\u0131n\u0131n \u00dcretim G\u00fcc\u00fc 1 May\u0131s\u2019ta Sergilendi"},"content":{"rendered":"<p> <span style=\"font-size:12pt\"><span style=\",serif\"><span style=\"font-size:11.0pt\"><span style=\",serif\">Kad\u0131nlar\u0131n ekonomik hayata kat\u0131l\u0131m\u0131n\u0131 art\u0131racak ve kad\u0131n istihdam\u0131n\u0131 destekleyecek projeleri hayata ge\u00e7iren Osmangazi Belediyesi\u2019nin 1 May\u0131s\u2019a \u00f6zel olarak kurdu\u011fu Kad\u0131n Giri\u015fimciler Soka\u011f\u0131 ile kad\u0131nlar, el eme\u011fi \u00fcr\u00fcnlerini sergiledi.<\/span><\/span><\/span><\/span><\/p>\n<p><span style=\"font-size:12pt\"><span style=\",serif\"><span style=\"font-size:11.0pt\"><span style=\",serif\">Kad\u0131nlar\u0131n ekonomik ve sosyal hayatta daha g\u00fc\u00e7l\u00fc bir \u015fekilde yer almas\u0131n\u0131 sa\u011flamak amac\u0131yla projelerini s\u00fcrd\u00fcren Osmangazi Belediyesi, 1 May\u0131s Emek ve Dayan\u0131\u015fma G\u00fcn\u00fc\u2019nde kad\u0131n giri\u015fimcileri vatanda\u015flarla bulu\u015fturdu. Bu \u00f6zel g\u00fcn dolay\u0131s\u0131yla Osmangazi Meydan\u0131\u2019nda kurulan Kad\u0131n Giri\u015fimciler Soka\u011f\u0131\u2019nda, giri\u015fimci kad\u0131nlar el eme\u011fini \u00fcr\u00fcnlerini ziyaret\u00e7ilerin be\u011fenisine sundu. Kad\u0131n eme\u011finin g\u00f6r\u00fcn\u00fcr k\u0131l\u0131nmas\u0131 ve ekonomik de\u011fere d\u00f6n\u00fc\u015ft\u00fcr\u00fclmesi hedefiyle d\u00fczenlenen etkinlikte el i\u015fi \u00fcr\u00fcnlerden tak\u0131lara, tekstil \u00fcr\u00fcnlerinden dekoratif objelere kadar geni\u015f bir yelpazede \u00fcr\u00fcnler sergilendi. Her biri \u00f6zg\u00fcn tasar\u0131mlardan olu\u015fan \u00fcr\u00fcnler, kad\u0131nlar\u0131n \u00fcretim g\u00fcc\u00fcn\u00fc ve yarat\u0131c\u0131l\u0131\u011f\u0131n\u0131 ortaya koyarken, ayn\u0131 zamanda yerel ekonomiye de katk\u0131 sa\u011flad\u0131. Vatanda\u015flar\u0131n yo\u011fun kat\u0131l\u0131m g\u00f6sterdi\u011fi etkinlikte al\u0131\u015fveri\u015f yapan ziyaret\u00e7iler, hem kad\u0131n eme\u011fine destek olman\u0131n hem de \u00f6zg\u00fcn \u00fcr\u00fcnlere ula\u015fman\u0131n memnuniyetini ya\u015fad\u0131. Giri\u015fimci kad\u0131nlar, kendilerine bu imkan\u0131 sa\u011flayan Osmangazi Belediyesi\u2019ne ve Osmangazi Belediye Ba\u015fkan\u0131 Erkan Ayd\u0131n\u2019a te\u015fekk\u00fcrlerini sundu.<\/span><\/span><\/span><\/span><\/p>\n<p>\u00a0<\/p>\n<p>Kaynak: (BYZHA) Beyaz Haber Ajans\u0131<\/p>\n","protected":false},"excerpt":{"rendered":"<p>Kad\u0131nlar\u0131n ekonomik hayata kat\u0131l\u0131m\u0131n\u0131 art\u0131racak ve kad\u0131n istihdam\u0131n\u0131 destekleyecek projeleri hayata ge\u00e7iren Osmangazi Belediyesi\u2019nin 1 May\u0131s\u2019a \u00f6zel olarak kurdu\u011fu Kad\u0131n Giri\u015fimciler Soka\u011f\u0131 ile kad\u0131nlar, el eme\u011fi \u00fcr\u00fcnlerini sergiledi.<\/p>\n","protected":false},"author":1,"featured_media":14469,"comment_status":"open","ping_status":"open","sticky":false,"template":"","format":"standard","meta":{"footnotes":""},"categories":[20],"tags":[],"class_list":["post-14468","post","type-post","status-publish","format-standard","has-post-thumbnail","hentry","category-gundem"],"_links":{"self":[{"href":"https:\/\/akdenizolay.com.tr\/index.php\/wp-json\/wp\/v2\/posts\/14468","targetHints":{"allow":["GET"]}}],"collection":[{"href":"https:\/\/akdenizolay.com.tr\/index.php\/wp-json\/wp\/v2\/posts"}],"about":[{"href":"https:\/\/akdenizolay.com.tr\/index.php\/wp-json\/wp\/v2\/types\/post"}],"author":[{"embeddable":true,"href":"https:\/\/akdenizolay.com.tr\/index.php\/wp-json\/wp\/v2\/users\/1"}],"replies":[{"embeddable":true,"href":"https:\/\/akdenizolay.com.tr\/index.php\/wp-json\/wp\/v2\/comments?post=14468"}],"version-history":[{"count":1,"href":"https:\/\/akdenizolay.com.tr\/index.php\/wp-json\/wp\/v2\/posts\/14468\/revisions"}],"predecessor-version":[{"id":14470,"href":"https:\/\/akdenizolay.com.tr\/index.php\/wp-json\/wp\/v2\/posts\/14468\/revisions\/14470"}],"wp:featuredmedia":[{"embeddable":true,"href":"https:\/\/akdenizolay.com.tr\/index.php\/wp-json\/wp\/v2\/media\/14469"}],"wp:attachment":[{"href":"https:\/\/akdenizolay.com.tr\/index.php\/wp-json\/wp\/v2\/media?parent=14468"}],"wp:term":[{"taxonomy":"category","embeddable":true,"href":"https:\/\/akdenizolay.com.tr\/index.php\/wp-json\/wp\/v2\/categories?post=14468"},{"taxonomy":"post_tag","embeddable":true,"href":"https:\/\/akdenizolay.com.tr\/index.php\/wp-json\/wp\/v2\/tags?post=14468"}],"curies":[{"name":"wp","href":"https:\/\/api.w.org\/{rel}","templated":true}]}}