{"id":14483,"date":"2026-05-01T15:08:19","date_gmt":"2026-05-01T15:08:19","guid":{"rendered":"https:\/\/akdenizolay.com.tr\/index.php\/2026\/05\/01\/izmir-bakircay-universitesinde-bahar-coskusu-4-7-mayista-bahar-senlikleri-basliyor\/"},"modified":"2026-05-01T15:08:20","modified_gmt":"2026-05-01T15:08:20","slug":"izmir-bakircay-universitesinde-bahar-coskusu-4-7-mayista-bahar-senlikleri-basliyor","status":"publish","type":"post","link":"https:\/\/akdenizolay.com.tr\/index.php\/2026\/05\/01\/izmir-bakircay-universitesinde-bahar-coskusu-4-7-mayista-bahar-senlikleri-basliyor\/","title":{"rendered":"\u0130zmir Bak\u0131r\u00e7ay \u00dcniversitesi\u2019nde Bahar Co\u015fkusu: 4\u20137 May\u0131s\u2019ta Bahar \u015eenlikleri Ba\u015fl\u0131yor"},"content":{"rendered":"<p> \u0130zmir Bak\u0131r\u00e7ay \u00dcniversitesi, gelenekselle\u015fen Bahar \u015eenlikleri ile bu y\u0131l da \u00f6\u011frencilerini dopdolu bir etkinlik program\u0131yla bulu\u015fturuyor. 4\u20137 May\u0131s tarihleri aras\u0131nda ger\u00e7ekle\u015ftirilecek \u015fenlikler, m\u00fczikten sanata, spordan e\u011flenceye uzanan geni\u015f i\u00e7eri\u011fiyle kamp\u00fcste unutulmaz anlara sahne olacak.<\/p>\n<p>\u015eenlikler kapsam\u0131nda Buray, Erdem K\u0131nay, \u0130kilem gibi sevilen sanat\u00e7\u0131 ve gruplar ba\u015fta olmak \u00fczere bir\u00e7ok m\u00fczik grubu ve sanat\u00e7\u0131 sahne alacak. Konserlerin yan\u0131 s\u0131ra \u015fark\u0131 yar\u0131\u015fmalar\u0131, dans g\u00f6sterileri ve DJ performanslar\u0131yla kamp\u00fcs, d\u00f6rt g\u00fcn boyunca kesintisiz bir e\u011flence atmosferine b\u00fcr\u00fcnecek.<\/p>\n<p>Etkinlik program\u0131 yaln\u0131zca m\u00fczikle s\u0131n\u0131rl\u0131 kalmayacak; \u00f6d\u00fcll\u00fc sokak oyunlar\u0131, a\u00e7\u0131k hava sinema g\u00f6sterimleri, resim yar\u0131\u015fmalar\u0131 ve tasar\u0131m sergileri ile kat\u0131l\u0131mc\u0131lar yarat\u0131c\u0131l\u0131klar\u0131n\u0131 sergileme f\u0131rsat\u0131 bulacak. Sanat\u0131n farkl\u0131 disiplinlerini bir araya getiren bu zengin i\u00e7erik, \u00fcniversite ya\u015fam\u0131na renk katacak.<\/p>\n<p>\u015eenlikler kapsam\u0131nda ayr\u0131ca Devlet Tiyatrolar\u0131 Genel M\u00fcd\u00fcr\u00fc Tamer Karada\u011fl\u0131 ve Devlet Tiyatrolar\u0131 sanat\u00e7\u0131lar\u0131n\u0131n kat\u0131l\u0131m\u0131yla s\u00f6yle\u015filer d\u00fczenlenecek, tiyatro g\u00f6sterileri ile sahne sanatlar\u0131 kamp\u00fcse ta\u015f\u0131nacak. B\u00f6ylece kat\u0131l\u0131mc\u0131lar hem e\u011flenecek hem de k\u00fclt\u00fcrel ve sanatsal a\u00e7\u0131dan zengin bir deneyim ya\u015fayacak.<\/p>\n<p>\u0130zmir Bak\u0131r\u00e7ay \u00dcniversitesi Bahar \u015eenlikleri, \u00f6\u011frencilerin sosyal etkile\u015fimini art\u0131rmay\u0131, kamp\u00fcs ya\u015fam\u0131n\u0131 canland\u0131rmay\u0131 ve gen\u00e7lerin sanatsal, k\u00fclt\u00fcrel ve sportif faaliyetlere kat\u0131l\u0131m\u0131n\u0131 te\u015fvik etmeyi ama\u00e7l\u0131yor. Ayn\u0131 zamanda \u015fenlikler, \u00fcniversitenin dinamik ve \u00fcretken yap\u0131s\u0131n\u0131 yans\u0131tarak kente de \u00f6nemli bir k\u00fclt\u00fcrel hareketlilik kazand\u0131racak.<\/p>\n<p>\u00a0<\/p>\n<p>\u00a0<\/p>\n<p>Kaynak: (BYZHA) Beyaz Haber Ajans\u0131<\/p>\n","protected":false},"excerpt":{"rendered":"<p>\u0130zmir Bak\u0131r\u00e7ay \u00dcniversitesi, gelenekselle\u015fen Bahar \u015eenlikleri ile bu y\u0131l da \u00f6\u011frencilerini dopdolu bir etkinlik program\u0131yla bulu\u015fturuyor.<\/p>\n","protected":false},"author":1,"featured_media":14484,"comment_status":"open","ping_status":"open","sticky":false,"template":"","format":"standard","meta":{"footnotes":""},"categories":[24],"tags":[],"class_list":["post-14483","post","type-post","status-publish","format-standard","has-post-thumbnail","hentry","category-kultur-sanat"],"_links":{"self":[{"href":"https:\/\/akdenizolay.com.tr\/index.php\/wp-json\/wp\/v2\/posts\/14483","targetHints":{"allow":["GET"]}}],"collection":[{"href":"https:\/\/akdenizolay.com.tr\/index.php\/wp-json\/wp\/v2\/posts"}],"about":[{"href":"https:\/\/akdenizolay.com.tr\/index.php\/wp-json\/wp\/v2\/types\/post"}],"author":[{"embeddable":true,"href":"https:\/\/akdenizolay.com.tr\/index.php\/wp-json\/wp\/v2\/users\/1"}],"replies":[{"embeddable":true,"href":"https:\/\/akdenizolay.com.tr\/index.php\/wp-json\/wp\/v2\/comments?post=14483"}],"version-history":[{"count":1,"href":"https:\/\/akdenizolay.com.tr\/index.php\/wp-json\/wp\/v2\/posts\/14483\/revisions"}],"predecessor-version":[{"id":14485,"href":"https:\/\/akdenizolay.com.tr\/index.php\/wp-json\/wp\/v2\/posts\/14483\/revisions\/14485"}],"wp:featuredmedia":[{"embeddable":true,"href":"https:\/\/akdenizolay.com.tr\/index.php\/wp-json\/wp\/v2\/media\/14484"}],"wp:attachment":[{"href":"https:\/\/akdenizolay.com.tr\/index.php\/wp-json\/wp\/v2\/media?parent=14483"}],"wp:term":[{"taxonomy":"category","embeddable":true,"href":"https:\/\/akdenizolay.com.tr\/index.php\/wp-json\/wp\/v2\/categories?post=14483"},{"taxonomy":"post_tag","embeddable":true,"href":"https:\/\/akdenizolay.com.tr\/index.php\/wp-json\/wp\/v2\/tags?post=14483"}],"curies":[{"name":"wp","href":"https:\/\/api.w.org\/{rel}","templated":true}]}}