{"id":14546,"date":"2026-05-02T09:02:18","date_gmt":"2026-05-02T09:02:18","guid":{"rendered":"https:\/\/akdenizolay.com.tr\/index.php\/2026\/05\/02\/bucada-kitap-degisim-gunleri\/"},"modified":"2026-05-02T09:02:19","modified_gmt":"2026-05-02T09:02:19","slug":"bucada-kitap-degisim-gunleri","status":"publish","type":"post","link":"https:\/\/akdenizolay.com.tr\/index.php\/2026\/05\/02\/bucada-kitap-degisim-gunleri\/","title":{"rendered":"Buca\u2019da Kitap De\u011fi\u015fim G\u00fcnleri"},"content":{"rendered":"<p> Buca\u2019da \u201cKitap De\u011fi\u015fim G\u00fcnleri\u201d ba\u015flad\u0131. Buca Belediye Ba\u015fkan\u0131 Mimar G\u00f6rkem Duman, tasarruf ve dayan\u0131\u015fmay\u0131 oda\u011fa alan projeyle Buca\u2019n\u0131n d\u00f6rt bir yan\u0131n\u0131 a\u00e7\u0131k hava k\u00fct\u00fcphanesine d\u00f6n\u00fc\u015ft\u00fcreceklerini s\u00f6yledi.<\/p>\n<p>Buca Belediyesi, il\u00e7ede okuma k\u00fclt\u00fcr\u00fcn\u00fc yayg\u0131nla\u015ft\u0131rmak ve toplumsal dayan\u0131\u015fmay\u0131 g\u00fc\u00e7lendirmek amac\u0131yla \u201cKitap De\u011fi\u015fim G\u00fcnleri\u201d projesini ba\u015flatt\u0131. Projenin ilk dura\u011f\u0131 \u0130zkent Mahallesi olurken, etkinlik her ya\u015ftan kitapsevere ev sahipli\u011fi yapt\u0131. Mobil k\u00fct\u00fcphane mant\u0131\u011f\u0131yla hayata ge\u00e7irilen etkinlikte vatanda\u015flar, evlerindeki k\u00fct\u00fcphanelerde bekleyen y\u0131pranmam\u0131\u015f kitaplar\u0131n\u0131 getirerek stantlardaki di\u011fer eserlerle \u00fccretsiz olarak takas etme imk\u00e2n\u0131 buldu. Bu sayede hem kitaplar\u0131n \u00f6mr\u00fc uzad\u0131 hem de kitapseverler k\u00fct\u00fcphanelerini yeni hik\u00e2yelerle zenginle\u015ftirdi.<\/p>\n<p>\u201cK\u00dcLT\u00dcREL B\u0130R BA\u011e KURUYORUZ\u201d<\/p>\n<p>Projenin ayn\u0131 zamanda bir dayan\u0131\u015fma hareketi oldu\u011funu vurgulayan Buca Belediye Ba\u015fkan\u0131 G\u00f6rkem Duman, \u015funlar\u0131 kaydetti:<\/p>\n<p>\u201cKitap De\u011fi\u015fim G\u00fcnleri ile hem\u015fehrilerimiz aras\u0131nda g\u00fc\u00e7l\u00fc bir k\u00fclt\u00fcrel ba\u011f kurmay\u0131\u00a0ama\u00e7l\u0131yoruz. Her mahallede kurulacak bu bulu\u015fma noktalar\u0131yla kitaplar\u0131 yeniden dola\u015f\u0131ma kazand\u0131r\u0131rken, okuma al\u0131\u015fkanl\u0131\u011f\u0131n\u0131 da hep birlikte b\u00fcy\u00fctece\u011fiz. Payla\u015fman\u0131n g\u00fcc\u00fcyle raflarda tozlanan her bir sayfan\u0131n, bir ba\u015fka kom\u015fumuzun d\u00fcnyas\u0131nda yepyeni pencereler a\u00e7mas\u0131n\u0131 istiyoruz. Tasarruf ve dayan\u0131\u015fmay\u0131 oda\u011fa alan bu projemizle, Buca\u2019n\u0131n d\u00f6rt bir yan\u0131n\u0131 a\u00e7\u0131k hava k\u00fct\u00fcphanesine d\u00f6n\u00fc\u015ft\u00fcrece\u011fiz.\u201d<\/p>\n<p>Her hafta farkl\u0131 bir mahallede ger\u00e7ekle\u015ftirilecek etkinliklerin \u00f6n\u00fcm\u00fczdeki g\u00fcnlerdeki duraklar\u0131 \u015f\u00f6yle olacak: 7 May\u0131s Cumhuriyet Mahallesi, 14 May\u0131s Aydo\u011fdu Mahallesi, 21 May\u0131s \u015eirinkap\u0131 Mahallesi, 4 Haziran \u00c7a\u011fda\u015f Mahallesi, 11 Haziran Karanfil Mahallesi, 18 Haziran Adatepe Mahallesi ve 25 Haziran Murathan Mahallesi.<\/p>\n<p>\u00a0<\/p>\n<p>Kaynak: (BYZHA) Beyaz Haber Ajans\u0131<\/p>\n","protected":false},"excerpt":{"rendered":"<p>Buca\u2019da \u201cKitap De\u011fi\u015fim G\u00fcnleri\u201d ba\u015flad\u0131.<\/p>\n","protected":false},"author":1,"featured_media":14547,"comment_status":"open","ping_status":"open","sticky":false,"template":"","format":"standard","meta":{"footnotes":""},"categories":[24],"tags":[],"class_list":["post-14546","post","type-post","status-publish","format-standard","has-post-thumbnail","hentry","category-kultur-sanat"],"_links":{"self":[{"href":"https:\/\/akdenizolay.com.tr\/index.php\/wp-json\/wp\/v2\/posts\/14546","targetHints":{"allow":["GET"]}}],"collection":[{"href":"https:\/\/akdenizolay.com.tr\/index.php\/wp-json\/wp\/v2\/posts"}],"about":[{"href":"https:\/\/akdenizolay.com.tr\/index.php\/wp-json\/wp\/v2\/types\/post"}],"author":[{"embeddable":true,"href":"https:\/\/akdenizolay.com.tr\/index.php\/wp-json\/wp\/v2\/users\/1"}],"replies":[{"embeddable":true,"href":"https:\/\/akdenizolay.com.tr\/index.php\/wp-json\/wp\/v2\/comments?post=14546"}],"version-history":[{"count":1,"href":"https:\/\/akdenizolay.com.tr\/index.php\/wp-json\/wp\/v2\/posts\/14546\/revisions"}],"predecessor-version":[{"id":14548,"href":"https:\/\/akdenizolay.com.tr\/index.php\/wp-json\/wp\/v2\/posts\/14546\/revisions\/14548"}],"wp:featuredmedia":[{"embeddable":true,"href":"https:\/\/akdenizolay.com.tr\/index.php\/wp-json\/wp\/v2\/media\/14547"}],"wp:attachment":[{"href":"https:\/\/akdenizolay.com.tr\/index.php\/wp-json\/wp\/v2\/media?parent=14546"}],"wp:term":[{"taxonomy":"category","embeddable":true,"href":"https:\/\/akdenizolay.com.tr\/index.php\/wp-json\/wp\/v2\/categories?post=14546"},{"taxonomy":"post_tag","embeddable":true,"href":"https:\/\/akdenizolay.com.tr\/index.php\/wp-json\/wp\/v2\/tags?post=14546"}],"curies":[{"name":"wp","href":"https:\/\/api.w.org\/{rel}","templated":true}]}}