{"id":14549,"date":"2026-05-02T09:08:59","date_gmt":"2026-05-02T09:08:59","guid":{"rendered":"https:\/\/akdenizolay.com.tr\/index.php\/2026\/05\/02\/40-noktada-kamerali-denetim-basladi\/"},"modified":"2026-05-02T09:09:00","modified_gmt":"2026-05-02T09:09:00","slug":"40-noktada-kamerali-denetim-basladi","status":"publish","type":"post","link":"https:\/\/akdenizolay.com.tr\/index.php\/2026\/05\/02\/40-noktada-kamerali-denetim-basladi\/","title":{"rendered":"40 noktada kameral\u0131 denetim ba\u015flad\u0131!"},"content":{"rendered":"<p> <b>Daha temiz bir kent hedefiyle hayata ge\u00e7irdi\u011fi uygulamalara bir yenisini daha ekleyen Kar\u015f\u0131yaka Belediyesi, sokaklara ka\u00e7ak moloz ve at\u0131k e\u015fya b\u0131rak\u0131lmas\u0131n\u0131 \u00f6nlemek i\u00e7in 40 noktaya yeni nesil kamera sistemi kurdu. Bu sayede sokaklar 7\/24 takip edilecek, \u00e7evreyi kirletenlere siren ve anonsla anl\u0131k uyar\u0131lar yap\u0131lacak. Belediye Ba\u015fkan\u0131 Y\u0131ld\u0131z \u00dcnsal, \u201cBu sistemle t\u00fcm amac\u0131m\u0131z, \u00e7evre koruma bilincini g\u00fc\u00e7lendirmek ve kal\u0131c\u0131 hale getirmektir. Kentimizin temiz tutmak i\u00e7in herkesten duyarl\u0131l\u0131k bekliyoruz\u201d dedi.<\/b><\/p>\n<p>\u00c7evre sa\u011fl\u0131\u011f\u0131n\u0131 ve kent esteti\u011fini korumak amac\u0131yla temizlik \u00e7al\u0131\u015fmalar\u0131n\u0131 yo\u011funla\u015ft\u0131ran Kar\u015f\u0131yaka Belediyesi, bir yandan da sokaklara geli\u015fig\u00fczel \u015fekilde moloz ve at\u0131k b\u0131rak\u0131lmas\u0131n\u0131 \u00f6nlemek i\u00e7in kararl\u0131 bir m\u00fccadele y\u00fcr\u00fct\u00fcyor. Bu kapsamda, il\u00e7e genelinde kontrols\u00fcz at\u0131k \u015fikayetlerinin yo\u011funla\u015ft\u0131\u011f\u0131 40 ayr\u0131 noktaya yeni nesil kamera sistemi kuruldu. Gece g\u00f6r\u00fc\u015f\u00fc, hareket sens\u00f6r\u00fc ve g\u00fcne\u015f enerjisiyle \u00e7al\u0131\u015fan kameralar, Temizlik \u0130\u015fleri M\u00fcd\u00fcrl\u00fc\u011f\u00fc\u2019ne ba\u011fl\u0131 zab\u0131ta ekipleri taraf\u0131ndan s\u00fcrekli olarak takip edilecek.<\/p>\n<p><b>ANLIK UYARI YAPILACAK<\/b><\/p>\n<p>Kabahatler Kanunu\u2019na ayk\u0131r\u0131 \u015fekilde sokaklara, \u00f6zellikle de \u00e7\u00f6p konteynerlerinin kenarlar\u0131na \u00e7\u00f6p d\u0131\u015f\u0131 moloz, eski mobilya ve benzeri at\u0131k b\u0131rakanlar, kameralardan tespit edilecek. Anl\u0131k takibe yakalananlara siren ve anonsla uyar\u0131 verilecek. G\u00f6r\u00fcnt\u00fcler sistem haf\u0131zas\u0131nda saklanacak ve \u00e7evreyi kirleterek ortak ya\u015fam alanlar\u0131na zarar verdi\u011fi belirlenen ki\u015filer hakk\u0131nda cezai i\u015flem uygulanacak. \u0130lk etapta 40 kamera ile hayata ge\u00e7irilen sistem, \u00f6n\u00fcm\u00fczdeki s\u00fcre\u00e7te farkl\u0131 noktalara da yay\u0131lacak.<\/p>\n<p><b>HEDEF B\u0130L\u0130N\u00c7L\u0130 TOPLUM<\/b><\/p>\n<p>Kar\u015f\u0131yaka Belediye Ba\u015fkan\u0131 Y\u0131ld\u0131z \u00dcnsal, \u201cBiz Kar\u015f\u0131yaka Belediyesi olarak daha temiz bir kent i\u00e7in b\u00fcy\u00fck bir gayretle \u00e7al\u0131\u015f\u0131yor; at\u0131k y\u00f6netimimizi y\u00fcksek verimlilikle, en etkin \u015fekilde \u015fekilde s\u00fcrd\u00fcr\u00fcyoruz. Ancak sadece temizlemek yetmez, as\u0131l olan temiz tutmak ve eme\u011fi korumakt\u0131r. Bu anlay\u0131\u015fla, ortak ya\u015fam alan\u0131m\u0131z olan sokaklar\u0131m\u0131z\u0131 ka\u00e7ak moloz ve at\u0131klar\u0131n yaratt\u0131\u011f\u0131 kirlilikten kurtarmakta kararl\u0131y\u0131z. Yeni nesil kamera sistemimizle, \u00f6zellikle at\u0131k birikiminin yo\u011fun oldu\u011fu noktalar\u0131 7 g\u00fcn 24 saat mercek alt\u0131na al\u0131yoruz. Amac\u0131m\u0131z cezaland\u0131rmaktan ziyade, \u00e7evre koruma bilincini g\u00fc\u00e7lendirmek ve kal\u0131c\u0131 hale getirmektir. Kar\u015f\u0131yakam\u0131z\u0131 daha temiz, daha ya\u015fanabilir ve daha d\u00fczenli bir kent haline getirmek i\u00e7in kararl\u0131l\u0131kla \u00e7al\u0131\u015fmaya devam edece\u011fiz\u201d diye konu\u015ftu.<\/p>\n<p>\u00a0<\/p>\n<p>Kaynak: (BYZHA) Beyaz Haber Ajans\u0131<\/p>\n","protected":false},"excerpt":{"rendered":"<p>Daha temiz bir kent hedefiyle hayata ge\u00e7irdi\u011fi uygulamalara bir yenisini daha ekleyen Kar\u015f\u0131yaka Belediyesi, sokaklara ka\u00e7ak moloz ve at\u0131k e\u015fya b\u0131rak\u0131lmas\u0131n\u0131 \u00f6nlemek i\u00e7in 40 noktaya yeni nesil kamera sistemi kurdu.<\/p>\n","protected":false},"author":1,"featured_media":14550,"comment_status":"open","ping_status":"open","sticky":false,"template":"","format":"standard","meta":{"footnotes":""},"categories":[20],"tags":[],"class_list":["post-14549","post","type-post","status-publish","format-standard","has-post-thumbnail","hentry","category-gundem"],"_links":{"self":[{"href":"https:\/\/akdenizolay.com.tr\/index.php\/wp-json\/wp\/v2\/posts\/14549","targetHints":{"allow":["GET"]}}],"collection":[{"href":"https:\/\/akdenizolay.com.tr\/index.php\/wp-json\/wp\/v2\/posts"}],"about":[{"href":"https:\/\/akdenizolay.com.tr\/index.php\/wp-json\/wp\/v2\/types\/post"}],"author":[{"embeddable":true,"href":"https:\/\/akdenizolay.com.tr\/index.php\/wp-json\/wp\/v2\/users\/1"}],"replies":[{"embeddable":true,"href":"https:\/\/akdenizolay.com.tr\/index.php\/wp-json\/wp\/v2\/comments?post=14549"}],"version-history":[{"count":1,"href":"https:\/\/akdenizolay.com.tr\/index.php\/wp-json\/wp\/v2\/posts\/14549\/revisions"}],"predecessor-version":[{"id":14551,"href":"https:\/\/akdenizolay.com.tr\/index.php\/wp-json\/wp\/v2\/posts\/14549\/revisions\/14551"}],"wp:featuredmedia":[{"embeddable":true,"href":"https:\/\/akdenizolay.com.tr\/index.php\/wp-json\/wp\/v2\/media\/14550"}],"wp:attachment":[{"href":"https:\/\/akdenizolay.com.tr\/index.php\/wp-json\/wp\/v2\/media?parent=14549"}],"wp:term":[{"taxonomy":"category","embeddable":true,"href":"https:\/\/akdenizolay.com.tr\/index.php\/wp-json\/wp\/v2\/categories?post=14549"},{"taxonomy":"post_tag","embeddable":true,"href":"https:\/\/akdenizolay.com.tr\/index.php\/wp-json\/wp\/v2\/tags?post=14549"}],"curies":[{"name":"wp","href":"https:\/\/api.w.org\/{rel}","templated":true}]}}