{"id":14597,"date":"2026-05-03T10:11:06","date_gmt":"2026-05-03T10:11:06","guid":{"rendered":"https:\/\/akdenizolay.com.tr\/index.php\/2026\/05\/03\/tbb-mayis-meclisinde-gorev-dagilimi-levent-koc-guven-tazeledi\/"},"modified":"2026-05-03T10:11:07","modified_gmt":"2026-05-03T10:11:07","slug":"tbb-mayis-meclisinde-gorev-dagilimi-levent-koc-guven-tazeledi","status":"publish","type":"post","link":"https:\/\/akdenizolay.com.tr\/index.php\/2026\/05\/03\/tbb-mayis-meclisinde-gorev-dagilimi-levent-koc-guven-tazeledi\/","title":{"rendered":"TBB May\u0131s Meclisinde G\u00f6rev Da\u011f\u0131l\u0131m\u0131: Levent Ko\u00e7 G\u00fcven Tazeledi"},"content":{"rendered":"<p> <b>T\u00fcrkiye Belediyeler Birli\u011fi\u2019nin May\u0131s Ay\u0131 Ola\u011fan Meclis Toplant\u0131s\u0131, yeni ba\u015fkan\u0131n yan\u0131 s\u0131ra meclis ba\u015fkanl\u0131k divan\u0131, ihtisas komisyonu ve enc\u00fcmen \u00fcyelerinin belirlenmesi g\u00fcndemiyle ger\u00e7ekle\u015ftirildi.<\/b><\/p>\n<p>Yap\u0131lan ba\u015fkanl\u0131k se\u00e7iminde 864 meclis \u00fcyesinden 757\u2019si oy kulland\u0131. Vahap Se\u00e7er, 446 oy alarak T\u00fcrkiye Belediyeler Birli\u011fi Ba\u015fkan\u0131 se\u00e7ildi. Se\u00e7imde F\u0131rat G\u00f6rgel ise 311 oyda kald\u0131.<\/p>\n<p>\u00d6te yandan Levent Ko\u00e7, yap\u0131lan se\u00e7imde yeniden k\u00e2tip \u00fcye olarak g\u00f6rev ald\u0131.<\/p>\n<p>Ba\u015fkan Levent Ko\u00e7 yapt\u0131\u011f\u0131 a\u00e7\u0131klamada, \u201cT\u00fcrkiye\u2019de bulunan b\u00fct\u00fcn belediyeleri \u00e7at\u0131s\u0131 alt\u0131nda toplayan b\u00f6yle \u00f6nemli bir yap\u0131da Haymana\u2019y\u0131 tekrar temsil edecek olmak \u00e7ok \u00f6nemli. Belediyeler Birli\u011fi arac\u0131l\u0131\u011f\u0131yla bir\u00e7ok \u00f6nemli \u00e7al\u0131\u015fmaya imza ataca\u011f\u0131m\u0131za, Haymanam\u0131z\u0131 di\u011fer il\u00e7elerle kayna\u015ft\u0131raca\u011f\u0131m\u0131za inan\u0131yorum.\u201d diye konu\u015ftu.\u00a0<\/p>\n<p>1945 y\u0131l\u0131nda belediyecilik alan\u0131nda faaliyet g\u00f6stermek \u00fczere kamu yarar\u0131na bir dernek olarak kurulan T\u00fcrkiye Belediyeler Birli\u011fi, uzun y\u0131llar dernek stat\u00fcs\u00fcnde hizmet verdi. 2002 y\u0131l\u0131nda Bakanlar Kurulu karar\u0131yla mahalli idare birli\u011fi stat\u00fcs\u00fcne kavu\u015fan TBB, bug\u00fcn T\u00fcrkiye\u2019deki t\u00fcm belediyeleri tek \u00e7at\u0131 alt\u0131nda toplayan ve ulusal ile uluslararas\u0131 d\u00fczeyde temsil yetkisine sahip tek birlik olma \u00f6zelli\u011fini ta\u015f\u0131yor.<\/p>\n<p>Kaynak: (BYZHA) Beyaz Haber Ajans\u0131<\/p>\n","protected":false},"excerpt":{"rendered":"<p>T\u00fcrkiye Belediyeler Birli\u011fi\u2019nin May\u0131s Ay\u0131 Ola\u011fan Meclis Toplant\u0131s\u0131, yeni ba\u015fkan\u0131n yan\u0131 s\u0131ra meclis ba\u015fkanl\u0131k divan\u0131, ihtisas komisyonu ve enc\u00fcmen \u00fcyelerinin belirlenmesi g\u00fcndemiyle ger\u00e7ekle\u015ftirildi.<\/p>\n","protected":false},"author":1,"featured_media":14598,"comment_status":"open","ping_status":"open","sticky":false,"template":"","format":"standard","meta":{"footnotes":""},"categories":[20],"tags":[],"class_list":["post-14597","post","type-post","status-publish","format-standard","has-post-thumbnail","hentry","category-gundem"],"_links":{"self":[{"href":"https:\/\/akdenizolay.com.tr\/index.php\/wp-json\/wp\/v2\/posts\/14597","targetHints":{"allow":["GET"]}}],"collection":[{"href":"https:\/\/akdenizolay.com.tr\/index.php\/wp-json\/wp\/v2\/posts"}],"about":[{"href":"https:\/\/akdenizolay.com.tr\/index.php\/wp-json\/wp\/v2\/types\/post"}],"author":[{"embeddable":true,"href":"https:\/\/akdenizolay.com.tr\/index.php\/wp-json\/wp\/v2\/users\/1"}],"replies":[{"embeddable":true,"href":"https:\/\/akdenizolay.com.tr\/index.php\/wp-json\/wp\/v2\/comments?post=14597"}],"version-history":[{"count":1,"href":"https:\/\/akdenizolay.com.tr\/index.php\/wp-json\/wp\/v2\/posts\/14597\/revisions"}],"predecessor-version":[{"id":14599,"href":"https:\/\/akdenizolay.com.tr\/index.php\/wp-json\/wp\/v2\/posts\/14597\/revisions\/14599"}],"wp:featuredmedia":[{"embeddable":true,"href":"https:\/\/akdenizolay.com.tr\/index.php\/wp-json\/wp\/v2\/media\/14598"}],"wp:attachment":[{"href":"https:\/\/akdenizolay.com.tr\/index.php\/wp-json\/wp\/v2\/media?parent=14597"}],"wp:term":[{"taxonomy":"category","embeddable":true,"href":"https:\/\/akdenizolay.com.tr\/index.php\/wp-json\/wp\/v2\/categories?post=14597"},{"taxonomy":"post_tag","embeddable":true,"href":"https:\/\/akdenizolay.com.tr\/index.php\/wp-json\/wp\/v2\/tags?post=14597"}],"curies":[{"name":"wp","href":"https:\/\/api.w.org\/{rel}","templated":true}]}}